{"id":107895,"date":"2025-05-17T21:47:11","date_gmt":"2025-05-17T21:47:11","guid":{"rendered":"https:\/\/www.europesays.com\/fr\/107895\/"},"modified":"2025-05-17T21:47:11","modified_gmt":"2025-05-17T21:47:11","slug":"lukraine-annonce-la-perte-de-son-troisieme-f-16-americain-pourquoi-la-nouvelle-est-aussi-mediatique","status":"publish","type":"post","link":"https:\/\/www.europesays.com\/fr\/107895\/","title":{"rendered":"L&rsquo;Ukraine annonce la perte de son troisi\u00e8me F-16 am\u00e9ricain, pourquoi la nouvelle est aussi m\u00e9diatique"},"content":{"rendered":"<p class=\"articleHead-lead\">\n            L\u2019arm\u00e9e ukrainienne a signal\u00e9 la perte d\u2019un troisi\u00e8me F-16 fourni par les Etats-Unis. Le pilote a r\u00e9ussi \u00e0 s\u2019\u00e9jecter avant que l\u2019appareil ne s\u2019\u00e9crase.\n        <\/p>\n<p>            <img decoding=\"async\"  src=\"https:\/\/www.europesays.com\/fr\/wp-content\/uploads\/2025\/05\/1747518431_18_picture.jpg\"  class=\"apply-ratio\" alt=\"L'avion F-16 s'est \u00e9cras\u00e9, dans la nuit de jeudi \u00e0 vendredi.\"\/><\/p>\n<p>\n                                            \u00a9 PIXABAY<\/p>\n<p>                                             &#8211; L&rsquo;avion F-16 s&rsquo;est \u00e9cras\u00e9, dans la nuit de jeudi \u00e0 vendredi.\n                                    <\/p>\n<ul class=\"articleMainFollow-list\">\n<li class=\"articleMainFollow-item\">\n<p>                        Sauvegarder<\/p>\n<p>                        Sauvegard\u00e9<\/p>\n<\/li>\n<li class=\"articleMainFollow-item\">\n<\/li>\n<\/ul>\n<p>\n                    Recevoir les alertes Guerre en ukraine\n                <\/p>\n<p>Une sortie a\u00e9rienne qui <strong>a mal tourn\u00e9<\/strong>. Kiev a perdu <a href=\"https:\/\/www.capital.fr\/economie-politique\/guerre-en-ukraine-kiev-recoit-les-premiers-f-16-de-lotan-1500486\" rel=\"nofollow noopener\" target=\"_blank\">un avion am\u00e9ricain F-16<\/a> alors qu\u2019il \u00abeffectuait une mission de d\u00e9fense contre une attaque a\u00e9rienne ennemie\u00bb, rapporte <a href=\"https:\/\/www.leparisien.fr\/international\/perte-dun-avion-de-combat-f-16-par-lukraine-le-point-le-plus-critique-ce-sont-les-pilotes-pas-les-avions-16-05-2025-LLT6PA4Y2BD2VBCAQUKYPAM7G4.php?xtor=AD-366\" target=\"_blank\" rel=\"nofollow noopener\">Le Parisien<\/a>. L\u2019annonce de la destruction de l\u2019appareil a \u00e9t\u00e9 faite par l\u2019arm\u00e9e, dans la nuit de jeudi \u00e0 vendredi. Le pilote aurait r\u00e9ussi \u00e0 <strong>\u00abs\u2019\u00e9jecter de l\u2019appareil\u00bb<\/strong>, apr\u00e8s avoir \u00e9t\u00e9 confront\u00e9 \u00e0 une \u00absituation d\u2019urgence \u00e0 bord\u00bb. Il a \u00e9t\u00e9 secouru et se trouve<strong> en bonne sant\u00e9<\/strong>.<\/p>\n<p>Ce n\u2019est pas le premier appareil de ce type que l\u2019Ukraine perd au combat. Au total, <a href=\"https:\/\/www.capital.fr\/economie-politique\/avions-de-chasse-lukraine-entraine-ses-pilotes-sur-des-simulateurs-de-f-16-1482961\" rel=\"nofollow noopener\" target=\"_blank\">trois F-16<\/a> fournis par l\u2019arm\u00e9e am\u00e9ricaine <strong>ont \u00e9t\u00e9 mis hors service<\/strong>. Fin ao\u00fbt dernier, un appareil s\u2019\u00e9tait \u00e9cras\u00e9 en repoussant une attaque de missiles russes, et en tuant <a href=\"https:\/\/www.capital.fr\/votre-carriere\/comment-devenir-pilote-de-ligne-1492416\" rel=\"nofollow noopener\" target=\"_blank\">son pilote<\/a> <strong>form\u00e9 aux Etats-Unis<\/strong>. Est-ce un revers pour l\u2019arm\u00e9e ukrainienne ? Pour le sp\u00e9cialiste St\u00e9phane Audrand, interrog\u00e9 par le journal, la situation \u00ab<strong>n\u2019est pas critique<\/strong> au regard des stocks dont l\u2019Ukraine dispose encore\u00bb.<\/p>\n<p>        \u00c0 lire aussi :<br \/>\n        <a class=\"articleToRead-link\" href=\"https:\/\/www.capital.fr\/economie-politique\/rafale-caesar-nucleaire-emmanuel-macron-evoque-les-atouts-de-la-puissance-militaire-francaise-1513813\" data-wide=\"\" rel=\"nofollow noopener\" target=\"_blank\"><br \/>\n            Rafale, Caesar, nucl\u00e9aire\u2026 Emmanuel Macron \u00e9voque les atouts de la puissance militaire fran\u00e7aise<br \/>\n        <\/a><\/p>\n<p>La disparition inqui\u00e9tante d\u2019un Su-27<\/p>\n<p>L\u2019arm\u00e9e ukrainienne a d\u2019ailleurs \u00e9t\u00e9 r\u00e9cemment amput\u00e9e d\u2019un autre avion : <a href=\"https:\/\/www.capital.fr\/conso\/sukhoi-su-57-le-futur-avion-de-chasse-de-larmee-russe-1347141\" rel=\"nofollow noopener\" target=\"_blank\">le Su-27<\/a> qui <strong>s\u2019est \u00e9cras\u00e9 au-dessus de Tcherkassy<\/strong>, dans le centre-est du pays, dans la matin\u00e9e du 28\u00a0avril 2025. Il devait fournir un appui a\u00e9rien aux troupes et repousser une attaque a\u00e9rienne men\u00e9e par des drones d\u2019assaut ennemis. Les causes de l\u2019incident font l\u2019objet <strong>d\u2019une enqu\u00eate<\/strong> par une commission sp\u00e9cialement cr\u00e9\u00e9e \u00e0 cet effet.<\/p>\n<p>        Recevez nos derni\u00e8res news<\/p>\n<p>        Tous les jours, la s\u00e9lection des <b>principales infos<\/b> de la journ\u00e9e.<\/p>\n","protected":false},"excerpt":{"rendered":"L\u2019arm\u00e9e ukrainienne a signal\u00e9 la perte d\u2019un troisi\u00e8me F-16 fourni par les Etats-Unis. Le pilote a r\u00e9ussi \u00e0&hellip;\n","protected":false},"author":2,"featured_media":107896,"comment_status":"","ping_status":"","sticky":false,"template":"","format":"standard","meta":{"footnotes":""},"categories":[1590],"tags":[11,9930,7182,37,4098,1777,674,131,12,220],"class_list":{"0":"post-107895","1":"post","2":"type-post","3":"status-publish","4":"format-standard","5":"has-post-thumbnail","7":"category-ukraine","8":"tag-actualites","9":"tag-armu00e9e","10":"tag-aviation","11":"tag-avion","12":"tag-crash","13":"tag-eu","14":"tag-europe","15":"tag-guerre-en-ukraine","16":"tag-news","17":"tag-ukraine"},"share_on_mastodon":{"url":"","error":""},"_links":{"self":[{"href":"https:\/\/www.europesays.com\/fr\/wp-json\/wp\/v2\/posts\/107895","targetHints":{"allow":["GET"]}}],"collection":[{"href":"https:\/\/www.europesays.com\/fr\/wp-json\/wp\/v2\/posts"}],"about":[{"href":"https:\/\/www.europesays.com\/fr\/wp-json\/wp\/v2\/types\/post"}],"author":[{"embeddable":true,"href":"https:\/\/www.europesays.com\/fr\/wp-json\/wp\/v2\/users\/2"}],"replies":[{"embeddable":true,"href":"https:\/\/www.europesays.com\/fr\/wp-json\/wp\/v2\/comments?post=107895"}],"version-history":[{"count":0,"href":"https:\/\/www.europesays.com\/fr\/wp-json\/wp\/v2\/posts\/107895\/revisions"}],"wp:featuredmedia":[{"embeddable":true,"href":"https:\/\/www.europesays.com\/fr\/wp-json\/wp\/v2\/media\/107896"}],"wp:attachment":[{"href":"https:\/\/www.europesays.com\/fr\/wp-json\/wp\/v2\/media?parent=107895"}],"wp:term":[{"taxonomy":"category","embeddable":true,"href":"https:\/\/www.europesays.com\/fr\/wp-json\/wp\/v2\/categories?post=107895"},{"taxonomy":"post_tag","embeddable":true,"href":"https:\/\/www.europesays.com\/fr\/wp-json\/wp\/v2\/tags?post=107895"}],"curies":[{"name":"wp","href":"https:\/\/api.w.org\/{rel}","templated":true}]}}