{"id":107897,"date":"2025-05-17T21:48:09","date_gmt":"2025-05-17T21:48:09","guid":{"rendered":"https:\/\/www.europesays.com\/fr\/107897\/"},"modified":"2025-05-17T21:48:09","modified_gmt":"2025-05-17T21:48:09","slug":"une-bombe-explose-devant-une-clinique-specialisee-dans-la-pma-en-californie-un-mort","status":"publish","type":"post","link":"https:\/\/www.europesays.com\/fr\/107897\/","title":{"rendered":"une bombe explose devant une clinique sp\u00e9cialis\u00e9e dans la PMA en Californie, un mort"},"content":{"rendered":"<p>\u00abLe FBI est sur place et va enqu\u00eater pour d\u00e9terminer s\u2019il s\u2019agit d\u2019un acte intentionnel,\u00bb a \u00e9crit sur X Bill Essayli, procureur f\u00e9d\u00e9ral pour cette zone \u00e0 l\u2019est de Los Angeles.<\/p>\n<p class=\"fig-paragraph\">Une bombe a expos\u00e9 ce samedi 17 mai devant une clinique sp\u00e9cialis\u00e9e dans la procr\u00e9ation m\u00e9dicalement assist\u00e9e (PMA) dans la\u00a0<a href=\"http:\/\/www.lefigaro.fr\/conjoncture\/il-faut-etre-realiste-le-gouverneur-de-californie-fait-volte-face-sur-la-couverture-sante-des-sans-papiers-20250515\" target=\"_blank\" data-fig-type=\"NewsFlash\" rel=\"noopener\" data-gtm-custom-categorie=\"navigation\" data-gtm-custom-action=\"crossclick\" data-gtm-custom-label=\"Contextuel\" data-gtm-event=\"customEventSPE\" data-fig-domain=\"LEFIGARO\">ville californienne<\/a>\u00a0de Palm Springs, a annonc\u00e9 le maire \u00e0 plusieurs m\u00e9dias am\u00e9ricains, ajoutant qu&rsquo;une personne \u00e9tait d\u00e9c\u00e9d\u00e9e. L\u2019explosion s\u2019est produite vers 11 heures heure locale (20 heures en France).<\/p>\n<p class=\"fig-paragraph\">Le maire de la ville, Ron DeHarte, a notamment \u00e9crit au Los Angeles Times pour dire qu&rsquo;il s&rsquo;agissait \u00abd&rsquo;une bombe dans ou pr\u00e8s du parking du b\u00e2timent. Un mort\u00bb. \u00abDes photos de la sc\u00e8ne ont montr\u00e9 d\u2019importants d\u00e9g\u00e2ts \u00e0 l\u2019American Reproductive Centers, une clinique de fertilit\u00e9 et un laboratoire de f\u00e9condation in vitro situ\u00e9s en face du Desert Regional Medical Center\u00bb,\u00a0<a href=\"https:\/\/www.latimes.com\/california\/story\/2025-05-17\/palm-springs-explosion\" target=\"_blank\" rel=\"noopener\" data-gtm-custom-categorie=\"navigation\" data-gtm-custom-action=\"crossclick\" data-gtm-custom-label=\"Contextuel\" data-gtm-event=\"customEventSPE\">rapporte le Los Angeles Times<\/a> .<\/p>\n<p>Le FBI sur place<\/p>\n<p class=\"fig-paragraph\">\u00abLe FBI est sur place et va enqu\u00eater pour d\u00e9terminer s&rsquo;il s&rsquo;agit d&rsquo;un acte intentionnel,\u00bb a \u00e9crit sur X Bill Essayli, procureur f\u00e9d\u00e9ral pour cette zone \u00e0 l&rsquo;est de Los Angeles.<\/p>\n<p class=\"fig-paragraph\">De son c\u00f4t\u00e9, le\u00a0<a href=\"http:\/\/www.lefigaro.fr\/international\/chantre-du-progressisme-et-enflure-pour-donald-trump-gavin-newsom-le-gouverneur-de-californie-sous-le-feu-des-critiques-20250115\" target=\"_blank\" data-fig-type=\"Article\" rel=\"noopener\" data-gtm-custom-categorie=\"navigation\" data-gtm-custom-action=\"crossclick\" data-gtm-custom-label=\"Contextuel\" data-gtm-event=\"customEventSPE\" data-fig-domain=\"LEFIGARO\">gouverneur d\u00e9mocrate de Californie Gavin Newsom<\/a>\u00a0a pr\u00e9cis\u00e9 que \u00abl\u2019\u00c9tat travaille en \u00e9troite collaboration avec les autorit\u00e9s locales et f\u00e9d\u00e9rales pendant l\u2019enqu\u00eate\u00bb.<\/p>\n","protected":false},"excerpt":{"rendered":"\u00abLe FBI est sur place et va enqu\u00eater pour d\u00e9terminer s\u2019il s\u2019agit d\u2019un acte intentionnel,\u00bb a \u00e9crit sur&hellip;\n","protected":false},"author":2,"featured_media":107898,"comment_status":"","ping_status":"","sticky":false,"template":"","format":"standard","meta":{"footnotes":""},"categories":[1589],"tags":[259,11,260,2139,73,1866,14,261,12,262,1864,1865,1863,308],"class_list":{"0":"post-107897","1":"post","2":"type-post","3":"status-publish","4":"format-standard","5":"has-post-thumbnail","7":"category-etats-unis","8":"tag-actualite-internationale","9":"tag-actualites","10":"tag-affaires-etrangeres","11":"tag-californie","12":"tag-etats-unis","13":"tag-etats-unis-damerique","14":"tag-international","15":"tag-ministere-des-affaires-etrangeres","16":"tag-news","17":"tag-politique-etrangere","18":"tag-united-states","19":"tag-united-states-of-america","20":"tag-us","21":"tag-usa"},"share_on_mastodon":{"url":"https:\/\/pubeurope.com\/@fr\/114525379391653111","error":""},"_links":{"self":[{"href":"https:\/\/www.europesays.com\/fr\/wp-json\/wp\/v2\/posts\/107897","targetHints":{"allow":["GET"]}}],"collection":[{"href":"https:\/\/www.europesays.com\/fr\/wp-json\/wp\/v2\/posts"}],"about":[{"href":"https:\/\/www.europesays.com\/fr\/wp-json\/wp\/v2\/types\/post"}],"author":[{"embeddable":true,"href":"https:\/\/www.europesays.com\/fr\/wp-json\/wp\/v2\/users\/2"}],"replies":[{"embeddable":true,"href":"https:\/\/www.europesays.com\/fr\/wp-json\/wp\/v2\/comments?post=107897"}],"version-history":[{"count":0,"href":"https:\/\/www.europesays.com\/fr\/wp-json\/wp\/v2\/posts\/107897\/revisions"}],"wp:featuredmedia":[{"embeddable":true,"href":"https:\/\/www.europesays.com\/fr\/wp-json\/wp\/v2\/media\/107898"}],"wp:attachment":[{"href":"https:\/\/www.europesays.com\/fr\/wp-json\/wp\/v2\/media?parent=107897"}],"wp:term":[{"taxonomy":"category","embeddable":true,"href":"https:\/\/www.europesays.com\/fr\/wp-json\/wp\/v2\/categories?post=107897"},{"taxonomy":"post_tag","embeddable":true,"href":"https:\/\/www.europesays.com\/fr\/wp-json\/wp\/v2\/tags?post=107897"}],"curies":[{"name":"wp","href":"https:\/\/api.w.org\/{rel}","templated":true}]}}