{"id":107899,"date":"2025-05-17T21:49:15","date_gmt":"2025-05-17T21:49:15","guid":{"rendered":"https:\/\/www.europesays.com\/fr\/107899\/"},"modified":"2025-05-17T21:49:15","modified_gmt":"2025-05-17T21:49:15","slug":"un-homme-innocente-apres-avoir-passe-38-ans-en-prison-pour-meurtre","status":"publish","type":"post","link":"https:\/\/www.europesays.com\/fr\/107899\/","title":{"rendered":"un homme innocent\u00e9 apr\u00e8s avoir pass\u00e9 38 ans en prison pour meurtre"},"content":{"rendered":"<p class=\"article-p mdl\">Peter Sullivan a \u00e9t\u00e9 innocent\u00e9 par la justice britannique, ce mardi 13 mai, apr\u00e8s avoir pass\u00e9 38 ans derri\u00e8re les barreaux. Il devient ainsi la victime d\u2019une erreur judiciaire ayant purg\u00e9 la plus longue peine jamais enregistr\u00e9e dans l\u2019histoire du Royaume-Uni.<\/p>\n<p class=\"article-p mdl\">En ao\u00fbt 1986, alors \u00e2g\u00e9 de 30 ans, Sullivan avait \u00e9t\u00e9 accus\u00e9 <strong>du meurtre de Diane Sindall<\/strong>, une barmaid de 21 ans. La jeune femme avait \u00e9t\u00e9 agress\u00e9e sexuellement puis assassin\u00e9e alors qu\u2019elle rentrait chez elle apr\u00e8s son service, \u00e0 Birkenhead, au nord-ouest de l\u2019Angleterre, rapporte la\u00a0<a class=\"link\" href=\"https:\/\/www.bbc.com\/news\/articles\/ce809e3gd1xo\" target=\"_blank\" rel=\"noopener\">BBC<\/a>. Sullivan avait \u00e9t\u00e9 arr\u00eat\u00e9 et condamn\u00e9 en novembre 1987, bien qu&rsquo;il ait toujours ni\u00e9 les faits.<\/p>\n<p class=\"article-p mdl\">L\u2019ann\u00e9e derni\u00e8re, son affaire a \u00e9t\u00e9 renvoy\u00e9e devant la Cour d\u2019appel, sur la base de\u00a0<a class=\"link\" href=\"https:\/\/www.rtl.fr\/actu\/justice-faits-divers\/comment-dresse-t-on-un-portrait-robot-genetique-grace-a-l-adn-7900287365\" title=\"Comment dresse-t-on un portrait-robot g\u00e9n\u00e9tique gr\u00e2ce \u00e0 l&#039;ADN ?\" target=\"_blank\" rel=\"noopener\">preuves ADN<\/a>, qui n\u2019\u00e9taient pas disponibles au moment de l\u2019enqu\u00eate initiale. De nouveaux tests effectu\u00e9s sur des \u00e9chantillons pr\u00e9lev\u00e9s sur la sc\u00e8ne du crime ont r\u00e9v\u00e9l\u00e9 le <strong>profil g\u00e9n\u00e9tique d\u2019un agresseur inconnu<\/strong>, permettant de disculper Peter Sullivan et d\u2019annuler sa condamnation.\u00a0<\/p>\n<p class=\"article-p mdl\">Dans la foul\u00e9e, la police de Merseyside a officiellement\u00a0<a class=\"link\" href=\"https:\/\/www.rtl.fr\/actu\/justice-faits-divers\/en-quete-d-indices-qu-est-ce-que-ce-nouveau-dispositif-d-appel-a-temoins-mis-en-place-par-le-pole-cold-cases-7900369270\" title=\"&quot;En qu\u00eate d&#039;indices&quot; : qu&#039;est-ce que ce nouveau dispositif d&#039;appel \u00e0 t\u00e9moins mis en place par le p\u00f4le cold cases ?\" target=\"_blank\" rel=\"noopener\">rouvert l\u2019enqu\u00eate<\/a>\u00a0: \u00ab\u00a0Les policiers feront tout pour identifier la personne dont l\u2019ADN a \u00e9t\u00e9 retrouv\u00e9 sur les lieux du crime\u00a0\u00bb, a d\u00e9clar\u00e9 l&rsquo;enqu\u00eatrice en chef Karen Jaundrill.\u00a0<\/p>\n<p>            \u00ab\u00a0Ce qui m&rsquo;est arriv\u00e9 est profond\u00e9ment injuste\u00a0\u00bb<\/p>\n<p class=\"article-p mdl\">Peter Sullivan a assist\u00e9 \u00e0 l\u2019audience en visioconf\u00e9rence depuis sa prison. Lors de l\u2019annonce de l\u2019annulation de sa condamnation, il a baiss\u00e9 la t\u00eate, les bras crois\u00e9s, avant de fondre en larmes, la main port\u00e9e \u00e0 sa bouche.<\/p>\n<p class=\"article-p mdl\">Par la voix de son avocate, il a fait savoir qu\u2019il n\u2019\u00e9tait\u00a0 \u00ab\u00a0<strong>ni en col\u00e8re, ni amer<\/strong>\u00ab\u00a0. \u00ab\u00a0Ce qui m\u2019est arriv\u00e9 \u00e9tait profond\u00e9ment injuste, mais cela ne diminue en rien l\u2019atrocit\u00e9 de ce qui est arriv\u00e9 \u00e0 Diane Sindall\u00a0\u00bb, a-t-elle ajout\u00e9 en son nom.<\/p>\n<p>    La r\u00e9daction vous recommande<\/p>\n<p class=\"s-newsletter__title\">\n                L\u2019actualit\u00e9 par la r\u00e9daction de RTL dans votre bo\u00eete mail.\n            <\/p>\n<p class=\"s-newsletter__subtitle\">\n                Gr\u00e2ce \u00e0 votre compte RTL abonnez-vous \u00e0 la newsletter RTL info pour suivre toute l&rsquo;actualit\u00e9 au quotidien\n            <\/p>\n<p>\n                                    Lire la suite\n                                <\/p>\n","protected":false},"excerpt":{"rendered":"Peter Sullivan a \u00e9t\u00e9 innocent\u00e9 par la justice britannique, ce mardi 13 mai, apr\u00e8s avoir pass\u00e9 38 ans&hellip;\n","protected":false},"author":2,"featured_media":107900,"comment_status":"","ping_status":"","sticky":false,"template":"","format":"standard","meta":{"footnotes":""},"categories":[1588],"tags":[11,21057,1777,674,107,303,12,4293,899,473,1853,1851,1850,1852],"class_list":{"0":"post-107899","1":"post","2":"type-post","3":"status-publish","4":"format-standard","5":"has-post-thumbnail","7":"category-royaume-uni","8":"tag-actualites","9":"tag-erreur-judiciaire","10":"tag-eu","11":"tag-europe","12":"tag-fil-info","13":"tag-justice","14":"tag-news","15":"tag-prisonnier","16":"tag-prisons","17":"tag-royaume-uni","18":"tag-royaume-uni-de-grande-bretagne-et-dirlande-du-nord","19":"tag-uk","20":"tag-united-kingdom","21":"tag-united-kingdom-of-great-britain-and-northern-ireland"},"share_on_mastodon":{"url":"https:\/\/pubeurope.com\/@fr\/114525383360279665","error":""},"_links":{"self":[{"href":"https:\/\/www.europesays.com\/fr\/wp-json\/wp\/v2\/posts\/107899","targetHints":{"allow":["GET"]}}],"collection":[{"href":"https:\/\/www.europesays.com\/fr\/wp-json\/wp\/v2\/posts"}],"about":[{"href":"https:\/\/www.europesays.com\/fr\/wp-json\/wp\/v2\/types\/post"}],"author":[{"embeddable":true,"href":"https:\/\/www.europesays.com\/fr\/wp-json\/wp\/v2\/users\/2"}],"replies":[{"embeddable":true,"href":"https:\/\/www.europesays.com\/fr\/wp-json\/wp\/v2\/comments?post=107899"}],"version-history":[{"count":0,"href":"https:\/\/www.europesays.com\/fr\/wp-json\/wp\/v2\/posts\/107899\/revisions"}],"wp:featuredmedia":[{"embeddable":true,"href":"https:\/\/www.europesays.com\/fr\/wp-json\/wp\/v2\/media\/107900"}],"wp:attachment":[{"href":"https:\/\/www.europesays.com\/fr\/wp-json\/wp\/v2\/media?parent=107899"}],"wp:term":[{"taxonomy":"category","embeddable":true,"href":"https:\/\/www.europesays.com\/fr\/wp-json\/wp\/v2\/categories?post=107899"},{"taxonomy":"post_tag","embeddable":true,"href":"https:\/\/www.europesays.com\/fr\/wp-json\/wp\/v2\/tags?post=107899"}],"curies":[{"name":"wp","href":"https:\/\/api.w.org\/{rel}","templated":true}]}}