{"id":107921,"date":"2025-05-17T22:02:09","date_gmt":"2025-05-17T22:02:09","guid":{"rendered":"https:\/\/www.europesays.com\/fr\/107921\/"},"modified":"2025-05-17T22:02:09","modified_gmt":"2025-05-17T22:02:09","slug":"kvara-voit-double-le-parc-en-feu-paris-fete-son-sacre-avec-la-maniere","status":"publish","type":"post","link":"https:\/\/www.europesays.com\/fr\/107921\/","title":{"rendered":"\u00abKvara\u00bb voit double, le Parc en feu\u2026 Paris f\u00eate son sacre avec la mani\u00e8re"},"content":{"rendered":"<p><strong>REPORTAGE \u2013 <\/strong>Avant les finales contre Reims et l\u2019Inter, le PSG a dignement f\u00eat\u00e9 son 13e titre de champion de France, samedi, au Parc des Princes.<\/p>\n<p class=\"fig-paragraph\">\u00abC\u2019est le moment de c\u00e9l\u00e9brer un titre de champion de France avec nos supporters\u00bb, l\u00e2chait Luis Enrique \u00e0 la veille de PSG-Auxerre, ce samedi, au Parc des Princes, pour le compte de\u00a0<a href=\"https:\/\/www.lefigaro.fr\/sports\/football\/ligue-1\/calendrier-resultats\" target=\"_blank\" rel=\"noopener\" data-gtm-custom-categorie=\"navigation\" data-gtm-custom-action=\"crossclick\" data-gtm-custom-label=\"Contextuel\" data-gtm-event=\"customEventSPE\">la 34e et derni\u00e8re journ\u00e9e de Ligue 1<\/a>. Et ce en confessant son \u00aberreur grave\u00bb de la saison \u00e9coul\u00e9e, quand le coach espagnol n\u2019avait pas pleinement f\u00eat\u00e9 le titre de champion de France. La d\u00e9ception apr\u00e8s Dortmund en C1 \u00e9tait trop forte\u2026 Cette fois, il envisageait avec d\u00e9lectation de le faire. \u00abSi le r\u00e9sultat est l\u00e0, tant mieux, sinon parfait aussi\u00bb, martelait-il en conf\u00e9rence de presse de veille de match. Le r\u00e9sultat \u00e9tait bien l\u00e0 (victoire 3-1), la f\u00eate aussi. Soir\u00e9e parfaite avant les choses s\u00e9rieuses, la finale de Coupe de France contre Reims le 24 mai et celle de la Ligue des champions, le 31, \u00e0 Munich, contre l\u2019Inter Milan.<\/p>\n<p class=\"fig-paragraph\">Soleil couchant, temp\u00e9rature agr\u00e9able, le Parc plein et les artistes de sortie pour cette derni\u00e8re \u00e0 domicile cette saison. Luis Enrique avait mis\u00e9 sur la \u00abfra\u00eecheur mentale\u00bb en laissant\u2026<\/p>\n<p class=\"fig-premium-paywall__infos\">\n        Cet article est r\u00e9serv\u00e9 aux abonn\u00e9s.        Il vous reste 79% \u00e0 d\u00e9couvrir.\n    <\/p>\n<p>                <img  data- alt=\"Le Figaro\" class=\"fig-img--complete fig-img\"\/><\/p>\n<p class=\"fig-premium-paywall__title\">Vente Flash<\/p>\n<p class=\"fig-premium-paywall__subtitle\">4,99\u20ac par mois pendant 12 mois. Sans engagement.<\/p>\n<p class=\"fig-premium-paywall__connect\">\n                D\u00e9j\u00e0 abonn\u00e9\u00a0?                <a class=\"fig-premium-paywall__connect-link\" href=\"https:\/\/connect.lefigaro.fr\/login?client=horizon_web&amp;type=main&amp;redirect_uri=https%3A%2F%2Fwww.lefigaro.fr%2Fsports%2Ffootball%2Fligue-1%2Fpsg-auxerre-kvara-voit-double-le-parc-en-feu-paris-fete-son-sacre-avec-la-maniere-20250517\" data-js-gtm=\"{&quot;customCategorie&quot;: &quot;conversion&quot;, &quot;customAction&quot;: &quot;before_Landing_Connexion_paywall_auto&quot;, &quot;customLabel&quot;: &quot;bGVmaWdhcm8uZnJfXzFmMDMzNjEyLTAyMjYtNjhjNC1iY2Y4LTkzZjNkYWY5ZjdiM19fTmV3c0ZsYXNo_PSG-Auxerre\u00a0: \u00abKvara\u00bb voit double, le Parc en feu\u2026 Paris f\u00eate son sacre avec la mani\u00e8re_184&quot;, &quot;customIDSPE&quot;: &quot;bGVmaWdhcm8uZnJfXzFmMDMzNjEyLTAyMjYtNjhjNC1iY2Y4LTkzZjNkYWY5ZjdiM19fTmV3c0ZsYXNo&quot;, &quot;event&quot;: &quot;customEventSPE&quot;}\" target=\"_blank\" rel=\"noopener\"><br \/>\n                    Connectez-vous<br \/>\n                <\/a>\n            <\/p>\n","protected":false},"excerpt":{"rendered":"REPORTAGE \u2013 Avant les finales contre Reims et l\u2019Inter, le PSG a dignement f\u00eat\u00e9 son 13e titre de&hellip;\n","protected":false},"author":2,"featured_media":107922,"comment_status":"","ping_status":"","sticky":false,"template":"","format":"standard","meta":{"footnotes":""},"categories":[1412],"tags":[525,1981,814,1451,2257,63,1452,1453,1454,1455,1011,27,13297,3309,66,1307,955,1176,978,2782,93,1980,60],"class_list":{"0":"post-107921","1":"post","2":"type-post","3":"status-publish","4":"format-standard","5":"has-post-thumbnail","7":"category-f1","8":"tag-calendrier","9":"tag-classement","10":"tag-direct","11":"tag-f1","12":"tag-foot","13":"tag-football","14":"tag-formula-1","15":"tag-formula1","16":"tag-formule-1","17":"tag-formule1","18":"tag-fr","19":"tag-france","20":"tag-khvicha-kvaratskhelia","21":"tag-l1","22":"tag-ligue-1","23":"tag-lille","24":"tag-match","25":"tag-olympique-de-marseille","26":"tag-olympique-lyonnais","27":"tag-ousmane-dembele","28":"tag-psg","29":"tag-resultats","30":"tag-sports"},"share_on_mastodon":{"url":"https:\/\/pubeurope.com\/@fr\/114525434246410756","error":""},"_links":{"self":[{"href":"https:\/\/www.europesays.com\/fr\/wp-json\/wp\/v2\/posts\/107921","targetHints":{"allow":["GET"]}}],"collection":[{"href":"https:\/\/www.europesays.com\/fr\/wp-json\/wp\/v2\/posts"}],"about":[{"href":"https:\/\/www.europesays.com\/fr\/wp-json\/wp\/v2\/types\/post"}],"author":[{"embeddable":true,"href":"https:\/\/www.europesays.com\/fr\/wp-json\/wp\/v2\/users\/2"}],"replies":[{"embeddable":true,"href":"https:\/\/www.europesays.com\/fr\/wp-json\/wp\/v2\/comments?post=107921"}],"version-history":[{"count":0,"href":"https:\/\/www.europesays.com\/fr\/wp-json\/wp\/v2\/posts\/107921\/revisions"}],"wp:featuredmedia":[{"embeddable":true,"href":"https:\/\/www.europesays.com\/fr\/wp-json\/wp\/v2\/media\/107922"}],"wp:attachment":[{"href":"https:\/\/www.europesays.com\/fr\/wp-json\/wp\/v2\/media?parent=107921"}],"wp:term":[{"taxonomy":"category","embeddable":true,"href":"https:\/\/www.europesays.com\/fr\/wp-json\/wp\/v2\/categories?post=107921"},{"taxonomy":"post_tag","embeddable":true,"href":"https:\/\/www.europesays.com\/fr\/wp-json\/wp\/v2\/tags?post=107921"}],"curies":[{"name":"wp","href":"https:\/\/api.w.org\/{rel}","templated":true}]}}