{"id":107923,"date":"2025-05-17T22:03:08","date_gmt":"2025-05-17T22:03:08","guid":{"rendered":"https:\/\/www.europesays.com\/fr\/107923\/"},"modified":"2025-05-17T22:03:08","modified_gmt":"2025-05-17T22:03:08","slug":"giro-tour-ditalie-romain-bardet-les-feux-ont-commence-a-seteindre-et","status":"publish","type":"post","link":"https:\/\/www.europesays.com\/fr\/107923\/","title":{"rendered":"Giro. Tour d&rsquo;Italie &#8211; Romain Bardet : \u00abLes feux ont commenc\u00e9 \u00e0 s&rsquo;\u00e9teindre et&#8230;\u00bb"},"content":{"rendered":"<p>Vingt-quatre heures apr\u00e8s sa chute vendredi, <strong><a href=\"https:\/\/www.cyclismactu.net\/..\/news-tour-d-italie-route-romain-bardet-il-y-a-une-tension-pourrie-dans-peloton-87895.html\" target=\"_blank\" rel=\"nofollow noopener\">Romain Bardet<\/a><\/strong> (Team Picnic PostNL) s\u2019est lanc\u00e9 dans une longue \u00e9chapp\u00e9e ce samedi. Actif d\u00e8s le d\u00e9but de la <strong>8\u1d49 \u00e9tape du Tour d\u2019Italie<\/strong>, le Fran\u00e7ais semblait \u00eatre l\u2019un des plus forts du groupe de t\u00eate. Cependant, \u00e0 60 kilom\u00e8tres, \u00ab\u00a0les feux ont commenc\u00e9 \u00e0 s\u2019\u00e9teindre\u00a0\u00bb.\u00a0<strong>Bardet<\/strong> n\u2019a pas pu suivre <strong>Luke Plapp<\/strong> et <strong>Igor Arrieta<\/strong>. Il termine finalement 9\u1d49, \u00e0 3&rsquo;02\u00a0\u00bb de <strong>Plapp<\/strong>.<\/p>\n<p>Vid\u00e9o &#8211; Revivez la 8e \u00e9tape du Tour d&rsquo;Italie 2025 Lire la suite de l&rsquo;article&#13;<\/p>\n<p>\u00a0<\/p>\n<p>&#13;<br \/>\n\u00ab\u00a0Je ressens une g\u00eane, mais&#8230;\u00a0\u00bb&#13;<\/p>\n<p>\u00ab\u00a0C&rsquo;est vrai que je peux rouler \u00e0 peu pr\u00e8s normalement. Je ressens une g\u00eane, mais ce n&rsquo;est pas trop p\u00e9nalisant. C&rsquo;est difficile \u00e0 g\u00e9rer aujourd&rsquo;hui.\u00a0C&rsquo;\u00e9tait une des \u00e9tapes les plus dures que j&rsquo;ai faites en Grand Tour. Et \u00e0 60 km de l&rsquo;arriv\u00e9e, j&rsquo;ai les feux qui ont commenc\u00e9 \u00e0 s&rsquo;\u00e9teindre. C&rsquo;est dommage parce que je pensais que \u00e7a pouvait me sourire.\u00a0C&rsquo;\u00e9tait quand m\u00eame un gros groupe, donc j&rsquo;ai essay\u00e9 de m&rsquo;isoler rapidement \u00e0 l&rsquo;avant. Au bout d&rsquo;un moment, \u00e7a m&rsquo;a beaucoup l\u00e2ch\u00e9 physiquement. Quand la victoire d&rsquo;\u00e9tape s&rsquo;\u00e9chappe, c&rsquo;est difficile\u00a0\u00bb, explique <strong>Bardet.<\/strong><\/p>\n<p>&#13;<\/p>\n<p>\u00ab\u00a0J&rsquo;en ai beaucoup fait. Pour revenir devant, \u00e7a m&rsquo;a beaucoup co\u00fbt\u00e9 aussi. J&rsquo;\u00e9tais hyper actif \u00e0 partir du 25\u00e8me kilom\u00e8tre.\u00a0Mais bon, c&rsquo;est le jeu. Ce n&rsquo;est jamais facile de prendre une \u00e9chapp\u00e9e sur un Grand Tour. Apr\u00e8s, je voulais essayer d&rsquo;avoir le groupe le moins cons\u00e9quent possible pour ne pas avoir trop de coureurs en sup\u00e9riorit\u00e9 num\u00e9rique.\u00a0Je n&rsquo;avais pas les jambes pour faire mieux aujourd&rsquo;hui\u00a0\u00bb, a-t-il conclu.<\/p>\n<p>Tour d&rsquo;Italie &#8211; Classement de la 8\u00e8 \u00e9tape <\/p>\n","protected":false},"excerpt":{"rendered":"Vingt-quatre heures apr\u00e8s sa chute vendredi, Romain Bardet (Team Picnic PostNL) s\u2019est lanc\u00e9 dans une longue \u00e9chapp\u00e9e ce&hellip;\n","protected":false},"author":2,"featured_media":107924,"comment_status":"","ping_status":"","sticky":false,"template":"","format":"standard","meta":{"footnotes":""},"categories":[1411],"tags":[1154,207,1011,27,209,60,3318,208],"class_list":{"0":"post-107923","1":"post","2":"type-post","3":"status-publish","4":"format-standard","5":"has-post-thumbnail","7":"category-cyclisme","8":"tag-cycling","9":"tag-cyclisme","10":"tag-fr","11":"tag-france","12":"tag-route","13":"tag-sports","14":"tag-tour-d","15":"tag-velo"},"share_on_mastodon":{"url":"https:\/\/pubeurope.com\/@fr\/114525438241271983","error":""},"_links":{"self":[{"href":"https:\/\/www.europesays.com\/fr\/wp-json\/wp\/v2\/posts\/107923","targetHints":{"allow":["GET"]}}],"collection":[{"href":"https:\/\/www.europesays.com\/fr\/wp-json\/wp\/v2\/posts"}],"about":[{"href":"https:\/\/www.europesays.com\/fr\/wp-json\/wp\/v2\/types\/post"}],"author":[{"embeddable":true,"href":"https:\/\/www.europesays.com\/fr\/wp-json\/wp\/v2\/users\/2"}],"replies":[{"embeddable":true,"href":"https:\/\/www.europesays.com\/fr\/wp-json\/wp\/v2\/comments?post=107923"}],"version-history":[{"count":0,"href":"https:\/\/www.europesays.com\/fr\/wp-json\/wp\/v2\/posts\/107923\/revisions"}],"wp:featuredmedia":[{"embeddable":true,"href":"https:\/\/www.europesays.com\/fr\/wp-json\/wp\/v2\/media\/107924"}],"wp:attachment":[{"href":"https:\/\/www.europesays.com\/fr\/wp-json\/wp\/v2\/media?parent=107923"}],"wp:term":[{"taxonomy":"category","embeddable":true,"href":"https:\/\/www.europesays.com\/fr\/wp-json\/wp\/v2\/categories?post=107923"},{"taxonomy":"post_tag","embeddable":true,"href":"https:\/\/www.europesays.com\/fr\/wp-json\/wp\/v2\/tags?post=107923"}],"curies":[{"name":"wp","href":"https:\/\/api.w.org\/{rel}","templated":true}]}}