{"id":107925,"date":"2025-05-17T22:04:09","date_gmt":"2025-05-17T22:04:09","guid":{"rendered":"https:\/\/www.europesays.com\/fr\/107925\/"},"modified":"2025-05-17T22:04:09","modified_gmt":"2025-05-17T22:04:09","slug":"om-combien-rapporte-a-lom-sa-2e-place-finale-en-ligue-1","status":"publish","type":"post","link":"https:\/\/www.europesays.com\/fr\/107925\/","title":{"rendered":"OM. Combien rapporte \u00e0 l&rsquo;OM sa 2e place finale en Ligue 1 ?"},"content":{"rendered":"<p><img fetchpriority=\"high\" decoding=\"async\" width=\"620\" height=\"413\" src=\"https:\/\/www.europesays.com\/fr\/wp-content\/uploads\/2025\/05\/OM-Olympique-de-Marseille-illustration-620x413.jpg\" alt=\"OM : Combien rapporte \u00e0 l'OM sa 2e place finale en Ligue 1 ?\" class=\"wp-image-341200\"  \/>L\u2019OM a termin\u00e9 deuxi\u00e8me de la saison 2024-2025 de Ligue 1.<\/p>\n<p>La saison 2024-2025 est d\u00e9sormais termin\u00e9e, l\u2019<a href=\"https:\/\/sportune.20minutes.fr\/olympique-de-marseille-om\" target=\"_blank\" rel=\"noopener\">Olympique de Marseille<\/a> a rempli son objectif du d\u00e9part en obtenant l\u2019une des trois places directement qualificative pour la prochaine Ligue des champions. C\u2019en \u00e9tait devenu prioritaire au regard de l\u2019investissement consenti par le board pour renforcer l\u2019effectif car les b\u00e9n\u00e9fices de la <a href=\"https:\/\/sportune.20minutes.fr\/ligue-1-l1\" target=\"_blank\" rel=\"noopener\">Ligue 1<\/a> demeurent bien secondaires \u00e0 c\u00f4t\u00e9 de ce que rapporte une C1.<\/p>\n<p>La preuve par les chiffres r\u00e9cemment partag\u00e9s par le journal <a href=\"https:\/\/www.lequipe.fr\/Football\/Actualites\/Pres-de-dix-fois-plus-pour-le-psg-que-pour-montpellier-combien-touchera-chaque-club-de-ligue-1-selon-son-classement\/1561763\" target=\"_blank\" rel=\"noopener\">L\u2019Equipe<\/a>. Finir deuxi\u00e8me vaut pour l\u2019<a href=\"https:\/\/sportune.20minutes.fr\/olympique-de-marseille-om\" target=\"_blank\" rel=\"noopener\">Olympique de Marseille<\/a> une prime de 4 817 008 euros. Laquelle est bien s\u00fbr \u00e0 compl\u00e9ter des autres postes de la grille de r\u00e9partition pr\u00e9vue dans le dispositif de la Ligue nationale de football (LFP), comme les droits TV ou le bonus au classement sur cinq saisons r\u00e9volues.<\/p>\n<p>Rien de comparable \u00e0 la qualification en Ligue des champions<\/p>\n<p>Au sujet des droits TV, la part pour chaque club demeure inconnue mais l\u2019association nou\u00e9e avec DAZN (plus BeIn Sports pour un match par journ\u00e9e) est inf\u00e9rieure \u00e0 ce qu\u2019elle \u00e9tait sur les saisons pr\u00e9c\u00e9dentes. Pour le classement sur cinq ans, par contre, il doit \u00eatre pay\u00e9 \u00e0 l\u2019<a href=\"https:\/\/sportune.20minutes.fr\/olympique-de-marseille-om\" target=\"_blank\" rel=\"noopener\">Olympique de Marseille<\/a> l\u2019\u00e9quivalent de 731 708 euros en plus.<\/p>\n<p>Tout cela, nous le disions, \u00e9tant bien modeste \u00e0 c\u00f4t\u00e9 de <a href=\"https:\/\/sportune.20minutes.fr\/om-combien-va-rapporter-a-lom-la-qualif-en-ligue-des-champions-365536\" target=\"_blank\" rel=\"noopener\">ce que va potentiellement rapporter le retour du club phoc\u00e9en dans la plus belle et lucrative comp\u00e9tition<\/a> continentale.<\/p>\n","protected":false},"excerpt":{"rendered":"L\u2019OM a termin\u00e9 deuxi\u00e8me de la saison 2024-2025 de Ligue 1. La saison 2024-2025 est d\u00e9sormais termin\u00e9e, l\u2019Olympique&hellip;\n","protected":false},"author":2,"featured_media":75311,"comment_status":"","ping_status":"","sticky":false,"template":"","format":"standard","meta":{"footnotes":""},"categories":[1410],"tags":[63,1011,27,66,149,60],"class_list":{"0":"post-107925","1":"post","2":"type-post","3":"status-publish","4":"format-standard","5":"has-post-thumbnail","7":"category-football","8":"tag-football","9":"tag-fr","10":"tag-france","11":"tag-ligue-1","12":"tag-om","13":"tag-sports"},"share_on_mastodon":{"url":"https:\/\/pubeurope.com\/@fr\/114525442225094484","error":""},"_links":{"self":[{"href":"https:\/\/www.europesays.com\/fr\/wp-json\/wp\/v2\/posts\/107925","targetHints":{"allow":["GET"]}}],"collection":[{"href":"https:\/\/www.europesays.com\/fr\/wp-json\/wp\/v2\/posts"}],"about":[{"href":"https:\/\/www.europesays.com\/fr\/wp-json\/wp\/v2\/types\/post"}],"author":[{"embeddable":true,"href":"https:\/\/www.europesays.com\/fr\/wp-json\/wp\/v2\/users\/2"}],"replies":[{"embeddable":true,"href":"https:\/\/www.europesays.com\/fr\/wp-json\/wp\/v2\/comments?post=107925"}],"version-history":[{"count":0,"href":"https:\/\/www.europesays.com\/fr\/wp-json\/wp\/v2\/posts\/107925\/revisions"}],"wp:featuredmedia":[{"embeddable":true,"href":"https:\/\/www.europesays.com\/fr\/wp-json\/wp\/v2\/media\/75311"}],"wp:attachment":[{"href":"https:\/\/www.europesays.com\/fr\/wp-json\/wp\/v2\/media?parent=107925"}],"wp:term":[{"taxonomy":"category","embeddable":true,"href":"https:\/\/www.europesays.com\/fr\/wp-json\/wp\/v2\/categories?post=107925"},{"taxonomy":"post_tag","embeddable":true,"href":"https:\/\/www.europesays.com\/fr\/wp-json\/wp\/v2\/tags?post=107925"}],"curies":[{"name":"wp","href":"https:\/\/api.w.org\/{rel}","templated":true}]}}