{"id":107934,"date":"2025-05-17T22:09:09","date_gmt":"2025-05-17T22:09:09","guid":{"rendered":"https:\/\/www.europesays.com\/fr\/107934\/"},"modified":"2025-05-17T22:09:09","modified_gmt":"2025-05-17T22:09:09","slug":"mon-tresor-ma-fierte-mon-amour-kendji-girac-annonce-la-naissance-de-son-fils","status":"publish","type":"post","link":"https:\/\/www.europesays.com\/fr\/107934\/","title":{"rendered":"\u00ab\u00a0Mon tr\u00e9sor, ma fiert\u00e9, mon amour\u00a0\u00bb : Kendji Girac annonce la naissance de son fils"},"content":{"rendered":"<p>Le chanteur a annonc\u00e9 ce samedi sur Instagram la naissance de son deuxi\u00e8me enfant.Il s&rsquo;agit d&rsquo;un petit gar\u00e7on, dont le pr\u00e9nom n&rsquo;a pas encore \u00e9t\u00e9 r\u00e9v\u00e9l\u00e9.Le chanteur avait d\u00e9j\u00e0 eu une fille en 2021 avec sa compagne Soraya Miranda.<\/p>\n<p data-module=\"article-paragraph\" class=\"jsx-362436225 Paragraph Paragraph__End\">\u00ab\u00a0Mon tr\u00e9sor, ma fiert\u00e9, mon amour. Aujourd&rsquo;hui \u00e0 15h10 notre petit gar\u00e7on est arriv\u00e9 au monde\u00a0\u00bb, a \u00e9crit <a href=\"https:\/\/www.tf1info.fr\/politique\/hate-de-vous-retrouver-chanteur-kendji-girac-annonce-son-grand-retour-sur-scene-cinq-mois-apres-sa-blessure-par-balle-2320939.html\" target=\"_blank\" rel=\"noopener\">Kendji Girac,<\/a> ce samedi 17 mai en fin d&rsquo;apr\u00e8s-midi, sur son compte Instagram. Pour accompagner ces mots, le chanteur a publi\u00e9 une photo en noir et blanc, sur laquelle on peut voir une main de nouveau-n\u00e9 serrant son doigt.\u00a0<\/p>\n<p data-module=\"article-paragraph\" class=\"jsx-362436225 Paragraph Paragraph__End\">La nouvelle de la grossesse de sa compagne, Soraya Miranda, avait \u00e9t\u00e9 divulgu\u00e9e dans la presse people au mois d&rsquo;avril. Le couple avait eu un premier enfant en 2021 : une fille pr\u00e9nomm\u00e9e Eva Alba.<\/p>\n<p>\u00ab\u00a0Vivre\u00a0\u00bb<\/p>\n<p data-module=\"article-paragraph\" class=\"jsx-362436225 Paragraph Paragraph__End\">Kendji Girac et sa compagne avaient \u00e9t\u00e9 au\u00a0c\u0153ur d&rsquo;une triste affaire en avril 2024, lorsque<a href=\"https:\/\/www.tf1info.fr\/culture\/video-tf1-je-me-suis-perdu-kendji-girac-presente-ses-excuses-apres-sa-blessure-par-balle-2306025.html\" target=\"_blank\" rel=\"noopener\"> le chanteur avait \u00e9t\u00e9 retrouv\u00e9 bless\u00e9 par balle \u00e0 Biscarrosse<\/a> (Landes). Il avait par la suite reconnu avoir simul\u00e9 un suicide \u00e0 l&rsquo;issue d&rsquo;une dispute conjugale. L&rsquo;affaire avait \u00e9t\u00e9 class\u00e9e sans suite fin juin 2024.\u00a0<\/p>\n<p data-module=\"article-paragraph\" class=\"jsx-362436225 Paragraph Paragraph__End\">Le chanteur a sorti son sixi\u00e8me album, \u00ab\u00a0Vivre\u00a0\u00bb, le 4 octobre 2024.<\/p>\n<p>Isabelle MISSIAEN<\/p>\n","protected":false},"excerpt":{"rendered":"Le chanteur a annonc\u00e9 ce samedi sur Instagram la naissance de son deuxi\u00e8me enfant.Il s&rsquo;agit d&rsquo;un petit gar\u00e7on,&hellip;\n","protected":false},"author":2,"featured_media":107935,"comment_status":"","ping_status":"","sticky":false,"template":"","format":"standard","meta":{"footnotes":""},"categories":[1355],"tags":[1111,11,1921,58,59,1011,27,1922,7780,2041,1361,873,133,2040],"class_list":{"0":"post-107934","1":"post","2":"type-post","3":"status-publish","4":"format-standard","5":"has-post-thumbnail","7":"category-musique","8":"tag-actu","9":"tag-actualites","10":"tag-article-video","11":"tag-divertissement","12":"tag-entertainment","13":"tag-fr","14":"tag-france","15":"tag-info","16":"tag-kendji-girac","17":"tag-medias-et-divertissement","18":"tag-music","19":"tag-musique","20":"tag-video","21":"tag-video-culture"},"share_on_mastodon":{"url":"https:\/\/pubeurope.com\/@fr\/114525461805637005","error":""},"_links":{"self":[{"href":"https:\/\/www.europesays.com\/fr\/wp-json\/wp\/v2\/posts\/107934","targetHints":{"allow":["GET"]}}],"collection":[{"href":"https:\/\/www.europesays.com\/fr\/wp-json\/wp\/v2\/posts"}],"about":[{"href":"https:\/\/www.europesays.com\/fr\/wp-json\/wp\/v2\/types\/post"}],"author":[{"embeddable":true,"href":"https:\/\/www.europesays.com\/fr\/wp-json\/wp\/v2\/users\/2"}],"replies":[{"embeddable":true,"href":"https:\/\/www.europesays.com\/fr\/wp-json\/wp\/v2\/comments?post=107934"}],"version-history":[{"count":0,"href":"https:\/\/www.europesays.com\/fr\/wp-json\/wp\/v2\/posts\/107934\/revisions"}],"wp:featuredmedia":[{"embeddable":true,"href":"https:\/\/www.europesays.com\/fr\/wp-json\/wp\/v2\/media\/107935"}],"wp:attachment":[{"href":"https:\/\/www.europesays.com\/fr\/wp-json\/wp\/v2\/media?parent=107934"}],"wp:term":[{"taxonomy":"category","embeddable":true,"href":"https:\/\/www.europesays.com\/fr\/wp-json\/wp\/v2\/categories?post=107934"},{"taxonomy":"post_tag","embeddable":true,"href":"https:\/\/www.europesays.com\/fr\/wp-json\/wp\/v2\/tags?post=107934"}],"curies":[{"name":"wp","href":"https:\/\/api.w.org\/{rel}","templated":true}]}}