{"id":107938,"date":"2025-05-17T22:11:08","date_gmt":"2025-05-17T22:11:08","guid":{"rendered":"https:\/\/www.europesays.com\/fr\/107938\/"},"modified":"2025-05-17T22:11:08","modified_gmt":"2025-05-17T22:11:08","slug":"nous-sommes-des-marionnettes-manipulees-par-les-neurones-de-notre-cerveau","status":"publish","type":"post","link":"https:\/\/www.europesays.com\/fr\/107938\/","title":{"rendered":"\u00abNous sommes des marionnettes manipul\u00e9es par les neurones de notre cerveau\u00bb"},"content":{"rendered":"<p><strong>ENTRETIEN &#8211; <\/strong>Apr\u00e8s trente ann\u00e9es pass\u00e9es \u00e0 explorer le fonctionnement du cerveau, le professeur de neurosciences reste convaincu que la conscience r\u00e9sulte de sa seule activit\u00e9, m\u00eame si le ph\u00e9nom\u00e8ne reste en partie insaisissable.<\/p>\n<p class=\"fig-paragraph\">Directeur de recherche \u00e0 l\u2019Institut du cerveau de Paris et professeur de neurosciences \u00e0 Sorbonne Universit\u00e9, St\u00e9phane Charpier a consacr\u00e9 sa carri\u00e8re \u00e0 l\u2019\u00e9tude des m\u00e9canismes neuronaux \u00e0 l\u2019\u0153uvre dans le cerveau, tant au niveau normal que pathologique. Il livre le fruit de ses r\u00e9flexions neurophilosophiques sur la conscience, nourries par trente ann\u00e9es de recherche, dans un nouvel ouvrage passionnant intitul\u00e9 Le Cauchemar de Descartes, dans lequel il fournit des cl\u00e9s pr\u00e9cieuses pour penser ces probl\u00e8mes imm\u00e9moriaux, encore irr\u00e9solus\u00a0: qu\u2019est-ce que la conscience et \u00e0 quoi sert-elle\u00a0?<\/p>\n<p class=\"fig-paragraph\"><strong>LE FIGARO.- Depuis quand ces questions vous animent-elles\u00a0?<\/strong><\/p>\n<p class=\"fig-paragraph\"><strong>ST\u00c9PHANE CHARPIER.-<\/strong> Elles m\u2019ont hant\u00e9 d\u00e8s mon adolescence. Quel est donc ce processus c\u00e9r\u00e9bral \u00e9trange qui nous conf\u00e8re une int\u00e9riorit\u00e9, cette exp\u00e9rience mentale dans laquelle fusionnent la conscience de soi et la perception du monde qui nous entoure\u00a0? Mes premiers pas dans la recherche, \u00e0 l\u2019Institut Pasteur, ont d\u2019abord consist\u00e9\u2026<\/p>\n<p class=\"fig-premium-paywall__infos\">\n        Cet article est r\u00e9serv\u00e9 aux abonn\u00e9s.        Il vous reste 89% \u00e0 d\u00e9couvrir.\n    <\/p>\n<p>                <img  data- alt=\"Le Figaro\" class=\"fig-img--complete fig-img\"\/><\/p>\n<p class=\"fig-premium-paywall__title\">Vente Flash<\/p>\n<p class=\"fig-premium-paywall__subtitle\">4,99\u20ac par mois pendant 12 mois. Sans engagement.<\/p>\n<p class=\"fig-premium-paywall__connect\">\n                D\u00e9j\u00e0 abonn\u00e9\u00a0?                <a class=\"fig-premium-paywall__connect-link\" href=\"https:\/\/connect.lefigaro.fr\/login?client=horizon_web&amp;type=main&amp;redirect_uri=https%3A%2F%2Fwww.lefigaro.fr%2Fsciences%2Fstephane-charpier-nous-sommes-des-marionnettes-manipulees-par-les-neurones-de-notre-cerveau-20250517\" data-js-gtm=\"{&quot;customCategorie&quot;: &quot;conversion&quot;, &quot;customAction&quot;: &quot;before_Landing_Connexion_paywall_auto&quot;, &quot;customLabel&quot;: &quot;bGVmaWdhcm8uZnJfXzFmMDMxOTgyLWI2YjEtNjNjMi05ZTM4LTViM2Q0MDRhMmE3ZF9fQXJ0aWNsZQ==_St\u00e9phane Charpier\u00a0: \u00abNous sommes des marionnettes manipul\u00e9es par les neurones de notre cerveau\u00bb_336&quot;, &quot;customIDSPE&quot;: &quot;bGVmaWdhcm8uZnJfXzFmMDMxOTgyLWI2YjEtNjNjMi05ZTM4LTViM2Q0MDRhMmE3ZF9fQXJ0aWNsZQ==&quot;, &quot;event&quot;: &quot;customEventSPE&quot;}\" target=\"_blank\" rel=\"noopener\"><br \/>\n                    Connectez-vous<br \/>\n                <\/a>\n            <\/p>\n","protected":false},"excerpt":{"rendered":"ENTRETIEN &#8211; Apr\u00e8s trente ann\u00e9es pass\u00e9es \u00e0 explorer le fonctionnement du cerveau, le professeur de neurosciences reste convaincu&hellip;\n","protected":false},"author":2,"featured_media":107939,"comment_status":"","ping_status":"","sticky":false,"template":"","format":"standard","meta":{"footnotes":""},"categories":[10],"tags":[47,49,11,48,51,54,1011,27,72,222,10081,52,71,41,50,53],"class_list":{"0":"post-107938","1":"post","2":"type-post","3":"status-publish","4":"format-standard","5":"has-post-thumbnail","7":"category-sante","8":"tag-actualite","9":"tag-actualite-scientifique","10":"tag-actualites","11":"tag-astronomie","12":"tag-ecologie","13":"tag-faune-et-flore","14":"tag-fr","15":"tag-france","16":"tag-health","17":"tag-neurologie","18":"tag-neurosciences","19":"tag-planete","20":"tag-sante","21":"tag-sciences","22":"tag-sciences-humaines","23":"tag-zoologie"},"share_on_mastodon":{"url":"https:\/\/pubeurope.com\/@fr\/114525469714109234","error":""},"_links":{"self":[{"href":"https:\/\/www.europesays.com\/fr\/wp-json\/wp\/v2\/posts\/107938","targetHints":{"allow":["GET"]}}],"collection":[{"href":"https:\/\/www.europesays.com\/fr\/wp-json\/wp\/v2\/posts"}],"about":[{"href":"https:\/\/www.europesays.com\/fr\/wp-json\/wp\/v2\/types\/post"}],"author":[{"embeddable":true,"href":"https:\/\/www.europesays.com\/fr\/wp-json\/wp\/v2\/users\/2"}],"replies":[{"embeddable":true,"href":"https:\/\/www.europesays.com\/fr\/wp-json\/wp\/v2\/comments?post=107938"}],"version-history":[{"count":0,"href":"https:\/\/www.europesays.com\/fr\/wp-json\/wp\/v2\/posts\/107938\/revisions"}],"wp:featuredmedia":[{"embeddable":true,"href":"https:\/\/www.europesays.com\/fr\/wp-json\/wp\/v2\/media\/107939"}],"wp:attachment":[{"href":"https:\/\/www.europesays.com\/fr\/wp-json\/wp\/v2\/media?parent=107938"}],"wp:term":[{"taxonomy":"category","embeddable":true,"href":"https:\/\/www.europesays.com\/fr\/wp-json\/wp\/v2\/categories?post=107938"},{"taxonomy":"post_tag","embeddable":true,"href":"https:\/\/www.europesays.com\/fr\/wp-json\/wp\/v2\/tags?post=107938"}],"curies":[{"name":"wp","href":"https:\/\/api.w.org\/{rel}","templated":true}]}}