{"id":1079391,"date":"2026-07-21T18:31:26","date_gmt":"2026-07-21T18:31:26","guid":{"rendered":"https:\/\/www.europesays.com\/fr\/1079391\/"},"modified":"2026-07-21T18:31:26","modified_gmt":"2026-07-21T18:31:26","slug":"treize-migrants-decouverts-dans-un-camion-a-calais-le-desarroi-dun-transporteur-breton-sous-la-menace-dune-amende-a-six-chiffres","status":"publish","type":"post","link":"https:\/\/www.europesays.com\/fr\/1079391\/","title":{"rendered":"Treize migrants d\u00e9couverts dans un camion \u00e0 Calais : le d\u00e9sarroi d\u2019un transporteur breton, sous la menace d\u2019une amende \u00e0 six chiffres"},"content":{"rendered":"<p>Les faits remontent au d\u00e9but du mois d\u2019avril 2026. Un camion frigorifique appartenant au transporteur landivisien P\u00e9ron international se rend dans la r\u00e9gion de Milan, en Italie, pour y charger des yaourts \u00e0 destination de l\u2019Angleterre. Le 2 avril, une fois la cargaison charg\u00e9e et scell\u00e9e, son conducteur, \u00e2g\u00e9 de 24 ans, reprend la route, direction Calais. Sur le trajet, et comme la loi l\u2019y oblige, le chauffeur s\u2019arr\u00eate pour passer deux nuits. \u00ab\u00a0Une premi\u00e8re, le 2 avril, au soir, dans le secteur de Lyon, sur un parking non s\u00e9curis\u00e9 mais vid\u00e9oprot\u00e9g\u00e9\u00a0\u00bb, raconte Jo\u00ebl P\u00e9ron, g\u00e9rant de la PME qui emploie 36 salari\u00e9s et intervient \u00ab\u00a0dans toute l\u2019Europe\u00a0\u00bb.<\/p>\n<p><img decoding=\"async\" src=\"https:\/\/www.europesays.com\/fr\/wp-content\/uploads\/2026\/07\/6a5faa2f8f5b4c5ba301f421.1.jpeg\" width=\"480\" height=\"300\" class=\"web_golden_m\" loading=\"lazy\" alt=\"Un camion frigorifique de ce type appartenant \u00e0 P\u00e9ron International a \u00e9t\u00e9 contr\u00f4l\u00e9, le 4\u00a0avril 2026, avec 13 passagers clandestins \u00e0 bord.\"\/>Un camion frigorifique de ce type appartenant \u00e0 P\u00e9ron International a \u00e9t\u00e9 contr\u00f4l\u00e9, le 4\u00a0avril 2026, avec 13 passagers clandestins \u00e0 bord. (P\u00e9ron International)<\/p>\n<p>Puis une seconde, le 3, au soir, sur un parking s\u00e9curis\u00e9 et vid\u00e9oprot\u00e9g\u00e9 du secteur de Calais. Le 4 avril au matin, le chauffeur poursuit sa route et se pr\u00e9sente aux douanes, \u00e0 Calais. \u00ab\u00a0Il a \u00e9t\u00e9 contr\u00f4l\u00e9 par la \u00ab\u00a0Border Force\u00a0\u00bb (police des fronti\u00e8res\/douane britannique), qui a bris\u00e9 le scell\u00e9 du camion\u00a0\u00bb, pr\u00e9cise le patron de P\u00e9ron International. Les agents des douanes d\u00e9couvrent alors treize migrants \u00e0 bord.<\/p>\n<p>Trois amendes pour 267\u00a0000 euros<\/p>\n<p>\u00ab\u00a0Toute la marchandise a \u00e9t\u00e9 d\u00e9truite et mon camion n\u2019a pas pu bouger pendant cinq jours\u00a0\u00bb, ajoute le patron. Puis, fin avril, le transporteur apprend qu\u2019il est condamn\u00e9 \u00e0 r\u00e9gler trois amendes, pour un montant total de 267\u00a0000 euros. \u00ab\u00a0Deux amendes de 89\u00a0000 euros pour moi et 89\u00a0000 euros pour mon chauffeur\u2026 On est consid\u00e9r\u00e9s comme des passeurs\u00a0\u00bb, estime Jo\u00ebl P\u00e9ron. Ni une, ni deux, le patron landivisien conteste et engage \u00e0 ses frais, \u00ab\u00a0d\u00e9j\u00e0 un peu plus de 3\u00a0000 euros\u00a0\u00bb, une avocate anglaise pour le d\u00e9fendre, et plaide la bonne foi. \u00ab\u00a0Mon chauffeur n\u2019\u00e9tait pas au courant du tout qu\u2019il transportait des migrants. Entre le d\u00e9part et Calais, les scell\u00e9s n\u2019avaient pas \u00e9t\u00e9 arrach\u00e9s\u00a0\u00bb, dit-il.<\/p>\n<p><img decoding=\"async\" src=\"https:\/\/www.europesays.com\/fr\/wp-content\/uploads\/2026\/07\/6a5faa2f10621f8b1906be6c.1.jpeg\" width=\"480\" height=\"300\" class=\"web_golden_m\" loading=\"lazy\" alt=\"Le scell\u00e9, install\u00e9 \u00e0 Milan et bris\u00e9 \u00e0 Calais pour proc\u00e9der au contr\u00f4le.\"\/>Le scell\u00e9, install\u00e9 \u00e0 Milan et bris\u00e9 \u00e0 Calais pour proc\u00e9der au contr\u00f4le. (Le T\u00e9l\u00e9gramme\/Antoine Decl\u00e9ty)<\/p>\n<p>Selon lui, deux hypoth\u00e8ses sortent du lot. \u00ab\u00a0Les treize migrants ont d\u00fb profiter de la pause r\u00e9glementaire du chauffeur, le 3 avril, au soir, sur le parking s\u00e9curis\u00e9, pour s\u2019introduire dans le camion frigorifique\u00a0\u00bb, avec, selon lui, \u00ab\u00a0la complicit\u00e9 de gardiens parfois soudoy\u00e9s voire menac\u00e9s\u00a0\u00bb par les passeurs. \u00ab\u00a0Les r\u00e9seaux sont tr\u00e8s organis\u00e9s. C\u2019est de notori\u00e9t\u00e9 publique que certains arrivent \u00e0 d\u00e9gonder les charni\u00e8res des camions sans briser les scell\u00e9s\u00a0\u00bb, ajoute-t-il. Un chargement clandestin qui aurait aussi pu avoir lieu, toujours selon le patron, \u00ab\u00a0\u00e0 Milan, au moment du chargement par l\u2019exp\u00e9diteur italien\u00a0\u00bb, qui, lui, n\u2019a pas \u00e9t\u00e9 inqui\u00e9t\u00e9 par les douanes britanniques.<\/p>\n<p><img decoding=\"async\" src=\"https:\/\/www.europesays.com\/fr\/wp-content\/uploads\/2026\/07\/6a5faa2f6301345fa403795c.1.jpeg\" width=\"480\" height=\"300\" class=\"web_golden_m\" loading=\"lazy\" alt=\"Pour se d\u00e9fendre, le transporteur landivisien a d\u00fb faire appel aux services d\u2019une avocate anglaise, \u00e0 ses frais.\"\/>Pour se d\u00e9fendre, le transporteur landivisien a d\u00fb faire appel aux services d\u2019une avocate anglaise, \u00e0 ses frais. (Le T\u00e9l\u00e9gramme\/Antoine Decl\u00e9ty)R\u00e9gler les amendes\u00a0? \u00ab\u00a0Ce serait un coup dur\u00a0\u00bb<\/p>\n<p>Quant \u00e0 une potentielle complicit\u00e9 de son chauffeur\u00a0? \u00ab\u00a0Non, j\u2019ai toute confiance en lui. C\u2019est un chauffeur fiable qui avait d\u00e9j\u00e0 fait des trajets vers l\u2019Angleterre sans avoir le moindre probl\u00e8me\u00a0\u00bb, insiste Jo\u00ebl P\u00e9ron. Mais pour que le recours aboutisse, \u00ab\u00a0il faut que j\u2019arrive \u00e0 prouver \u00e0 quel endroit sont mont\u00e9s les migrants\u00a0\u00bb. Faute de quoi, l\u2019entreprise ne peut pas esp\u00e9rer voir ses amendes annul\u00e9es ni m\u00eame r\u00e9duites. \u00ab\u00a0Je ne m\u2019imagine m\u00eame pas payer une somme pareille. Ce serait un coup dur\u00a0\u00bb, souffle le g\u00e9rant, qui d\u00e9crit une conjoncture d\u00e9j\u00e0 difficile pour la profession.<\/p>\n<p><img decoding=\"async\" src=\"https:\/\/www.europesays.com\/fr\/wp-content\/uploads\/2026\/07\/6a5faa2e09e95f1c1008737f.1.jpeg\" width=\"480\" height=\"300\" class=\"web_golden_m\" loading=\"lazy\" alt=\"Un camion frigorifique de ce type appartenant \u00e0 P\u00e9ron International a \u00e9t\u00e9 contr\u00f4l\u00e9, le 4\u00a0avril 2026, avec 13 passagers clandestins \u00e0 bord.\"\/>Un camion frigorifique de ce type appartenant \u00e0 P\u00e9ron International a \u00e9t\u00e9 contr\u00f4l\u00e9, le 4\u00a0avril 2026, avec 13 passagers clandestins \u00e0 bord. (P\u00e9ron International)<\/p>\n<p>\u00ab\u00a0On n\u2019est pas du tout les seuls \u00e0 qui c\u2019est arriv\u00e9. Et puis, le camion, c\u2019est devenu le supermarch\u00e9. La semaine derni\u00e8re, on m\u2019a encore vol\u00e9 2\u00a0000 litres de gasoil, on nous vole de la marchandise\u2026 Ajout\u00e9 \u00e0 cela l\u2019ins\u00e9curit\u00e9 pour les chauffeurs, \u00e7a fait beaucoup\u00a0\u00bb, d\u00e9plore-t-il. Et d\u2019en appeler \u00e0 l\u2019aide\u00a0: \u00ab\u00a0On me r\u00e9pond partout que c\u2019est un sujet sensible mais j\u2019aimerais que quelqu\u2019un fasse pression\u2026 Je me sens tout seul dans ce dossier. J\u2019aimerais avoir un rendez-vous avec le ministre des Transports.\u00a0\u00bb Un courrier, en soutien au transporteur landivisien, lui a d\u00e9j\u00e0 \u00e9t\u00e9 adress\u00e9 par Ma\u00ebl de Calan, pr\u00e9sident du D\u00e9partement. La d\u00e9cision concernant son recours sera, quant \u00e0 elle, connue, ce jeudi 23 juillet.<\/p>\n","protected":false},"excerpt":{"rendered":"Les faits remontent au d\u00e9but du mois d\u2019avril 2026. Un camion frigorifique appartenant au transporteur landivisien P\u00e9ron international&hellip;\n","protected":false},"author":2,"featured_media":1079392,"comment_status":"","ping_status":"","sticky":false,"template":"","format":"standard","meta":{"footnotes":"","_share_on_mastodon":"0"},"categories":[6],"tags":[829,35,33,34,765,3321,1011,27,1061,6821,1251,2131,16048,801,2803,35132],"class_list":["post-1079391","post","type-post","status-publish","format-standard","has-post-thumbnail","category-economie","tag-bretagne","tag-business","tag-economie","tag-economy","tag-en-continu","tag-finistere","tag-fr","tag-france","tag-immigration","tag-landivisiau","tag-migrants","tag-morlaix","tag-newsletter-aujourdhui-en-bretagne","tag-social","tag-transport","tag-transport-routier"],"share_on_mastodon":{"url":"https:\/\/pubeurope.com\/@fr\/116959400419644226","error":""},"_links":{"self":[{"href":"https:\/\/www.europesays.com\/fr\/wp-json\/wp\/v2\/posts\/1079391","targetHints":{"allow":["GET"]}}],"collection":[{"href":"https:\/\/www.europesays.com\/fr\/wp-json\/wp\/v2\/posts"}],"about":[{"href":"https:\/\/www.europesays.com\/fr\/wp-json\/wp\/v2\/types\/post"}],"author":[{"embeddable":true,"href":"https:\/\/www.europesays.com\/fr\/wp-json\/wp\/v2\/users\/2"}],"replies":[{"embeddable":true,"href":"https:\/\/www.europesays.com\/fr\/wp-json\/wp\/v2\/comments?post=1079391"}],"version-history":[{"count":0,"href":"https:\/\/www.europesays.com\/fr\/wp-json\/wp\/v2\/posts\/1079391\/revisions"}],"wp:featuredmedia":[{"embeddable":true,"href":"https:\/\/www.europesays.com\/fr\/wp-json\/wp\/v2\/media\/1079392"}],"wp:attachment":[{"href":"https:\/\/www.europesays.com\/fr\/wp-json\/wp\/v2\/media?parent=1079391"}],"wp:term":[{"taxonomy":"category","embeddable":true,"href":"https:\/\/www.europesays.com\/fr\/wp-json\/wp\/v2\/categories?post=1079391"},{"taxonomy":"post_tag","embeddable":true,"href":"https:\/\/www.europesays.com\/fr\/wp-json\/wp\/v2\/tags?post=1079391"}],"curies":[{"name":"wp","href":"https:\/\/api.w.org\/{rel}","templated":true}]}}