{"id":1079401,"date":"2026-07-21T18:36:17","date_gmt":"2026-07-21T18:36:17","guid":{"rendered":"https:\/\/www.europesays.com\/fr\/1079401\/"},"modified":"2026-07-21T18:36:17","modified_gmt":"2026-07-21T18:36:17","slug":"loire-un-pere-de-famille-tire-sur-les-gendarmes-avant-de-se-suicider-en-presence-de-ses-enfants","status":"publish","type":"post","link":"https:\/\/www.europesays.com\/fr\/1079401\/","title":{"rendered":"Loire : un p\u00e8re de famille tire sur les gendarmes avant de se suicider en pr\u00e9sence de ses enfants"},"content":{"rendered":"<p>\n    \u00abLes gendarmes, qui se sont abrit\u00e9s, notamment \u00e0 l\u2019aide de leur v\u00e9hicule, n\u2019ont pas \u00e9t\u00e9 bless\u00e9s. L\u2019un d\u2019eux a ouvert le feu \u00e0 une reprise en direction du tireur, sans l\u2019atteindre\u00bb, selon le procureur de Saint-\u00c9tienne.<\/p>\n<p class=\"fig-paragraph\">Un homme retranch\u00e9 dans sa maison dans la\u00a0<a href=\"http:\/\/www.lefigaro.fr\/faits-divers\/haute-loire-les-corps-de-deux-personnes-agees-retrouves-plusieurs-mois-apres-leur-deces-20260721\" target=\"_blank\" data-fig-type=\"NewsFlash\" rel=\"noopener nofollow\" data-gtm-custom-categorie=\"navigation\" data-gtm-custom-action=\"crossclick\" data-gtm-custom-label=\"Contextuel\" data-gtm-event=\"customEventSPE\" data-fig-domain=\"LEFIGARO\">Loire<\/a>\u00a0a tir\u00e9 sept fois sur les gendarmes avant de se suicider en pr\u00e9sence de ses enfants qu&rsquo;il avait r\u00e9cup\u00e9r\u00e9s \u00e0 la cr\u00e8che \u00e0 la place de son \u00e9pouse, a indiqu\u00e9 mardi le parquet. La m\u00e8re avait alert\u00e9 la gendarmerie et une patrouille avait \u00e9t\u00e9 d\u00e9p\u00each\u00e9e en d\u00e9but de soir\u00e9e au domicile familial de Saint-Just-Saint-Rambert, dans l&rsquo;agglom\u00e9ration de Saint-\u00c9tienne, quand l&rsquo;aide-soignant de 35 ans a tir\u00e9 dans leur direction.<\/p>\n<p class=\"fig-paragraph\">Cet homme, qui pratiquait le\u00a0<a href=\"http:\/\/www.lefigaro.fr\/sports\/autres-sports\/un-tireur-sportif-se-fait-voler-des-armes-par-un-faux-policier-la-federation-francaise-de-tir-appelle-a-la-plus-grande-vigilance-20251114\" target=\"_blank\" data-fig-type=\"NewsFlash\" rel=\"noopener nofollow\" data-gtm-custom-categorie=\"navigation\" data-gtm-custom-action=\"crossclick\" data-gtm-custom-label=\"Contextuel\" data-gtm-event=\"customEventSPE\" data-fig-domain=\"LEFIGARO\">tir sportif,<\/a>\u00a0\u00aba ouvert le feu pour une raison ind\u00e9termin\u00e9e \u00e0 sept reprises avec un pistolet de calibre 9 mm\u00bb, a expliqu\u00e9 \u00e0 l&rsquo;AFP Anne Gaches, procureure de Saint-\u00c9tienne. \u00abLes gendarmes, qui se sont abrit\u00e9s, notamment \u00e0 l&rsquo;aide de leur v\u00e9hicule, n&rsquo;ont pas \u00e9t\u00e9 bless\u00e9s. L&rsquo;un d&rsquo;eux a ouvert le feu \u00e0 une reprise en direction du tireur, sans l&rsquo;atteindre\u00bb, a poursuivi la magistrate.<\/p>\n<p>                                            <a class=\"fig-a11y-skip\" href=\"#fig-a11y-skip-main-inarticle\" is=\"fig-a11y-skip\" data-trigger-mode=\"visible-once\"><br \/>\n    Passer la publicit\u00e9<br \/>\n<\/a>            <\/p>\n<p>                                            Pas d\u2019ant\u00e9c\u00e9dent judiciaire<\/p>\n<p class=\"fig-paragraph\">Une unit\u00e9 du Peloton de surveillance et d&rsquo;intervention de la gendarmerie (PSIG) s&rsquo;est rendue sur place pour tenter d&rsquo;entrer en contact, a pr\u00e9cis\u00e9 \u00e0 l&rsquo;AFP une source proche de l&rsquo;enqu\u00eate. Puis le GIGN a \u00e9t\u00e9 mis en alerte mais, avant son arriv\u00e9e, le forcen\u00e9 s&rsquo;est donn\u00e9 la mort en pr\u00e9sence de ses enfants \u00e2g\u00e9s de deux et trois ans. Une enqu\u00eate a \u00e9t\u00e9 ouverte notamment pour tentative de meurtre sur personnes d\u00e9positaires de l&rsquo;autorit\u00e9 publique, selon le parquet st\u00e9phanois, qui ajoute que \u00able couple n&rsquo;avait pas d&rsquo;ant\u00e9c\u00e9dent judiciaire\u00bb.<\/p>\n","protected":false},"excerpt":{"rendered":"\u00abLes gendarmes, qui se sont abrit\u00e9s, notamment \u00e0 l\u2019aide de leur v\u00e9hicule, n\u2019ont pas \u00e9t\u00e9 bless\u00e9s. L\u2019un d\u2019eux&hellip;\n","protected":false},"author":2,"featured_media":1079402,"comment_status":"","ping_status":"","sticky":false,"template":"","format":"standard","meta":{"footnotes":"","_share_on_mastodon":"0"},"categories":[9653],"tags":[1111,11,2430,1777,674,1011,27,19911,12,25,4001],"class_list":["post-1079401","post","type-post","status-publish","format-standard","has-post-thumbnail","category-saint-etienne","tag-actu","tag-actualites","tag-auvergne-rhone-alpes","tag-eu","tag-europe","tag-fr","tag-france","tag-gendarme","tag-news","tag-republique-francaise","tag-saint-etienne"],"share_on_mastodon":{"url":"https:\/\/pubeurope.com\/@fr\/116959417804046328","error":""},"_links":{"self":[{"href":"https:\/\/www.europesays.com\/fr\/wp-json\/wp\/v2\/posts\/1079401","targetHints":{"allow":["GET"]}}],"collection":[{"href":"https:\/\/www.europesays.com\/fr\/wp-json\/wp\/v2\/posts"}],"about":[{"href":"https:\/\/www.europesays.com\/fr\/wp-json\/wp\/v2\/types\/post"}],"author":[{"embeddable":true,"href":"https:\/\/www.europesays.com\/fr\/wp-json\/wp\/v2\/users\/2"}],"replies":[{"embeddable":true,"href":"https:\/\/www.europesays.com\/fr\/wp-json\/wp\/v2\/comments?post=1079401"}],"version-history":[{"count":0,"href":"https:\/\/www.europesays.com\/fr\/wp-json\/wp\/v2\/posts\/1079401\/revisions"}],"wp:featuredmedia":[{"embeddable":true,"href":"https:\/\/www.europesays.com\/fr\/wp-json\/wp\/v2\/media\/1079402"}],"wp:attachment":[{"href":"https:\/\/www.europesays.com\/fr\/wp-json\/wp\/v2\/media?parent=1079401"}],"wp:term":[{"taxonomy":"category","embeddable":true,"href":"https:\/\/www.europesays.com\/fr\/wp-json\/wp\/v2\/categories?post=1079401"},{"taxonomy":"post_tag","embeddable":true,"href":"https:\/\/www.europesays.com\/fr\/wp-json\/wp\/v2\/tags?post=1079401"}],"curies":[{"name":"wp","href":"https:\/\/api.w.org\/{rel}","templated":true}]}}