{"id":107941,"date":"2025-05-17T22:13:09","date_gmt":"2025-05-17T22:13:09","guid":{"rendered":"https:\/\/www.europesays.com\/fr\/107941\/"},"modified":"2025-05-17T22:13:09","modified_gmt":"2025-05-17T22:13:09","slug":"la-television-espagnole-defie-lorganisateur-du-concours-avec-un-message-de-soutien-a-gaza","status":"publish","type":"post","link":"https:\/\/www.europesays.com\/fr\/107941\/","title":{"rendered":"la t\u00e9l\u00e9vision espagnole d\u00e9fie l&rsquo;organisateur du concours avec un message de soutien \u00e0 Gaza"},"content":{"rendered":"<p>\u00abS\u2019agissant des droits de l\u2019homme, le silence n\u2019est pas une option. Paix et justice pour la Palestine\u00bb, a \u00e9crit en blanc sur fond noir le groupe de radio et t\u00e9l\u00e9vision RTVE, dans un message quelques secondes avant le d\u00e9but officiel du concours.<\/p>\n<p class=\"fig-paragraph\">La t\u00e9l\u00e9vision publique espagnole a mis au d\u00e9fi ce samedi 17 mai l&rsquo;organisme responsable de l&rsquo;<a href=\"https:\/\/tvmag.lefigaro.fr\/programme-tv\/ce-soir-tele\/eurovision-2025-en-direct-live-commente-samedi-17-mai-concours-chanson-louane-20250517\" target=\"_blank\" data-fig-type=\"Live\" rel=\"noopener\" data-gtm-custom-categorie=\"navigation\" data-gtm-custom-action=\"crossclick\" data-gtm-custom-label=\"Contextuel\" data-gtm-event=\"customEventSPE\" data-fig-domain=\"TVMAG\">Eurovision<\/a>, qui l&rsquo;avait somm\u00e9e de cesser ses r\u00e9f\u00e9rences \u00e0 l&rsquo;<a href=\"http:\/\/www.lefigaro.fr\/international\/l-armee-israelienne-intensifie-ses-operations-dans-la-bande-de-gaza-20250516\" target=\"_blank\" data-fig-type=\"Article\" rel=\"noopener\" data-gtm-custom-categorie=\"navigation\" data-gtm-custom-action=\"crossclick\" data-gtm-custom-label=\"Contextuel\" data-gtm-event=\"customEventSPE\" data-fig-domain=\"LEFIGARO\">offensive \u00e0 Gaza<\/a>\u00a0sous menace de sanctions, en diffusant un message de soutien aux Palestiniens avant sa retransmission de l&rsquo;\u00e9v\u00e9nement.<\/p>\n<p class=\"fig-paragraph\">\u00abS&rsquo;agissant des droits de l&rsquo;homme, le silence n&rsquo;est pas une option. Paix et justice pour la Palestine\u00bb, a \u00e9crit en blanc sur fond noir le groupe de radio et t\u00e9l\u00e9vision RTVE, dans un message en espagnol et en anglais, quelques secondes avant le d\u00e9but officiel du concours de chanson.<\/p>\n<p>\u00abLes d\u00e9clarations pouvant compromettre la neutralit\u00e9 du concours sont interdites\u00bb<\/p>\n<p class=\"fig-paragraph\">Ce court texte fait office de r\u00e9ponse \u00e0 l&rsquo;Union europ\u00e9enne de radio-t\u00e9l\u00e9vision (UER), organisateur de l&rsquo;Eurovision, qui avait demand\u00e9 au groupe public de ne pas r\u00e9it\u00e9rer ses r\u00e9f\u00e9rences \u00e0 la guerre \u00e0 Gaza durant sa retransmission de la finale samedi soir, sous peine d&rsquo;\u00abamendes punitives\u00bb.<\/p>\n<p class=\"fig-paragraph\">Dans un courrier r\u00e9v\u00e9l\u00e9 samedi par RTVE elle-m\u00eame, et adress\u00e9 \u00e0 la directrice de la production de contenus du groupe de t\u00e9l\u00e9vision et cheffe de la d\u00e9l\u00e9gation espagnole \u00e0 l&rsquo;Eurovision, l&rsquo;organisme europ\u00e9en a justifi\u00e9 sa position par le caract\u00e8re apolitique de l&rsquo;\u00e9v\u00e9nement.<\/p>\n<p class=\"fig-paragraph\">\u00abLes d\u00e9clarations politiques pouvant compromettre la neutralit\u00e9 du concours sont interdites\u00bb, a soulign\u00e9 dans ce courrier l&rsquo;UER, dont RTVE est membre, en jugeant \u00abfondamental\u00bb que les commentateurs \u00abrespectent ces r\u00e8gles sans exception\u00bb dans les pays retransmettant le concours.<\/p>\n<p class=\"fig-paragraph\">Selon des m\u00e9dias espagnols, ce rappel \u00e0 l&rsquo;ordre a \u00e9t\u00e9 fait apr\u00e8s une plainte de la t\u00e9l\u00e9vision publique isra\u00e9lienne (KAN), agac\u00e9e par le fait que les pr\u00e9sentateurs espagnols aient fait r\u00e9f\u00e9rence aux morts \u00e0 Gaza lors du passage en demi-finale de la candidate isra\u00e9lienne Yuval Raphael jeudi soir.<\/p>\n<p>Le groupe public mis en demeure<\/p>\n<p class=\"fig-paragraph\">Contact\u00e9e par l&rsquo;AFP, l&rsquo;UER a confirm\u00e9 avoir mis en demeure le groupe public espagnol. \u00abNous avons parl\u00e9 de cette question \u00e0 RTVE et leur avons clairement indiqu\u00e9 que les commentateurs doivent maintenir leur neutralit\u00e9 lors de la diffusion du Concours Eurovision de la Chanson\u00bb, a-t-elle assur\u00e9.<\/p>\n<p class=\"fig-paragraph\">Dans un communiqu\u00e9 publi\u00e9 sur X, les conseils informatifs de RTVE, charg\u00e9s de veiller \u00e0 l&rsquo;ind\u00e9pendance du groupe public, ont exprim\u00e9 samedi soir leur \u00abinqui\u00e9tude\u00bb face \u00e0 la \u00abmenace\u00bb de l&rsquo;UER. \u00abNous d\u00e9non\u00e7ons tout type d&rsquo;intromission et d\u00e9fendons l&rsquo;engagement de RTVE envers une information fiable\u00bb, ont-ils \u00e9crit.<\/p>\n<p class=\"fig-paragraph\">La plainte de la KAN a \u00e9t\u00e9 \u00e9mise alors que RTVE avait r\u00e9clam\u00e9 mi-avril un \u00abd\u00e9bat\u00bb sur la pr\u00e9sence d&rsquo;Isra\u00ebl \u00e0 l&rsquo;Eurovision, mettant en avant les \u00abpr\u00e9occupations que la situation \u00e0 Gaza et la participation de la t\u00e9l\u00e9vision publique KAN suscitent au sein de la soci\u00e9t\u00e9 civile espagnole\u00bb.<\/p>\n<p class=\"fig-paragraph\">L&rsquo;Espagne, qui a reconnu l&rsquo;\u00c9tat de Palestine le 28 mai 2024 avec l&rsquo;Irlande et la Norv\u00e8ge, s&rsquo;est impos\u00e9e ces derniers mois comme l&rsquo;une des voix les plus critiques de l&rsquo;UE \u00e0 l&rsquo;\u00e9gard du gouvernement de Benyamin Netanyahou, et fait figure de soutien historique de la cause palestinienne.<\/p>\n<p class=\"fig-paragraph\">Les prises de position du\u00a0<a href=\"http:\/\/www.lefigaro.fr\/flash-actu\/guerre-a-gaza-pedro-sanchez-appelle-a-faire-pression-sur-israel-pour-arreter-le-massacre-20250517\" target=\"_blank\" data-fig-type=\"NewsFlash\" rel=\"noopener\" data-gtm-custom-categorie=\"navigation\" data-gtm-custom-action=\"crossclick\" data-gtm-custom-label=\"Contextuel\" data-gtm-event=\"customEventSPE\" data-fig-domain=\"LEFIGARO\">premier ministre socialiste Pedro Sanchez<\/a>, qui a appel\u00e9 samedi lors d&rsquo;un sommet de la ligue arabe \u00e0 Bagdad \u00e0 faire \u00abpression sur Isra\u00ebl pour arr\u00eater le massacre \u00e0 Gaza\u00bb, ont valu \u00e0 l&rsquo;Espagne ces derniers mois des critiques virulentes du gouvernement Netanyahou.<\/p>\n<p class=\"fig-paragraph\">Trente-sept candidats participent &#8211; via leurs diffuseurs nationaux, qui les s\u00e9lectionnent &#8211; \u00e0 l&rsquo;\u00e9dition 2025 de l&rsquo;Eurovision, organis\u00e9e \u00e0 B\u00e2le, en Suisse. La candidate s\u00e9lectionn\u00e9e par la t\u00e9l\u00e9vision isra\u00e9lienne KAN, Yuval Raphael, est une rescap\u00e9e de l&rsquo;attaque du Hamas du 7-Octobre.<\/p>\n","protected":false},"excerpt":{"rendered":"\u00abS\u2019agissant des droits de l\u2019homme, le silence n\u2019est pas une option. Paix et justice pour la Palestine\u00bb, a&hellip;\n","protected":false},"author":2,"featured_media":107942,"comment_status":"","ping_status":"","sticky":false,"template":"","format":"standard","meta":{"footnotes":""},"categories":[8],"tags":[47,1350,1348,4628,1345,650,251,58,59,123,2399,1349,1346,1011,27,1351,873,252,1347,1352],"class_list":{"0":"post-107941","1":"post","2":"type-post","3":"status-publish","4":"format-standard","5":"has-post-thumbnail","7":"category-divertissement","8":"tag-actualite","9":"tag-architecture","10":"tag-arts","11":"tag-bande-de-gaza","12":"tag-cine","13":"tag-cinema","14":"tag-culture","15":"tag-divertissement","16":"tag-entertainment","17":"tag-espagne","18":"tag-eurovision","19":"tag-expositions","20":"tag-films","21":"tag-fr","22":"tag-france","23":"tag-litterature","24":"tag-musique","25":"tag-television","26":"tag-theatre","27":"tag-urbanisme"},"share_on_mastodon":{"url":"https:\/\/pubeurope.com\/@fr\/114525477464242939","error":""},"_links":{"self":[{"href":"https:\/\/www.europesays.com\/fr\/wp-json\/wp\/v2\/posts\/107941","targetHints":{"allow":["GET"]}}],"collection":[{"href":"https:\/\/www.europesays.com\/fr\/wp-json\/wp\/v2\/posts"}],"about":[{"href":"https:\/\/www.europesays.com\/fr\/wp-json\/wp\/v2\/types\/post"}],"author":[{"embeddable":true,"href":"https:\/\/www.europesays.com\/fr\/wp-json\/wp\/v2\/users\/2"}],"replies":[{"embeddable":true,"href":"https:\/\/www.europesays.com\/fr\/wp-json\/wp\/v2\/comments?post=107941"}],"version-history":[{"count":0,"href":"https:\/\/www.europesays.com\/fr\/wp-json\/wp\/v2\/posts\/107941\/revisions"}],"wp:featuredmedia":[{"embeddable":true,"href":"https:\/\/www.europesays.com\/fr\/wp-json\/wp\/v2\/media\/107942"}],"wp:attachment":[{"href":"https:\/\/www.europesays.com\/fr\/wp-json\/wp\/v2\/media?parent=107941"}],"wp:term":[{"taxonomy":"category","embeddable":true,"href":"https:\/\/www.europesays.com\/fr\/wp-json\/wp\/v2\/categories?post=107941"},{"taxonomy":"post_tag","embeddable":true,"href":"https:\/\/www.europesays.com\/fr\/wp-json\/wp\/v2\/tags?post=107941"}],"curies":[{"name":"wp","href":"https:\/\/api.w.org\/{rel}","templated":true}]}}