{"id":107947,"date":"2025-05-17T22:16:09","date_gmt":"2025-05-17T22:16:09","guid":{"rendered":"https:\/\/www.europesays.com\/fr\/107947\/"},"modified":"2025-05-17T22:16:09","modified_gmt":"2025-05-17T22:16:09","slug":"le-chef-de-la-diplomatie-russe-lavrov-et-son-homologue-americain-rubio-se-sont-parle-au-telephone-le-figaro","status":"publish","type":"post","link":"https:\/\/www.europesays.com\/fr\/107947\/","title":{"rendered":"Le chef de la diplomatie russe Lavrov et son homologue am\u00e9ricain Rubio se sont parl\u00e9 au t\u00e9l\u00e9phone &#8211; Le Figaro"},"content":{"rendered":"<ol>\n<li><a href=\"https:\/\/news.google.com\/rss\/articles\/CBMi2AFBVV95cUxQeHI1Q2ZvV256VTlEWG8xeG55dGRBRXdNeEVpM2EwRnhETlp5WGZqa0ZDQ1N3S0szNDUzeG5CSDVmWUhzQ3RZaVA2Qlo3OE5jbXhnNHF5enA4Q3ZRY2s5a0lvOWZMVW1PVlVEalE2M3N5ZjYzaUFNWEFnOUtleTZWX0V1S2drZzZNUTN2LUliYUZVMWFwazRHenBoaUxyeUVXQkRpOVpmYWZkbzFSQm1aeUlNZW9WLU1JajBWVGZ3WG1aNWt6cFRGb3loSjFUTUtxdGVMTk01SUg?oc=5\" target=\"_blank\" rel=\"noopener\">Le chef de la diplomatie russe Lavrov et son homologue am\u00e9ricain Rubio se sont parl\u00e9 au t\u00e9l\u00e9phone<\/a>&nbsp;&nbsp;Le Figaro<\/li>\n<li><a href=\"https:\/\/news.google.com\/rss\/articles\/CBMi8AFBVV95cUxNaWRORnlVRkNhRUlEd096NG1vNkpWVVlKdU1DOElTbEpXRHk3cndxekFDTXFONmp0YUNrT2MxNTBPUE5BU3VseEhxS05GNTdxYzlVZ0xqeWRuUWpycnlzUlp1OVJtTWRrQWJRT0pvMVBfb0dDS2pKejVqT21pVGZ2TXdUdC12NjN3d19rVFMwcC1hNTZPZkdydkxpYXdXbHh4MHhzcXpqX2trRkNOMElXeVhxVmdJRFFHNmVGelNBbDhEVzA1WWwxREZJclBSSjhpVjZDTTY0SnVXYnVQSnJTRC1PTmtWZjk3dGtTb19rQi0?oc=5\" target=\"_blank\" rel=\"noopener\">Guerre en Ukraine : le secr\u00e9taire d&rsquo;\u00c9tat am\u00e9ricain salue l&rsquo;accord sur les prisonniers et veut un \u00abcessez-le-feu imm\u00e9diat\u00bb<\/a>&nbsp;&nbsp;europe1.fr<\/li>\n<li><a href=\"https:\/\/news.google.com\/rss\/articles\/CBMiwwFBVV95cUxOaF9ZYzgyWFdDa0VHVkIxTnR6SjJscVkxNUE1aGx2NG9xM3hONDFId1hRUkx0Z0gzZ1VNVUVCMHljMmZXM1FVWWlvUWZjR0tFQmVBY2lXZUJVdTR2akRtVTlQdGs2VGc4RFhPX3NTQ3VMQndMd1R4LUY1Q1A3YXhCMDRwRWRzSElGUzEwSjlFbUh5a0VfOFNoeU1Ca2duV2VueThaaHo1UmVramdNZ24zbWxyX3ZMLXZ0OEx4bmgtWGpzRU0?oc=5\" target=\"_blank\" rel=\"noopener\">Ukraine: Rubio salue l&rsquo;accord d&rsquo;Istanbul sur l&rsquo;\u00e9change de prisonniers (porte-parole)<\/a>&nbsp;&nbsp;RFI<\/li>\n<li><a href=\"https:\/\/news.google.com\/rss\/articles\/CBMi9wFBVV95cUxQZVdyZnNUeDF1eVNSeC15c2FTRUdPSFpKZGp5TjNpS2oyT0cxNDRqSjZvc1ZyYUp6aE9wVXc0MEhNcmQ5NGIzWnFPNlZpdXRkSlZ6RWlzRUY0QWZFVmpnbktFcFNGNnBONTFmU1ZOQ3VDYXBJVEhHeFBHNFYyeEhyU0Q4aEp3NFU3a252NmZkQUxaN3luYkJXSFFZd2hNa1U5RTE2ZGZCNGlQeFJzeUJCdFgtOVVRNlVfSGNFeExRUC1hejVKbUZRRklXcmhQZi1weUE5dkxaS1Y5Tk1TWDFrSTROa2xKRi1BeHN4ZUlZWHJ4SUhPX0hZ0gH8AUFVX3lxTE9HUTl3UWJYVEplZE03RkdEWVhpSnU4bTJEbEpYMnZhUXJxbFQxY1FxMHR4bDNDSmxfaG1BcU44ZzRLYzhVMVczOE56dkcycEZOTnJQbVRBdE9IMWtORGtfY0hDMk1oQk03eFFyNEp3T3pwQUt0aHA1cWF0alJ6S1FUQWZjQS1sajd3c3RmZ3QtZ3JQRlZfWHUyWUlIWlB3TFBaRXRuaUpWekZ5TFF3b0JoM3lUWjVkUWRHVkdpTTkyMmQzRDVhdDJaMG1kbzdyY0ZSTkVpUUcwbUZNQlBiakNONm5hUmt4ZkFLMFRvZHdWVmR2U1I3V3pWelBHTg?oc=5\" target=\"_blank\" rel=\"noopener\">Lavrov et Rubio \u00e9changent sur l&rsquo;Ukraine avant un entretien Trump-Poutine<\/a>&nbsp;&nbsp;Boursorama<\/li>\n<li><a href=\"https:\/\/news.google.com\/rss\/articles\/CBMigwJBVV95cUxQb0FCYWQ1bjdkR0FTdkdaV3F3ZWQ4ZkdFbUgwWnFWLTVPbnNsTGdSMG9DM1ZWSkNWNm5oVFVmNXI5czdLTWRRbzNwUkJSU2xBLWd3cklDbkdqVkVFUDFEQUhOa0dfSjB2OXNNalR6TGNGbVp1dm1WVl9SQmNxWWU0cHFBYXlLMHZmQmZkSmgwOEJFcG5VUGZRN2hrYTVVc3lleUU0RF9HblNJSFlVbnFOMnN0X29qR2dvcWhrMzBfM1B6d1Q2T0tXSzN3SlF1aFdmT0dDd2lLNndsYlN2NGNteUwwNUZrbTVmMFVMY2hyWHpSalpUbkx3eTBUZWhWdmZwZXFj?oc=5\" target=\"_blank\" rel=\"noopener\">Invasion de l&rsquo;Ukraine &#8211; Ukraine: Rubio salue le r\u00f4le du Vatican dans les \u00e9changes de prisonniers<\/a>&nbsp;&nbsp;La Libre.be<\/li>\n<\/ol>\n","protected":false},"excerpt":{"rendered":"Le chef de la diplomatie russe Lavrov et son homologue am\u00e9ricain Rubio se sont parl\u00e9 au t\u00e9l\u00e9phone&nbsp;&nbsp;Le Figaro&hellip;\n","protected":false},"author":2,"featured_media":107948,"comment_status":"","ping_status":"","sticky":false,"template":"","format":"standard","meta":{"footnotes":""},"categories":[5],"tags":[1111,47,11,1109,1112,118,1108,107,1106,1107,1011,27,1110,1114,14,12,1113,316,28],"class_list":{"0":"post-107947","1":"post","2":"type-post","3":"status-publish","4":"format-standard","5":"has-post-thumbnail","7":"category-international","8":"tag-actu","9":"tag-actualite","10":"tag-actualites","11":"tag-breves","12":"tag-depeches","13":"tag-faits-divers","14":"tag-fil","15":"tag-fil-info","16":"tag-flash","17":"tag-flash-actu","18":"tag-fr","19":"tag-france","20":"tag-informations","21":"tag-infos","22":"tag-international","23":"tag-news","24":"tag-nouvelles","25":"tag-politique","26":"tag-world"},"share_on_mastodon":{"url":"https:\/\/pubeurope.com\/@fr\/114525489236875477","error":""},"_links":{"self":[{"href":"https:\/\/www.europesays.com\/fr\/wp-json\/wp\/v2\/posts\/107947","targetHints":{"allow":["GET"]}}],"collection":[{"href":"https:\/\/www.europesays.com\/fr\/wp-json\/wp\/v2\/posts"}],"about":[{"href":"https:\/\/www.europesays.com\/fr\/wp-json\/wp\/v2\/types\/post"}],"author":[{"embeddable":true,"href":"https:\/\/www.europesays.com\/fr\/wp-json\/wp\/v2\/users\/2"}],"replies":[{"embeddable":true,"href":"https:\/\/www.europesays.com\/fr\/wp-json\/wp\/v2\/comments?post=107947"}],"version-history":[{"count":0,"href":"https:\/\/www.europesays.com\/fr\/wp-json\/wp\/v2\/posts\/107947\/revisions"}],"wp:featuredmedia":[{"embeddable":true,"href":"https:\/\/www.europesays.com\/fr\/wp-json\/wp\/v2\/media\/107948"}],"wp:attachment":[{"href":"https:\/\/www.europesays.com\/fr\/wp-json\/wp\/v2\/media?parent=107947"}],"wp:term":[{"taxonomy":"category","embeddable":true,"href":"https:\/\/www.europesays.com\/fr\/wp-json\/wp\/v2\/categories?post=107947"},{"taxonomy":"post_tag","embeddable":true,"href":"https:\/\/www.europesays.com\/fr\/wp-json\/wp\/v2\/tags?post=107947"}],"curies":[{"name":"wp","href":"https:\/\/api.w.org\/{rel}","templated":true}]}}