{"id":1079475,"date":"2026-07-21T19:20:18","date_gmt":"2026-07-21T19:20:18","guid":{"rendered":"https:\/\/www.europesays.com\/fr\/1079475\/"},"modified":"2026-07-21T19:20:18","modified_gmt":"2026-07-21T19:20:18","slug":"en-allemagne-lexecutif-fragilise-par-le-recours-dun-tenor-conservateur-a-la-gpa","status":"publish","type":"post","link":"https:\/\/www.europesays.com\/fr\/1079475\/","title":{"rendered":"En Allemagne, l\u2019ex\u00e9cutif fragilis\u00e9 par le recours d\u2019un t\u00e9nor conservateur \u00e0 la GPA"},"content":{"rendered":"<p>\n    <strong>D\u00c9CRYPTAGE<\/strong> &#8211; Apr\u00e8s la d\u00e9mission du chef du groupe CDU-CSU au Bundestag, Jens Spahn, mis sous pression par son propre camp, le chancelier a laiss\u00e9 entendre qu\u2019un remaniement minist\u00e9riel pourrait survenir.<\/p>\n<p class=\"fig-paragraph\">Une annonce de naissance\u2026 Et trois jours plus tard, une autre de d\u00e9mission. Samedi, le pr\u00e9sident du groupe CDU-CSU au Bundestag, Jens Spahn, a fait savoir qu\u2019il quittait ses fonctions apr\u00e8s la vive pol\u00e9mique suscit\u00e9e par l\u2019annonce de son recours \u00e0 une\u00a0<a href=\"http:\/\/www.lefigaro.fr\/international\/pere-d-un-enfant-ne-sous-gpa-le-chef-des-deputes-conservateurs-allemands-demissionne-apres-des-critiques-dans-son-propre-camp-20260718\" data-fig-type=\"NewsFlash\" data-gtm-custom-categorie=\"navigation\" data-gtm-custom-action=\"crossclick\" data-gtm-custom-label=\"Contextuel\" data-gtm-event=\"customEventSPE\" data-fig-domain=\"LEFIGARO\" rel=\"nofollow noopener\" target=\"_blank\">gestation pour autrui (GPA)<\/a>\u00a0aux \u00c9tats-Unis avec son \u00e9poux. Une d\u00e9cision qui pourrait ouvrir la voie \u00e0 un remaniement minist\u00e9riel, a laiss\u00e9 entendre le chancelier Friedrich Merz (CDU), \u00e0 la t\u00eate d\u2019une coalition gouvernementale CDU-CSU-SPD\u00a0<a href=\"http:\/\/www.lefigaro.fr\/international\/impopularite-record-rumeurs-de-remplacement-revers-a-l-onu-friedrich-merz-le-chancelier-allemand-plus-affaibli-que-jamais-20260608\" target=\"_blank\" data-fig-type=\"Article\" rel=\"noopener nofollow\" data-gtm-custom-categorie=\"navigation\" data-gtm-custom-action=\"crossclick\" data-gtm-custom-label=\"Contextuel\" data-gtm-event=\"customEventSPE\" data-fig-domain=\"LEFIGARO\">fortement impopulaire<\/a>, min\u00e9e par les conflits et sous la pression de la forte mont\u00e9e de l\u2019extr\u00eame droite.<\/p>\n<p class=\"fig-paragraph\">Tout commence le mercredi 15\u00a0juillet, lorsque le tablo\u00efd\u00a0<a href=\"https:\/\/www.bild.de\/unterhaltung\/stars-und-leute\/cdu-politiker-jens-spahn-und-sein-ehemann-sind-papas-geworden-6a57392b664e99bc41e93660\" target=\"_blank\" rel=\"noopener nofollow\" data-gtm-custom-categorie=\"navigation\" data-gtm-custom-action=\"crossclick\" data-gtm-custom-label=\"Contextuel\" data-gtm-event=\"customEventSPE\">Bild<\/a> \u00a0r\u00e9v\u00e8le que Jens Spahn et Daniel Funke sont devenus parents. Un selfie partag\u00e9 par le couple montre les deux quadrag\u00e9naires avec une poussette. Dans un message adress\u00e9 \u00e0 leurs proches, ils \u00e9crivent\u00a0: \u00ab\u00a0Chers amis, notre fils Georg est n\u00e9. (\u2026) Nous sommes fous de joie et d\u2019amour pour notre petit gar\u00e7on et avons h\u00e2te de vous le pr\u00e9senter bient\u00f4t.\u00a0\u00bb<\/p>\n<p class=\"fig-premium-paywall__infos\">\n        Cet article est r\u00e9serv\u00e9 aux abonn\u00e9s.        Il vous reste 82% \u00e0 d\u00e9couvrir.\n    <\/p>\n<p>                <img  data- alt=\"Le Figaro\" class=\"fig-img--complete fig-img\"\/><\/p>\n<p class=\"fig-premium-paywall__title\">Vous avez envie de lire la suite ?<\/p>\n<p class=\"fig-premium-paywall__subtitle\">D\u00e9bloquez tous les articles imm\u00e9diatement.<\/p>\n<p class=\"fig-premium-paywall__connect\">\n                D\u00e9j\u00e0 abonn\u00e9\u00a0?                <a class=\"fig-premium-paywall__connect-link\" href=\"https:\/\/connect.lefigaro.fr\/login?client=horizon_web&amp;type=main&amp;redirect_uri=https%3A%2F%2Fwww.lefigaro.fr%2Finternational%2Fen-allemagne-l-executif-fragilise-par-le-recours-d-un-tenor-conservateur-a-la-gpa-20260721\" data-js-gtm=\"{&quot;event&quot;:&quot;customEventGA4&quot;,&quot;eventName&quot;:&quot;click_action&quot;,&quot;feature&quot;:&quot;paywall&quot;,&quot;location&quot;:&quot;paywall&quot;,&quot;button_action&quot;:&quot;connect&quot;,&quot;click_text&quot;:&quot;Connectez-vous&quot;}\" rel=\"nofollow noopener\" target=\"_blank\"><br \/>\n                    Connectez-vous<br \/>\n                <\/a>\n            <\/p>\n","protected":false},"excerpt":{"rendered":"D\u00c9CRYPTAGE &#8211; Apr\u00e8s la d\u00e9mission du chef du groupe CDU-CSU au Bundestag, Jens Spahn, mis sous pression par&hellip;\n","protected":false},"author":2,"featured_media":1079476,"comment_status":"","ping_status":"","sticky":false,"template":"","format":"standard","meta":{"footnotes":"","_share_on_mastodon":"0"},"categories":[1587],"tags":[11,672,1804,1805,1803,1777,674,4710,1801,18868,12,1802],"class_list":["post-1079475","post","type-post","status-publish","format-standard","has-post-thumbnail","category-allemagne","tag-actualites","tag-allemagne","tag-bundesrepublik-deutschland","tag-de","tag-deutschland","tag-eu","tag-europe","tag-friedrich-merz","tag-germany","tag-gpa","tag-news","tag-republique-federale-dallemagne"],"share_on_mastodon":{"url":"https:\/\/pubeurope.com\/@fr\/116959591025082393","error":""},"_links":{"self":[{"href":"https:\/\/www.europesays.com\/fr\/wp-json\/wp\/v2\/posts\/1079475","targetHints":{"allow":["GET"]}}],"collection":[{"href":"https:\/\/www.europesays.com\/fr\/wp-json\/wp\/v2\/posts"}],"about":[{"href":"https:\/\/www.europesays.com\/fr\/wp-json\/wp\/v2\/types\/post"}],"author":[{"embeddable":true,"href":"https:\/\/www.europesays.com\/fr\/wp-json\/wp\/v2\/users\/2"}],"replies":[{"embeddable":true,"href":"https:\/\/www.europesays.com\/fr\/wp-json\/wp\/v2\/comments?post=1079475"}],"version-history":[{"count":0,"href":"https:\/\/www.europesays.com\/fr\/wp-json\/wp\/v2\/posts\/1079475\/revisions"}],"wp:featuredmedia":[{"embeddable":true,"href":"https:\/\/www.europesays.com\/fr\/wp-json\/wp\/v2\/media\/1079476"}],"wp:attachment":[{"href":"https:\/\/www.europesays.com\/fr\/wp-json\/wp\/v2\/media?parent=1079475"}],"wp:term":[{"taxonomy":"category","embeddable":true,"href":"https:\/\/www.europesays.com\/fr\/wp-json\/wp\/v2\/categories?post=1079475"},{"taxonomy":"post_tag","embeddable":true,"href":"https:\/\/www.europesays.com\/fr\/wp-json\/wp\/v2\/tags?post=1079475"}],"curies":[{"name":"wp","href":"https:\/\/api.w.org\/{rel}","templated":true}]}}