{"id":107952,"date":"2025-05-17T22:22:02","date_gmt":"2025-05-17T22:22:02","guid":{"rendered":"https:\/\/www.europesays.com\/fr\/107952\/"},"modified":"2025-05-17T22:22:02","modified_gmt":"2025-05-17T22:22:02","slug":"nancy-airbnb-meme-pas-peur-expriment-les-hebergeurs-de-gites-de-france-2","status":"publish","type":"post","link":"https:\/\/www.europesays.com\/fr\/107952\/","title":{"rendered":"Nancy. Airbnb\u00a0? \u00ab\u00a0M\u00eame pas peur\u00a0\u00bb expriment les h\u00e9bergeurs de G\u00eetes de France"},"content":{"rendered":"<p>Airbnb\u00a0? \u00ab\u00a0On ne fait pas le m\u00eame m\u00e9tier\u00a0\u00bb coupe, p\u00e9remptoire Sylvie Pellegrin, pr\u00e9sidente nationale des <a href=\"https:\/\/www.estrepublicain.fr\/economie\/2025\/04\/18\/le-defi-des-gites-de-france-est-de-continuer-a-resister-aux-mastodontes\" target=\"_blank\" rel=\"nofollow noopener\">G\u00eetes de France<\/a>. R\u00e9unis pendant plusieurs jours au Centre Prouv\u00e9 de Nancy, les membres de cette entreprise de loisirs, qui tisse sa toile depuis plus de 70 ans en France \u00e0 travers les d\u00e9partements, ont conscience de figurer parmi les r\u00e9f\u00e9rences incontournables sur le march\u00e9 des vacances lorsqu\u2019il s\u2019agit, pour les particuliers, de se d\u00e9finir un point de chute pour les prochaines \u00e9tapes de repos.<\/p>\n<p>Et il en va ainsi depuis 70 ans, bien avant l\u2019arriv\u00e9e tonitruante&#8230;<\/p>\n","protected":false},"excerpt":{"rendered":"Airbnb\u00a0? \u00ab\u00a0On ne fait pas le m\u00eame m\u00e9tier\u00a0\u00bb coupe, p\u00e9remptoire Sylvie Pellegrin, pr\u00e9sidente nationale des G\u00eetes de France.&hellip;\n","protected":false},"author":2,"featured_media":107953,"comment_status":"","ping_status":"","sticky":false,"template":"","format":"standard","meta":{"footnotes":""},"categories":[9635],"tags":[1111,11,1687,1777,674,1011,27,775,1702,12,3456,25],"class_list":{"0":"post-107952","1":"post","2":"type-post","3":"status-publish","4":"format-standard","5":"has-post-thumbnail","7":"category-nancy","8":"tag-actu","9":"tag-actualites","10":"tag-culture-loisirs","11":"tag-eu","12":"tag-europe","13":"tag-fr","14":"tag-france","15":"tag-grand-est","16":"tag-nancy","17":"tag-news","18":"tag-region-lorraine","19":"tag-republique-francaise"},"share_on_mastodon":{"url":"https:\/\/pubeurope.com\/@fr\/114525512887792091","error":""},"_links":{"self":[{"href":"https:\/\/www.europesays.com\/fr\/wp-json\/wp\/v2\/posts\/107952","targetHints":{"allow":["GET"]}}],"collection":[{"href":"https:\/\/www.europesays.com\/fr\/wp-json\/wp\/v2\/posts"}],"about":[{"href":"https:\/\/www.europesays.com\/fr\/wp-json\/wp\/v2\/types\/post"}],"author":[{"embeddable":true,"href":"https:\/\/www.europesays.com\/fr\/wp-json\/wp\/v2\/users\/2"}],"replies":[{"embeddable":true,"href":"https:\/\/www.europesays.com\/fr\/wp-json\/wp\/v2\/comments?post=107952"}],"version-history":[{"count":0,"href":"https:\/\/www.europesays.com\/fr\/wp-json\/wp\/v2\/posts\/107952\/revisions"}],"wp:featuredmedia":[{"embeddable":true,"href":"https:\/\/www.europesays.com\/fr\/wp-json\/wp\/v2\/media\/107953"}],"wp:attachment":[{"href":"https:\/\/www.europesays.com\/fr\/wp-json\/wp\/v2\/media?parent=107952"}],"wp:term":[{"taxonomy":"category","embeddable":true,"href":"https:\/\/www.europesays.com\/fr\/wp-json\/wp\/v2\/categories?post=107952"},{"taxonomy":"post_tag","embeddable":true,"href":"https:\/\/www.europesays.com\/fr\/wp-json\/wp\/v2\/tags?post=107952"}],"curies":[{"name":"wp","href":"https:\/\/api.w.org\/{rel}","templated":true}]}}