{"id":107954,"date":"2025-05-17T22:23:09","date_gmt":"2025-05-17T22:23:09","guid":{"rendered":"https:\/\/www.europesays.com\/fr\/107954\/"},"modified":"2025-05-17T22:23:09","modified_gmt":"2025-05-17T22:23:09","slug":"le-nancy-handball-disputera-bien-son-quart-de-finale-aux-nations","status":"publish","type":"post","link":"https:\/\/www.europesays.com\/fr\/107954\/","title":{"rendered":"le Nancy Handball disputera bien son quart de finale aux Nations"},"content":{"rendered":"<p>Le hasard des r\u00e9sultats et des calendriers sportifs fait parfois mal les choses. La probabilit\u00e9 en d\u00e9but de saison pour que le Nancy Handball et le SLUC, qui occupent \u00e0 tour de r\u00f4le le Palais des Sports de Gentilly durant la saison r\u00e9guli\u00e8re, se retrouvent \u00e0 disputer le m\u00eame jour un match de phase finale \u00e0 la maison, \u00e9tait \u00e0 peu pr\u00e8s aussi \u00e9lev\u00e9e que de trouver les cinq num\u00e9ros du loto. Et pourtant\u2026 Les deux clubs de l\u2019agglo seront de service ce mardi soir : le NH en quart de finale aller de Proligue face \u00e0 Frontignan, le SLUC en \u00ab play-in \u00bb sec face \u00e0 Saint-Quentin.<\/p>\n<p>Un sacr\u00e9 casse t\u00eate qui contraint les handballeurs \u00e0 \u00ab redescendre \u00bb au Palais des sports des Nations de Vandoeuvre, d\u2019une capacit\u00e9 nettement moindre que Jean-Weille. La billetterie est officiellement ouverte depuis ce samedi. Mais avec une jauge \u00e0 moins de 2.000 places (contre 5.500 \u00e0 Gentilly), cela repr\u00e9sente un sacr\u00e9 manque \u00e0 gagner pour un club qui avait attir\u00e9 plus de 4.000 spectateurs pour sa derni\u00e8re sortie de l\u2019ann\u00e9e, vendredi contre Massy. Et un choix corn\u00e9lien \u00e0 effectuer pour tous les amoureux de sport nanc\u00e9iens, qui auraient aim\u00e9 pouvoir profiter de ces deux temps forts de la saison.<\/p>\n","protected":false},"excerpt":{"rendered":"Le hasard des r\u00e9sultats et des calendriers sportifs fait parfois mal les choses. La probabilit\u00e9 en d\u00e9but de&hellip;\n","protected":false},"author":2,"featured_media":107955,"comment_status":"","ping_status":"","sticky":false,"template":"","format":"standard","meta":{"footnotes":""},"categories":[9635],"tags":[1111,11,1704,1777,674,1011,27,775,1792,1702,13622,1703,12,25,517,1700],"class_list":{"0":"post-107954","1":"post","2":"type-post","3":"status-publish","4":"format-standard","5":"has-post-thumbnail","7":"category-nancy","8":"tag-actu","9":"tag-actualites","10":"tag-edition-nancy-et-agglomeration","11":"tag-eu","12":"tag-europe","13":"tag-fr","14":"tag-france","15":"tag-grand-est","16":"tag-handball","17":"tag-nancy","18":"tag-nancy-handball","19":"tag-nancy-ville-54b","20":"tag-news","21":"tag-republique-francaise","22":"tag-sport","23":"tag-sport-lorrain"},"share_on_mastodon":{"url":"https:\/\/pubeurope.com\/@fr\/114525516782910064","error":""},"_links":{"self":[{"href":"https:\/\/www.europesays.com\/fr\/wp-json\/wp\/v2\/posts\/107954","targetHints":{"allow":["GET"]}}],"collection":[{"href":"https:\/\/www.europesays.com\/fr\/wp-json\/wp\/v2\/posts"}],"about":[{"href":"https:\/\/www.europesays.com\/fr\/wp-json\/wp\/v2\/types\/post"}],"author":[{"embeddable":true,"href":"https:\/\/www.europesays.com\/fr\/wp-json\/wp\/v2\/users\/2"}],"replies":[{"embeddable":true,"href":"https:\/\/www.europesays.com\/fr\/wp-json\/wp\/v2\/comments?post=107954"}],"version-history":[{"count":0,"href":"https:\/\/www.europesays.com\/fr\/wp-json\/wp\/v2\/posts\/107954\/revisions"}],"wp:featuredmedia":[{"embeddable":true,"href":"https:\/\/www.europesays.com\/fr\/wp-json\/wp\/v2\/media\/107955"}],"wp:attachment":[{"href":"https:\/\/www.europesays.com\/fr\/wp-json\/wp\/v2\/media?parent=107954"}],"wp:term":[{"taxonomy":"category","embeddable":true,"href":"https:\/\/www.europesays.com\/fr\/wp-json\/wp\/v2\/categories?post=107954"},{"taxonomy":"post_tag","embeddable":true,"href":"https:\/\/www.europesays.com\/fr\/wp-json\/wp\/v2\/tags?post=107954"}],"curies":[{"name":"wp","href":"https:\/\/api.w.org\/{rel}","templated":true}]}}