{"id":107964,"date":"2025-05-17T22:33:09","date_gmt":"2025-05-17T22:33:09","guid":{"rendered":"https:\/\/www.europesays.com\/fr\/107964\/"},"modified":"2025-05-17T22:33:09","modified_gmt":"2025-05-17T22:33:09","slug":"un-triomphe-pour-mandanda-au-velodrome","status":"publish","type":"post","link":"https:\/\/www.europesays.com\/fr\/107964\/","title":{"rendered":"un triomphe pour Mandanda au V\u00e9lodrome"},"content":{"rendered":"<p>Soudain, le temps s\u2019est arr\u00eat\u00e9. Le Vel&rsquo;, retourn\u00e9 une quatri\u00e8me et derni\u00e8re fois par Adrien Rabiot (90+\u00a02), n\u2019avait pas encore repris son souffle qu\u2019Habib Beye lui r\u00e9servait une inoubliable surprise. Pensant c\u00e9l\u00e9brer <a href=\"https:\/\/www.laprovence.com\/article\/om\/1937061703317614\/om-adrien-rabiot-designe-olympien-de-la-saison-par-les-supporters\" target=\"_blank\" rel=\"nofollow noopener\">le \u00ab\u00a0Duc\u00a0\u00bb, \u00e9lu Olympien de la saison<\/a> et auteur d\u2019un doubl\u00e9, les 57\u00a0274 fadas amass\u00e9s dans l\u2019enceinte du boulevard Michelet sont rest\u00e9s debout pour une autre personne. Une l\u00e9gende, le Marseillais le plus cap\u00e9 de l\u2019histoire (613 apparitions entre\u00a02007 et\u00a02022). <a href=\"https:\/\/www.laprovence.com\/article\/om\/3590497798320314\/om-rennes-mandanda-la-boucle-bouclee-au-velodrome\" target=\"_blank\" rel=\"nofollow noopener\">Steve Mandanda<\/a>.<\/p>\n","protected":false},"excerpt":{"rendered":"Soudain, le temps s\u2019est arr\u00eat\u00e9. Le Vel&rsquo;, retourn\u00e9 une quatri\u00e8me et derni\u00e8re fois par Adrien Rabiot (90+\u00a02), n\u2019avait&hellip;\n","protected":false},"author":2,"featured_media":107965,"comment_status":"","ping_status":"","sticky":false,"template":"","format":"standard","meta":{"footnotes":""},"categories":[2821],"tags":[22579,17,1111,11,829,1777,674,1011,27,22500,12,149,22578,471,584,25,22580,957],"class_list":{"0":"post-107964","1":"post","2":"type-post","3":"status-publish","4":"format-standard","5":"has-post-thumbnail","7":"category-rennes","8":"tag-4-2","9":"tag-17","10":"tag-actu","11":"tag-actualites","12":"tag-bretagne","13":"tag-eu","14":"tag-europe","15":"tag-fr","16":"tag-france","17":"tag-mandanda","18":"tag-news","19":"tag-om","20":"tag-om-rennes","21":"tag-pour","22":"tag-rennes","23":"tag-republique-francaise","24":"tag-triomphe","25":"tag-velodrome"},"share_on_mastodon":{"url":"https:\/\/pubeurope.com\/@fr\/114525556192597159","error":""},"_links":{"self":[{"href":"https:\/\/www.europesays.com\/fr\/wp-json\/wp\/v2\/posts\/107964","targetHints":{"allow":["GET"]}}],"collection":[{"href":"https:\/\/www.europesays.com\/fr\/wp-json\/wp\/v2\/posts"}],"about":[{"href":"https:\/\/www.europesays.com\/fr\/wp-json\/wp\/v2\/types\/post"}],"author":[{"embeddable":true,"href":"https:\/\/www.europesays.com\/fr\/wp-json\/wp\/v2\/users\/2"}],"replies":[{"embeddable":true,"href":"https:\/\/www.europesays.com\/fr\/wp-json\/wp\/v2\/comments?post=107964"}],"version-history":[{"count":0,"href":"https:\/\/www.europesays.com\/fr\/wp-json\/wp\/v2\/posts\/107964\/revisions"}],"wp:featuredmedia":[{"embeddable":true,"href":"https:\/\/www.europesays.com\/fr\/wp-json\/wp\/v2\/media\/107965"}],"wp:attachment":[{"href":"https:\/\/www.europesays.com\/fr\/wp-json\/wp\/v2\/media?parent=107964"}],"wp:term":[{"taxonomy":"category","embeddable":true,"href":"https:\/\/www.europesays.com\/fr\/wp-json\/wp\/v2\/categories?post=107964"},{"taxonomy":"post_tag","embeddable":true,"href":"https:\/\/www.europesays.com\/fr\/wp-json\/wp\/v2\/tags?post=107964"}],"curies":[{"name":"wp","href":"https:\/\/api.w.org\/{rel}","templated":true}]}}