{"id":107968,"date":"2025-05-17T22:35:14","date_gmt":"2025-05-17T22:35:14","guid":{"rendered":"https:\/\/www.europesays.com\/fr\/107968\/"},"modified":"2025-05-17T22:35:14","modified_gmt":"2025-05-17T22:35:14","slug":"strasbourg-dans-les-rues-du-centre-ville-des-supporters-du-racing-decus-par-le-denouement-de-la-saison","status":"publish","type":"post","link":"https:\/\/www.europesays.com\/fr\/107968\/","title":{"rendered":"Strasbourg. Dans les rues du centre-ville, des supporters du Racing d\u00e9\u00e7us par le d\u00e9nouement de la saison"},"content":{"rendered":"<p>Au coup de sifflet final du match <a href=\"https:\/\/www.dna.fr\/sport\/2025\/05\/17\/racing-le-havre-en-direct-coup-d-envoi-a-21h\" target=\"_blank\" rel=\"noopener\">entre le Racing Strasbourg et Le Havre, perdu 2-3 par les Alsaciens<\/a>, la d\u00e9ception \u00e9tait palpable chez les supporters. Crois\u00e9s rue des Grandes-Arcades, Lilian et Ga\u00ebtan, venus de Mothern, ne cachaient pas leur amertume.<\/p>\n<p>\u00ab \u00c7a fait mal \u00bb, l\u00e2chent les deux amis. \u00ab Le Havre a mis la pression, surtout en deuxi\u00e8me mi-temps, pour assurer son maintien. On a fait trop de fautes b\u00eates\u2026 surtout la derni\u00e8re. \u00bb<\/p>\n<p>Malgr\u00e9 tout, les deux supporters veulent retenir le positif. \u00ab C\u2019\u00e9tait quand m\u00eame une belle saison \u00bb, relativisent-ils, avant de conclure avec fair-play : \u00ab Ce soir, il y a au moins un heureux ! \u00bb<\/p>\n<p>Un peu plus loin, Kevin et \u00c9milien partagent le m\u00eame sentiment. Le premier est un \u00e9tudiant haut-rhinois install\u00e9 \u00e0 Strasbourg, le second vit \u00e0 Hoenheim. \u00ab On \u00e9tait dans le kop\u00a0\u00bb, confient-ils. \u00ab\u00a0Ce soir, on ressent un m\u00e9lange de d\u00e9ception et d\u2019envie de revenir en ao\u00fbt. \u00bb<\/p>\n<p>Mais, comme beaucoup, ils veulent croire en un petit miracle. \u00ab Malgr\u00e9 tout, la saison \u00e9tait g\u00e9niale, incroyable. Et puis tout n\u2019est pas fini. Il reste la Coupe de France. Si Paris gagne, on jouera la Conf\u00e9rence League. Ce serait un bon argument pour garder nos meilleurs joueurs ! \u00bb<\/p>\n","protected":false},"excerpt":{"rendered":"Au coup de sifflet final du match entre le Racing Strasbourg et Le Havre, perdu 2-3 par les&hellip;\n","protected":false},"author":2,"featured_media":107969,"comment_status":"","ping_status":"","sticky":false,"template":"","format":"standard","meta":{"footnotes":""},"categories":[2820],"tags":[1111,11,2389,2649,2880,1777,674,107,63,1011,27,775,12,9371,25,517,640],"class_list":{"0":"post-107968","1":"post","2":"type-post","3":"status-publish","4":"format-standard","5":"has-post-thumbnail","7":"category-strasbourg","8":"tag-actu","9":"tag-actualites","10":"tag-alsace","11":"tag-bas-rhin","12":"tag-edition-strasbourg","13":"tag-eu","14":"tag-europe","15":"tag-fil-info","16":"tag-football","17":"tag-fr","18":"tag-france","19":"tag-grand-est","20":"tag-news","21":"tag-rcsa-racing-club-strasbourg","22":"tag-republique-francaise","23":"tag-sport","24":"tag-strasbourg"},"share_on_mastodon":{"url":"https:\/\/pubeurope.com\/@fr\/114525564001790836","error":""},"_links":{"self":[{"href":"https:\/\/www.europesays.com\/fr\/wp-json\/wp\/v2\/posts\/107968","targetHints":{"allow":["GET"]}}],"collection":[{"href":"https:\/\/www.europesays.com\/fr\/wp-json\/wp\/v2\/posts"}],"about":[{"href":"https:\/\/www.europesays.com\/fr\/wp-json\/wp\/v2\/types\/post"}],"author":[{"embeddable":true,"href":"https:\/\/www.europesays.com\/fr\/wp-json\/wp\/v2\/users\/2"}],"replies":[{"embeddable":true,"href":"https:\/\/www.europesays.com\/fr\/wp-json\/wp\/v2\/comments?post=107968"}],"version-history":[{"count":0,"href":"https:\/\/www.europesays.com\/fr\/wp-json\/wp\/v2\/posts\/107968\/revisions"}],"wp:featuredmedia":[{"embeddable":true,"href":"https:\/\/www.europesays.com\/fr\/wp-json\/wp\/v2\/media\/107969"}],"wp:attachment":[{"href":"https:\/\/www.europesays.com\/fr\/wp-json\/wp\/v2\/media?parent=107968"}],"wp:term":[{"taxonomy":"category","embeddable":true,"href":"https:\/\/www.europesays.com\/fr\/wp-json\/wp\/v2\/categories?post=107968"},{"taxonomy":"post_tag","embeddable":true,"href":"https:\/\/www.europesays.com\/fr\/wp-json\/wp\/v2\/tags?post=107968"}],"curies":[{"name":"wp","href":"https:\/\/api.w.org\/{rel}","templated":true}]}}