{"id":107986,"date":"2025-05-17T22:46:08","date_gmt":"2025-05-17T22:46:08","guid":{"rendered":"https:\/\/www.europesays.com\/fr\/107986\/"},"modified":"2025-05-17T22:46:08","modified_gmt":"2025-05-17T22:46:08","slug":"lecole-melinee-et-missak-manouchian-nouveau-coeur-de-quartier-a-la-capelette","status":"publish","type":"post","link":"https:\/\/www.europesays.com\/fr\/107986\/","title":{"rendered":"l&rsquo;\u00e9cole M\u00e9lin\u00e9e et Missak Manouchian, nouveau c\u0153ur de quartier \u00e0 la Capelette"},"content":{"rendered":"<p>Les portes de l\u2019\u00e9cole flambant neuve <a href=\"https:\/\/www.laprovence.com\/article\/societe\/16431656478664\/missak-manouchian-du-mont-valerien-au-pantheon-un-travail-qui-a-pris-racine-a-marseille-il-y-a-10-ans\" target=\"_blank\" rel=\"noopener\">M\u00e9lin\u00e9e et Missak<\/a>\u00a0<a href=\"https:\/\/www.laprovence.com\/article\/region\/17724063417768\/missak-et-melinee-manouchian-un-couple-dans-la-tourmente-de-l-histoire\" target=\"_blank\" rel=\"noopener\">Manouchian<\/a>, \u00e0 la <a href=\"https:\/\/www.laprovence.com\/article\/societe\/92968711432755\/quartiers-de-marseille-la-capelette-par-celles-et-ceux-qui-la-font-vivre\" target=\"_blank\" rel=\"noopener\">Capelette <\/a>(10e), se sont ouvertes samedi sur les portraits, en noir et blanc, et de grands panneaux sur l\u2019histoire tragique des deux h\u00e9ros arm\u00e9niens et r\u00e9sistants entr\u00e9s au <a href=\"https:\/\/www.laprovence.com\/article\/region\/55118424429124\/manouchian-au-pantheon-un-moment-historique-pour-des-lyceens-venus-de-marseille\" target=\"_blank\" rel=\"noopener\">Panth\u00e9on en f\u00e9vrier\u00a02024<\/a>. \u00ab\u00a0Pour un endroit o\u00f9 l\u2019on grandit et o\u00f9 l\u2019on s\u2019\u00e9mancipe, le choix du nom est important et le message est fort. M\u00e9lin\u00e9e et Missak Manouchian, c\u2019est le courage, la d\u00e9termination, et nous voulons transmettre cela aux \u00e9l\u00e8ves\u00a0\u00bb, a salu\u00e9 ce week-end le maire (DVG) de la ville, <a href=\"https:\/\/www.laprovence.com\/article\/region\/1660501435165215\/en-armenie-le-maire-de-marseille-benoit-payan-prone-la-paix\" target=\"_blank\" rel=\"noopener\">Beno\u00eet Payan,<\/a> qui a officialis\u00e9 il y a quelques jours depuis l\u2019Arm\u00e9nie le jumelage de Marseille \u00e0 Erevan.<\/p>\n<p>Les 200 \u00e9l\u00e8ves de primaire et de maternelle y ont d\u00e9j\u00e0 classe depuis le 17\u00a0mars, mais c\u2019est seulement ce samedi que l\u2019\u00e9tablissement a officiellement \u00e9t\u00e9 inaugur\u00e9 par l\u2019\u00e9dile, les \u00e9lus de la majorit\u00e9 municipale et les \u00e9lus de secteur qui ont, comme le veut la coutume, d\u00e9voil\u00e9 la plaque de l\u2019\u00e9cole dans la grande cour ombrag\u00e9e.<\/p>\n","protected":false},"excerpt":{"rendered":"Les portes de l\u2019\u00e9cole flambant neuve M\u00e9lin\u00e9e et Missak\u00a0Manouchian, \u00e0 la Capelette (10e), se sont ouvertes samedi sur&hellip;\n","protected":false},"author":2,"featured_media":107987,"comment_status":"","ping_status":"","sticky":false,"template":"","format":"standard","meta":{"footnotes":""},"categories":[2814],"tags":[17,1111,11,6521,1777,674,1011,27,4112,22583,884,22581,22582,12,4565,882,16,25],"class_list":{"0":"post-107986","1":"post","2":"type-post","3":"status-publish","4":"format-standard","5":"has-post-thumbnail","7":"category-marseille","8":"tag-17","9":"tag-actu","10":"tag-actualites","11":"tag-coeur","12":"tag-eu","13":"tag-europe","14":"tag-fr","15":"tag-france","16":"tag-lecole","17":"tag-manouchian","18":"tag-marseille","19":"tag-melinee","20":"tag-missak","21":"tag-news","22":"tag-nouveau","23":"tag-provence-alpes-cote-dazur","24":"tag-region","25":"tag-republique-francaise"},"share_on_mastodon":{"url":"https:\/\/pubeurope.com\/@fr\/114525607222783358","error":""},"_links":{"self":[{"href":"https:\/\/www.europesays.com\/fr\/wp-json\/wp\/v2\/posts\/107986","targetHints":{"allow":["GET"]}}],"collection":[{"href":"https:\/\/www.europesays.com\/fr\/wp-json\/wp\/v2\/posts"}],"about":[{"href":"https:\/\/www.europesays.com\/fr\/wp-json\/wp\/v2\/types\/post"}],"author":[{"embeddable":true,"href":"https:\/\/www.europesays.com\/fr\/wp-json\/wp\/v2\/users\/2"}],"replies":[{"embeddable":true,"href":"https:\/\/www.europesays.com\/fr\/wp-json\/wp\/v2\/comments?post=107986"}],"version-history":[{"count":0,"href":"https:\/\/www.europesays.com\/fr\/wp-json\/wp\/v2\/posts\/107986\/revisions"}],"wp:featuredmedia":[{"embeddable":true,"href":"https:\/\/www.europesays.com\/fr\/wp-json\/wp\/v2\/media\/107987"}],"wp:attachment":[{"href":"https:\/\/www.europesays.com\/fr\/wp-json\/wp\/v2\/media?parent=107986"}],"wp:term":[{"taxonomy":"category","embeddable":true,"href":"https:\/\/www.europesays.com\/fr\/wp-json\/wp\/v2\/categories?post=107986"},{"taxonomy":"post_tag","embeddable":true,"href":"https:\/\/www.europesays.com\/fr\/wp-json\/wp\/v2\/tags?post=107986"}],"curies":[{"name":"wp","href":"https:\/\/api.w.org\/{rel}","templated":true}]}}