{"id":1079957,"date":"2026-07-22T00:25:16","date_gmt":"2026-07-22T00:25:16","guid":{"rendered":"https:\/\/www.europesays.com\/fr\/1079957\/"},"modified":"2026-07-22T00:25:16","modified_gmt":"2026-07-22T00:25:16","slug":"estoril-les-francais-impitoyables-avec-les-finalistes-dumag","status":"publish","type":"post","link":"https:\/\/www.europesays.com\/fr\/1079957\/","title":{"rendered":"Estoril: Les Fran\u00e7ais impitoyables avec les finalistes d&rsquo;Umag"},"content":{"rendered":"<p><strong>Kyrian Jacquet a \u00e9limin\u00e9 au<br \/>\npremier tour du tournoi d&rsquo;Estoril Daniel Merida, qui venait de<br \/>\nremporter le tournoi d&rsquo;Umag. Hugo Gaston a quant \u00e0 lui b\u00e9n\u00e9fici\u00e9 de<br \/>\nl&rsquo;abandon rapide de Damir Dzumhur, finaliste en<br \/>\nCroatie.<\/strong><\/p>\n<p>Affronter un joueur qui vient de remporter un tournoi peut \u00eatre<br \/>\n\u00e0 double tranchant : cela signifie que votre adversaire est en<br \/>\npleine forme, mais aussi qu\u2019il a cumul\u00e9 de la fatigue physique et<br \/>\npsychologique la semaine pr\u00e9c\u00e9dente. Kyrian Jacquet (134e) en<br \/>\nfaisait l\u2019exp\u00e9rience ce mardi pour son entr\u00e9e en lice \u00e0 Estoril, o\u00f9<br \/>\nil d\u00e9fiait l\u2019Espagnol de 21 ans Daniel Merida (59e), qui avait<br \/>\nremport\u00e9 samedi le premier tournoi de sa carri\u00e8re, l\u2019ATP 250<br \/>\nd\u2019Umag. Et c\u2019est le Fran\u00e7ais qui s\u2019est impos\u00e9, sur le score de 1-6,<br \/>\n6-1, 7-5 en 1h36.<\/p>\n<p>Jacquet fait craquer<br \/>\nMerida<\/p>\n<p>Lucky-loser apr\u00e8s avoir jou\u00e9 deux matchs de qualification,<br \/>\nKyrian Jacquet \u00e9tait plus habitu\u00e9 \u00e0 la terre portugaise que son<br \/>\nadversaire du jour, mais c\u2019est pourtant Merida qui a sign\u00e9 le<br \/>\nmeilleur d\u00e9part, en menant 4-0 puis 5-1 dans la premi\u00e8re manche,<br \/>\navant de l\u2019emporter sur sa troisi\u00e8me balle de set, sur le service<br \/>\ndu Fran\u00e7ais. Mais Jacquet lui a rendu la monnaie de sa pi\u00e8ce en<br \/>\ngagnant le deuxi\u00e8me set de la m\u00eame fa\u00e7on qu\u2019il avait perdu le<br \/>\npremier : c\u2019est lui qui a men\u00e9 4-0 puis 5-1, et a empoch\u00e9 la manche<br \/>\nen breakant. Tout s\u2019est donc jou\u00e9 lors du troisi\u00e8me set, qui a \u00e9t\u00e9<br \/>\nbeaucoup plus serr\u00e9. Jacquet a sauv\u00e9 quatre balles de break mais a<br \/>\ntenu jusqu\u2019\u00e0 4-4. Il a alors fini par perdre son service sur un jeu<br \/>\nblanc, mais Merida a craqu\u00e9 au moment de servir pour le match,<br \/>\npermettant \u00e0 Jacquet de revenir \u00e0 5-5. Et finalement, \u00e0 6-5 en sa<br \/>\nfaveur, c\u2019est le Lyonnais de 24 ans qui a sign\u00e9 le break d\u00e9cisif<br \/>\npour s\u2019imposer, sur sa troisi\u00e8me balle de match. Il affrontera la<br \/>\nt\u00eate de s\u00e9rie n\u00b04, le Belge Blockx, pour une place en quarts.<\/p>\n<p>Premier huiti\u00e8me pour<br \/>\nGaston<\/p>\n<p>Depuis novembre dernier \u00e0 Metz, Hugo Gaston n\u2019avait plus disput\u00e9<br \/>\nun huiti\u00e8me de finale sur le circuit ATP, lui dont le classement<br \/>\n(109e cette semaine) le contraint le plus souvent \u00e0 jouer sur le<br \/>\ncircuit Challenger. Mais le Toulousain verra bien les huiti\u00e8mes<br \/>\ncette semaine sur la terre battue d\u2019Estoril. Et sa victoire en<br \/>\nseizi\u00e8mes a \u00e9t\u00e9 on ne peut plus express. Oppos\u00e9 au 87e mondial<br \/>\nDamir Dzumhur, Gaston n\u2019est rest\u00e9 que 25 minutes sur le court, le<br \/>\ntemps de voir son adversaire bosnien, alors men\u00e9 5-0, abandonner.<br \/>\nLe Fran\u00e7ais a remport\u00e9 27 des 38 points disput\u00e9s lors de ce match<br \/>\ntronqu\u00e9, et le voici donc en huiti\u00e8mes, avec virtuellement quatre<br \/>\nplaces gagn\u00e9es au classement. Il affrontera un autre Fran\u00e7ais,<br \/>\nTitouan Droguet, qui s\u2019est qualifi\u00e9 lundi.<\/p>\n<p>A noter \u00e9galement ce mardi la qualification facile de deux t\u00eates<br \/>\nde s\u00e9rie : le Portugais Nuno Borges (n\u00b05) sur le score de 6-3, 6-3<br \/>\ncontre le qualifi\u00e9 br\u00e9silien Luz, et l\u2019Espagnol Pablo Carreno Busta<br \/>\n(n\u00b08) sur le score de 6-1, 6-3 contre le lucky-loser lituanien<br \/>\nVilius Gaubas.<\/p>\n","protected":false},"excerpt":{"rendered":"Kyrian Jacquet a \u00e9limin\u00e9 au premier tour du tournoi d&rsquo;Estoril Daniel Merida, qui venait de remporter le tournoi&hellip;\n","protected":false},"author":2,"featured_media":1079958,"comment_status":"","ping_status":"","sticky":false,"template":"","format":"standard","meta":{"footnotes":"","_share_on_mastodon":"0"},"categories":[1415],"tags":[4169,111623,99513,1011,27,18626,111624,84586,57681,60,1467],"class_list":["post-1079957","post","type-post","status-publish","format-standard","has-post-thumbnail","category-tennis","tag-atp","tag-dzumhur","tag-estoril","tag-fr","tag-france","tag-gaston","tag-jacquet","tag-merida","tag-sport365-fr","tag-sports","tag-tennis"],"share_on_mastodon":{"url":"https:\/\/pubeurope.com\/@fr\/116960790154042210","error":""},"_links":{"self":[{"href":"https:\/\/www.europesays.com\/fr\/wp-json\/wp\/v2\/posts\/1079957","targetHints":{"allow":["GET"]}}],"collection":[{"href":"https:\/\/www.europesays.com\/fr\/wp-json\/wp\/v2\/posts"}],"about":[{"href":"https:\/\/www.europesays.com\/fr\/wp-json\/wp\/v2\/types\/post"}],"author":[{"embeddable":true,"href":"https:\/\/www.europesays.com\/fr\/wp-json\/wp\/v2\/users\/2"}],"replies":[{"embeddable":true,"href":"https:\/\/www.europesays.com\/fr\/wp-json\/wp\/v2\/comments?post=1079957"}],"version-history":[{"count":0,"href":"https:\/\/www.europesays.com\/fr\/wp-json\/wp\/v2\/posts\/1079957\/revisions"}],"wp:featuredmedia":[{"embeddable":true,"href":"https:\/\/www.europesays.com\/fr\/wp-json\/wp\/v2\/media\/1079958"}],"wp:attachment":[{"href":"https:\/\/www.europesays.com\/fr\/wp-json\/wp\/v2\/media?parent=1079957"}],"wp:term":[{"taxonomy":"category","embeddable":true,"href":"https:\/\/www.europesays.com\/fr\/wp-json\/wp\/v2\/categories?post=1079957"},{"taxonomy":"post_tag","embeddable":true,"href":"https:\/\/www.europesays.com\/fr\/wp-json\/wp\/v2\/tags?post=1079957"}],"curies":[{"name":"wp","href":"https:\/\/api.w.org\/{rel}","templated":true}]}}