{"id":108012,"date":"2025-05-17T23:00:08","date_gmt":"2025-05-17T23:00:08","guid":{"rendered":"https:\/\/www.europesays.com\/fr\/108012\/"},"modified":"2025-05-17T23:00:08","modified_gmt":"2025-05-17T23:00:08","slug":"lallemagne-profondement-preoccupee-par-la-reprise-de-loffensive-israelienne-a-gaza","status":"publish","type":"post","link":"https:\/\/www.europesays.com\/fr\/108012\/","title":{"rendered":"L\u2019Allemagne \u00ab profond\u00e9ment pr\u00e9occup\u00e9e \u00bb par la reprise de l\u2019offensive isra\u00e9lienne \u00e0 Gaza"},"content":{"rendered":"<p>AA \/ Berlin<\/p>\n<p>L\u2019Allemagne a critiqu\u00e9 samedi les nouvelles attaques militaires d\u2019Isra\u00ebl \u00e0 Gaza, avertissant que cette offensive pourrait compromettre les efforts de cessez-le-feu, mettre en danger la vie des otages et aggraver une crise humanitaire d\u00e9j\u00e0 catastrophique.<\/p>\n<p>\u00ab Le lancement d\u2019une nouvelle offensive terrestre isra\u00e9lienne \u00e0 Gaza est une source de profonde pr\u00e9occupation \u2013 tant au regard des objectifs strat\u00e9giques d\u2019Isra\u00ebl que de la situation humanitaire sur place \u00bb, a d\u00e9clar\u00e9 le minist\u00e8re allemand des Affaires \u00e9trang\u00e8res dans un communiqu\u00e9.<\/p>\n<p>Le minist\u00e8re a soulign\u00e9 que si Isra\u00ebl a le droit de se d\u00e9fendre dans le cadre du droit international, ses actions militaires actuelles pourraient mettre en p\u00e9ril la vie des otages encore d\u00e9tenus, y compris des ressortissants allemands.<\/p>\n<p>\u00ab Une offensive militaire d\u2019envergure comporte \u00e9galement le risque d\u2019aggraver davantage la situation humanitaire catastrophique \u00e0 Gaza, r\u00e9duisant les chances d\u2019instaurer un cessez-le-feu durable pourtant crucial \u00bb, a ajout\u00e9 le minist\u00e8re.<\/p>\n<p>\u00ab Le ministre des Affaires \u00e9trang\u00e8res Johann Wadephul s\u2019est entretenu aujourd\u2019hui avec son homologue isra\u00e9lien et reste en contact \u00e9troit avec d\u2019autres partenaires r\u00e9gionaux. \u00bb<\/p>\n<p>Ces derniers jours, l\u2019arm\u00e9e isra\u00e9lienne a intensifi\u00e9 ses bombardements sur Gaza, menant certaines des attaques les plus meurtri\u00e8res depuis le mois de mars.<\/p>\n<p>Depuis le 2 mars, Isra\u00ebl a ferm\u00e9 les points de passage vers Gaza \u00e0 l\u2019aide alimentaire, m\u00e9dicale et humanitaire, aggravant encore une crise humanitaire d\u00e9j\u00e0 s\u00e9v\u00e8re dans l\u2019enclave.<\/p>\n<p>Les restrictions strictes impos\u00e9es par Isra\u00ebl sur les biens essentiels ont plong\u00e9 plus de 2 millions de Palestiniens dans des conditions d\u00e9sesp\u00e9r\u00e9es, qualifi\u00e9es par les organisations internationales d\u2019acte d\u00e9lib\u00e9r\u00e9 de punition collective.<\/p>\n<p>Plus de 53 000 Palestiniens, en majorit\u00e9 des femmes et des enfants, ont \u00e9t\u00e9 tu\u00e9s \u00e0 Gaza depuis le d\u00e9but de l\u2019offensive militaire isra\u00e9lienne en octobre 2023.<\/p>\n<p>Isra\u00ebl fait l\u2019objet d\u2019une plainte pour g\u00e9nocide devant la Cour internationale de justice pour ses actions \u00e0 Gaza. La Cour p\u00e9nale internationale a \u00e9mis en novembre dernier des mandats d\u2019arr\u00eat contre le Premier ministre isra\u00e9lien Benyamin Netanyahu et son ancien ministre de la D\u00e9fense Yoav Gallant pour crimes de guerre et crimes contre l\u2019humanit\u00e9.<\/p>\n<p>* Traduit de l&rsquo;Anglais par Adama Bamba<\/p>\n<p>                            &#13;<br \/>\n                                <a href=\"https:\/\/www.aa.com.tr\/fr\/p\/abonnement\/1001\" target=\"_blank\" style=\"font-size:12px; color:#444; text-decoration:none;\" rel=\"noopener\">&#13;<br \/>\n                                    Seulement une partie des d\u00e9p\u00eaches, que l&rsquo;Agence Anadolu diffuse \u00e0 ses abonn\u00e9s via le Syst\u00e8me de Diffusion interne (HAS), est diffus\u00e9e sur le site de l&rsquo;AA, de mani\u00e8re r\u00e9sum\u00e9e. <b style=\"color:#1897F7\">Contactez-nous s&rsquo;il vous pla\u00eet pour vous abonner.<\/b>&#13;<br \/>\n                                <\/a>&#13;<\/p>\n","protected":false},"excerpt":{"rendered":"AA \/ Berlin L\u2019Allemagne a critiqu\u00e9 samedi les nouvelles attaques militaires d\u2019Isra\u00ebl \u00e0 Gaza, avertissant que cette offensive&hellip;\n","protected":false},"author":2,"featured_media":108013,"comment_status":"","ping_status":"","sticky":false,"template":"","format":"standard","meta":{"footnotes":""},"categories":[1587],"tags":[11,672,1785,1804,1805,1803,1777,674,1801,22584,12,22585,1802],"class_list":{"0":"post-108012","1":"post","2":"type-post","3":"status-publish","4":"format-standard","5":"has-post-thumbnail","7":"category-allemagne","8":"tag-actualites","9":"tag-allemagne","10":"tag-anadolu-ajansi","11":"tag-bundesrepublik-deutschland","12":"tag-de","13":"tag-deutschland","14":"tag-eu","15":"tag-europe","16":"tag-germany","17":"tag-johann-wadephul","18":"tag-news","19":"tag-offensive-isralienne-gaza","20":"tag-republique-federale-dallemagne"},"share_on_mastodon":{"url":"https:\/\/pubeurope.com\/@fr\/114525662352261941","error":""},"_links":{"self":[{"href":"https:\/\/www.europesays.com\/fr\/wp-json\/wp\/v2\/posts\/108012","targetHints":{"allow":["GET"]}}],"collection":[{"href":"https:\/\/www.europesays.com\/fr\/wp-json\/wp\/v2\/posts"}],"about":[{"href":"https:\/\/www.europesays.com\/fr\/wp-json\/wp\/v2\/types\/post"}],"author":[{"embeddable":true,"href":"https:\/\/www.europesays.com\/fr\/wp-json\/wp\/v2\/users\/2"}],"replies":[{"embeddable":true,"href":"https:\/\/www.europesays.com\/fr\/wp-json\/wp\/v2\/comments?post=108012"}],"version-history":[{"count":0,"href":"https:\/\/www.europesays.com\/fr\/wp-json\/wp\/v2\/posts\/108012\/revisions"}],"wp:featuredmedia":[{"embeddable":true,"href":"https:\/\/www.europesays.com\/fr\/wp-json\/wp\/v2\/media\/108013"}],"wp:attachment":[{"href":"https:\/\/www.europesays.com\/fr\/wp-json\/wp\/v2\/media?parent=108012"}],"wp:term":[{"taxonomy":"category","embeddable":true,"href":"https:\/\/www.europesays.com\/fr\/wp-json\/wp\/v2\/categories?post=108012"},{"taxonomy":"post_tag","embeddable":true,"href":"https:\/\/www.europesays.com\/fr\/wp-json\/wp\/v2\/tags?post=108012"}],"curies":[{"name":"wp","href":"https:\/\/api.w.org\/{rel}","templated":true}]}}