{"id":108024,"date":"2025-05-17T23:07:13","date_gmt":"2025-05-17T23:07:13","guid":{"rendered":"https:\/\/www.europesays.com\/fr\/108024\/"},"modified":"2025-05-17T23:07:13","modified_gmt":"2025-05-17T23:07:13","slug":"revivez-le-triomphe-du-tours-vb-sacre-champion-de-france-face-a-poitiers","status":"publish","type":"post","link":"https:\/\/www.europesays.com\/fr\/108024\/","title":{"rendered":"revivez le triomphe du Tours VB, sacr\u00e9 champion de France face \u00e0 Poitiers"},"content":{"rendered":"<p>Ce direct est assur\u00e9 par les journalistes du service des sports de La Nouvelle R\u00e9publique.<\/p>\n<p><strong>Tours\u00a0&#8211; Poitiers\u00a0: 3-0<\/strong><\/p>\n<p>Troisi\u00e8me set<\/p>\n<p>Merci \u00e0 tous d&rsquo;avoir suivi ce direct, et \u00e0 la saison prochaine !<\/p>\n<p><img alt=\"Le TVB peut c\u00e9l\u00e9brer son 10e sacre de champion de France.\" loading=\"lazy\" width=\"980\" height=\"573\" decoding=\"async\" data-nimg=\"1\" class=\"img-responsive spinner-show\" style=\"color:transparent;background-size:cover;background-position:50% 50%;background-repeat:no-repeat;background-image:url(&quot;data:image\/svg+xml;charset=utf-8,%3Csvg xmlns=\" http:=\"\" viewbox=\"0 0 980 573\" id=\"b\" color-interpolation-filters=\"sRGB\" stddeviation=\"20\" values=\"1 0 0 0 0 0 1 0 0 0 0 0 1 0 0 0 0 0 100 -1\" result=\"s\" x=\"0\" y=\"0\" operator=\"out\" in=\"s\" in2=\"SourceGraphic\" preserveaspectratio=\"none\" href=\"https:\/\/images.lanouvellerepublique.fr\/image\/upload\/t_88w\/f_auto\/6828f3c765c2be4f578b45c0.jpg\"   src=\"https:\/\/www.europesays.com\/fr\/wp-content\/uploads\/2025\/05\/6828f3c765c2be4f578b45c0.jpg\"\/><\/p>\n<p style=\"background-color:#F2F2F2;padding:5px;margin-top:0px;margin-bottom:10px\">Le TVB peut c\u00e9l\u00e9brer son 10e sacre de champion de France.<br \/> \u00a9 (Photo cor. NR, Jonathan Michel)<\/p>\n<p>Grosse d\u00e9sillusion pour les joueurs poitevins, qui n\u2019auront clairement pas eu les armes dans ce dernier set pour r\u00e9sister \u00e0 la machine tourangelle.<\/p>\n<p><strong>25-17. <\/strong>C&rsquo;EST FAIT\u00a0!!! Sur un ultime block sign\u00e9 le capitaine tourangeau Coric, le TVB s\u2019impose en trois sets et d\u00e9croche son 10e\u00a0titre de champion de France, \u00e9galant le record de l\u2019AS Cannes\u00a0!<\/p>\n<p><strong>24-17. <\/strong>Et voil\u00e0, cela fait sept balles de titre pour le TVB sur ce ballon bien plac\u00e9 de Pothron\u00a0!<\/p>\n<p><strong>21-15. <\/strong>Les Poitevins ont beau se battre, le TVB ne c\u00e8de vraiment plus grand-chose, \u00e0 l\u2019image de ce nouveau rallye conclu f\u00e9rocement par Voss.<\/p>\n<p><strong>18-13.<\/strong> Tours maintient le cap alors que Poitiers semble au point de rupture et n\u2019arrive pas \u00e0 inverser la tendance. Les Tourangeaux se rapprochent doucement mais s\u00fbrement du sacre\u2026<\/p>\n<p><img alt=\"Strehlau et les Tourangeaux ont la mainmise sur le troisi\u00e8me acte.\" loading=\"lazy\" width=\"980\" height=\"573\" decoding=\"async\" data-nimg=\"1\" class=\"img-responsive spinner-show\" style=\"color:transparent;background-size:cover;background-position:50% 50%;background-repeat:no-repeat;background-image:url(&quot;data:image\/svg+xml;charset=utf-8,%3Csvg xmlns=\" http:=\"\" viewbox=\"0 0 980 573\" id=\"b\" color-interpolation-filters=\"sRGB\" stddeviation=\"20\" values=\"1 0 0 0 0 0 1 0 0 0 0 0 1 0 0 0 0 0 100 -1\" result=\"s\" x=\"0\" y=\"0\" operator=\"out\" in=\"s\" in2=\"SourceGraphic\" preserveaspectratio=\"none\" href=\"https:\/\/images.lanouvellerepublique.fr\/image\/upload\/t_88w\/f_auto\/6828e45ca61ea7be518b45a7.jpg\"   src=\"https:\/\/www.europesays.com\/fr\/wp-content\/uploads\/2025\/05\/6828e45ca61ea7be518b45a7.jpg\"\/><\/p>\n<p style=\"background-color:#F2F2F2;padding:5px;margin-top:0px;margin-bottom:10px\">Strehlau et les Tourangeaux ont la mainmise sur le troisi\u00e8me acte.<br \/> \u00a9 (Photo cor. NR, Jonathan Michel)<\/p>\n<p><strong>15-10. <\/strong>Oh l\u2019\u00e9norme block de Pothron sur Mujanovic\u00a0! Voil\u00e0 qui fait cinq points d\u2019avance pour les Tourangeaux, port\u00e9s par tout Grenon.<\/p>\n<p><strong>12-9. <\/strong>Temps-mort pour Poitiers, alors que Tours se d\u00e9tache sur ce smash out de Mujanovic.<\/p>\n<p><strong>7-6. <\/strong>Strehlau fait la d\u00e9monstration de son talent et montre la voie au TVB, m\u00eame si Poitiers rend bien les coups avec Howe.<\/p>\n<p><img alt=\"\u00c0 Poitiers aussi, on a install\u00e9 une fan-zone pour suivre la finale\u00a0! Pr\u00e8s de 450 supporteurs sont pr\u00e9sents.\" loading=\"lazy\" width=\"980\" height=\"573\" decoding=\"async\" data-nimg=\"1\" class=\"img-responsive spinner-show\" style=\"color:transparent;background-size:cover;background-position:50% 50%;background-repeat:no-repeat;background-image:url(&quot;data:image\/svg+xml;charset=utf-8,%3Csvg xmlns=\" http:=\"\" viewbox=\"0 0 980 573\" id=\"b\" color-interpolation-filters=\"sRGB\" stddeviation=\"20\" values=\"1 0 0 0 0 0 1 0 0 0 0 0 1 0 0 0 0 0 100 -1\" result=\"s\" x=\"0\" y=\"0\" operator=\"out\" in=\"s\" in2=\"SourceGraphic\" preserveaspectratio=\"none\" href=\"https:\/\/images.lanouvellerepublique.fr\/image\/upload\/t_88w\/f_auto\/6828e237a61ea7da518b457a.jpg\"   src=\"https:\/\/www.europesays.com\/fr\/wp-content\/uploads\/2025\/05\/6828e237a61ea7da518b457a.jpg\"\/><\/p>\n<p style=\"background-color:#F2F2F2;padding:5px;margin-top:0px;margin-bottom:10px\">\u00c0 Poitiers aussi, on a install\u00e9 une fan-zone pour suivre la finale\u00a0! Pr\u00e8s de 450 supporteurs sont pr\u00e9sents.<br \/> \u00a9 (Photo Xavier Benoit)<\/p>\n<p><strong>0-1.<\/strong> Pothron manque son premier service pour lancer ce troisi\u00e8me set qui pourrait aussi \u00eatre le dernier de la saison\u00a0!<\/p>\n<p>Deuxi\u00e8me set<\/p>\n<p><strong>25-21. <\/strong>Poitiers efface une balle de set tourangelle, mais cela ne suffit pas \u00e0 priver Tours de cette deuxi\u00e8me manche, offerte sur un plateau par un gros smash de Sclater. Les Poitevins sont dos au mur, les Tourangeaux, eux, \u00e0 un petit set du 10e titre de leur histoire\u00a0!<\/p>\n<p><img alt=\"Sclater, d\u2019un smash rageur, a permis au TVB de virer \u00e0 2-0.\" loading=\"lazy\" width=\"980\" height=\"573\" decoding=\"async\" data-nimg=\"1\" class=\"img-responsive spinner-show\" style=\"color:transparent;background-size:cover;background-position:50% 50%;background-repeat:no-repeat;background-image:url(&quot;data:image\/svg+xml;charset=utf-8,%3Csvg xmlns=\" http:=\"\" viewbox=\"0 0 980 573\" id=\"b\" color-interpolation-filters=\"sRGB\" stddeviation=\"20\" values=\"1 0 0 0 0 0 1 0 0 0 0 0 1 0 0 0 0 0 100 -1\" result=\"s\" x=\"0\" y=\"0\" operator=\"out\" in=\"s\" in2=\"SourceGraphic\" preserveaspectratio=\"none\" href=\"https:\/\/images.lanouvellerepublique.fr\/image\/upload\/t_88w\/f_auto\/6828dfffa61ea71a2e8b4605.jpg\"   src=\"https:\/\/www.europesays.com\/fr\/wp-content\/uploads\/2025\/05\/6828dfffa61ea71a2e8b4605.jpg\"\/><\/p>\n<p style=\"background-color:#F2F2F2;padding:5px;margin-top:0px;margin-bottom:10px\">Sclater, d\u2019un smash rageur, a permis au TVB de virer \u00e0 2-0.<br \/> \u00a9 (Photo NR, Hugues Le Guellec)<\/p>\n<p><strong>22-18. <\/strong>Le TVB a clairement hauss\u00e9 le ton et affiche une solidit\u00e9 d\u00e9fensive \u00e0 toute \u00e9preuve dans le money-time.<\/p>\n<p><strong>18-17.<\/strong> La tension monte d\u2019un cran dans ce deuxi\u00e8me acte alors que le TVB a bien r\u00e9agi et, sur un ace de son capitaine Coric, reprend les commandes.<\/p>\n<p><img alt=\"Mujanovic fait parler sa puissance, mais le TVB tient le choc.\" loading=\"lazy\" width=\"980\" height=\"573\" decoding=\"async\" data-nimg=\"1\" class=\"img-responsive spinner-show\" style=\"color:transparent;background-size:cover;background-position:50% 50%;background-repeat:no-repeat;background-image:url(&quot;data:image\/svg+xml;charset=utf-8,%3Csvg xmlns=\" http:=\"\" viewbox=\"0 0 980 573\" id=\"b\" color-interpolation-filters=\"sRGB\" stddeviation=\"20\" values=\"1 0 0 0 0 0 1 0 0 0 0 0 1 0 0 0 0 0 100 -1\" result=\"s\" x=\"0\" y=\"0\" operator=\"out\" in=\"s\" in2=\"SourceGraphic\" preserveaspectratio=\"none\" href=\"https:\/\/images.lanouvellerepublique.fr\/image\/upload\/t_88w\/f_auto\/6828dde365c2beff118b4573.jpg\"   src=\"https:\/\/www.europesays.com\/fr\/wp-content\/uploads\/2025\/05\/6828dde365c2beff118b4573.jpg\"\/><\/p>\n<p style=\"background-color:#F2F2F2;padding:5px;margin-top:0px;margin-bottom:10px\">Mujanovic fait parler sa puissance, mais le TVB tient le choc.<br \/> \u00a9 (Photo NR, Hugues Le Guellec)<\/p>\n<p><strong>15-17.<\/strong> Et l\u2019ace pour Walsh\u00a0! Voil\u00e0 qui valide un 4-0 en faveur des Poitevins, qui prennent d\u00e9sormais l\u2019ascendant et force Marcelo Fronckowiak \u00e0 poser un temps-mort.<\/p>\n<p><strong>15-15. <\/strong>Mujanovic, cantonn\u00e9 \u00e0 43\u00a0% d\u2019efficacit\u00e9 au premier set, monte doucement en temp\u00e9rature et encha\u00eene les points pour aider l\u2019Aterna SPVB \u00e0 \u00e9galiser.<\/p>\n<p><strong>13-9. <\/strong>Cette fois, c\u2019est dehors pour Mujanovic, et Tours reprend de l\u2019avance.<\/p>\n<p><strong>9-8.<\/strong> Pujol et Mujanovic font de la r\u00e9sistance, et permettent \u00e0 Poitiers de coller au train du TVB.<\/p>\n<p>Et pendant que le match bat son plein, on vit aussi de belles \u00e9motions du c\u00f4t\u00e9 de la fan-zone de la patinoire de Tours\u00a0!<\/p>\n<p><img alt=\"La patinoire de Tours vibre en m\u00eame temps que le palais des sports gr\u00e2ce \u00e0 un \u00e9cran g\u00e9ant.\" loading=\"lazy\" width=\"980\" height=\"573\" decoding=\"async\" data-nimg=\"1\" class=\"img-responsive spinner-show\" style=\"color:transparent;background-size:cover;background-position:50% 50%;background-repeat:no-repeat;background-image:url(&quot;data:image\/svg+xml;charset=utf-8,%3Csvg xmlns=\" http:=\"\" viewbox=\"0 0 980 573\" id=\"b\" color-interpolation-filters=\"sRGB\" stddeviation=\"20\" values=\"1 0 0 0 0 0 1 0 0 0 0 0 1 0 0 0 0 0 100 -1\" result=\"s\" x=\"0\" y=\"0\" operator=\"out\" in=\"s\" in2=\"SourceGraphic\" preserveaspectratio=\"none\" href=\"https:\/\/images.lanouvellerepublique.fr\/image\/upload\/t_88w\/f_auto\/6828da1253aa4084408b458c.jpg\"   src=\"https:\/\/www.europesays.com\/fr\/wp-content\/uploads\/2025\/05\/6828da1253aa4084408b458c.jpg\"\/><\/p>\n<p style=\"background-color:#F2F2F2;padding:5px;margin-top:0px;margin-bottom:10px\">La patinoire de Tours vibre en m\u00eame temps que le palais des sports gr\u00e2ce \u00e0 un \u00e9cran g\u00e9ant.<br \/> \u00a9 (Photo cor. NR, Jonathan Michel)<\/p>\n<p><strong>6-3.<\/strong> Voss et Pothron signent deux blocks de suite pour offrir trois longueurs d\u2019avance aux Tourangeaux.<\/p>\n<p><strong>1-0.<\/strong> Pujol manque son smash et offre le premier point de ce second set \u00e0 Tours.<\/p>\n<p>Premier set<\/p>\n<p><strong>29-27. <\/strong>Cette fois, c\u2019est la bonne\u00a0! Pothron crucifie la d\u00e9fense poitevine et offre la premi\u00e8re manche aux Tourangeaux, au terme d\u2019un \u00e2pre combat, dans un Grenon transform\u00e9 en chaudron.<\/p>\n<p><img alt=\"Les Tourangeaux ont su rester calmes pour remporter un premier set tr\u00e8s disput\u00e9.\" loading=\"lazy\" width=\"980\" height=\"573\" decoding=\"async\" data-nimg=\"1\" class=\"img-responsive spinner-show\" style=\"color:transparent;background-size:cover;background-position:50% 50%;background-repeat:no-repeat;background-image:url(&quot;data:image\/svg+xml;charset=utf-8,%3Csvg xmlns=\" http:=\"\" viewbox=\"0 0 980 573\" id=\"b\" color-interpolation-filters=\"sRGB\" stddeviation=\"20\" values=\"1 0 0 0 0 0 1 0 0 0 0 0 1 0 0 0 0 0 100 -1\" result=\"s\" x=\"0\" y=\"0\" operator=\"out\" in=\"s\" in2=\"SourceGraphic\" preserveaspectratio=\"none\" href=\"https:\/\/images.lanouvellerepublique.fr\/image\/upload\/t_88w\/f_auto\/6828d875c126b6101c8b4575.jpg\"   src=\"https:\/\/www.europesays.com\/fr\/wp-content\/uploads\/2025\/05\/6828d875c126b6101c8b4575.jpg\"\/><\/p>\n<p style=\"background-color:#F2F2F2;padding:5px;margin-top:0px;margin-bottom:10px\">Les Tourangeaux ont su rester calmes pour remporter un premier set tr\u00e8s disput\u00e9.<br \/> \u00a9 (Photo NR, Hugues Le Guellec)<\/p>\n<p><strong>28-27. <\/strong>Le TVB encha\u00eene les balles de set mais n\u2019arrive toujours pas \u00e0 conclure\u2026<\/p>\n<p><strong>24-23.<\/strong> Incroyable ace de Sclater valid\u00e9 au challenge vid\u00e9o\u00a0: le service du Canadien prend pile l\u2019angle du terrain et offre une balle de premier set au TVB\u00a0!<\/p>\n<p><strong>22-22. <\/strong>Rajsner entre au service et la d\u00e9fense du TVB tient le choc sur le side-out poitevin, permettant \u00e0 Strehlau d\u2019\u00e9galiser en contre-attaque\u00a0! Temps-mort pour l\u2019Alterna SPVB.<\/p>\n<p><strong>20-21. <\/strong>On entre dans le money-time et Poitiers tient toujours son avantage. Grenon donne de la voix pour soutenir les Tourangeaux.<\/p>\n<p><strong>15-16. <\/strong>Quel point de Strehlau\u00a0! Sur un service poitevin court et pi\u00e9geux, le Tourangeau s\u2019\u00e9tire au sol pour sauver le ballon d\u2019une main \u00e0 plat, avant de se relever pour claquer un smash.<\/p>\n<p><strong>14-15. <\/strong>Dans le sillage de Mujanovic et Pujol, Poitiers reste aux avant-postes, mais le TVB est \u00e0 l\u2019aff\u00fbt.<\/p>\n<p><strong>8-10. <\/strong>Et le gros block en solitaire de Pujol sur Sclater, qui offre un premier break \u00e0 Poitiers\u00a0!<\/p>\n<p><strong>6-6. <\/strong>Nous n\u2019en sommes qu\u2019au tout d\u00e9but du match, mais d\u00e9j\u00e0, le niveau d\u2019agressivit\u00e9 des deux \u00e9quipes est impressionnant. Mujanovic r\u00e9pond ainsi \u00e0 Sclater, tandis que Ramon, lui, affiche une grosse solidit\u00e9 d\u00e9fensive.<\/p>\n<p><strong>3-2.<\/strong> Tours prend les commandes pour la premi\u00e8re fois du match sur un ballon finement jou\u00e9 de Strehlau, apr\u00e8s un bon sauvetage de Ramon sur un smash de Mujanovic.<\/p>\n<p><strong>0-1.<\/strong> C&rsquo;est parti \u00e0 Grenon\u00a0! Et la partie d\u00e9bute par un service trop long de Pothron.<\/p>\n<p>Avant-match<\/p>\n<p><strong>19\u00a0h\u00a055. <\/strong>Cinq minutes avant le coup d\u2019envoi\u00a0! Les joueurs en ont fini avec leur \u00e9chauffement et Grenon, d\u00e9sormais plein \u00e0 craquer, donne d\u00e9j\u00e0 de la voix pour r\u00e9chauffer encore l\u2019atmosph\u00e8re.<\/p>\n<p><strong>19\u00a0h\u00a050. <\/strong>Sachez que le titre de champion de France n\u2019est pas le seul s\u00e9same en jeu pour ce dernier match de la saison\u00a0: le vainqueur d\u00e9crochera aussi sa place en Ligue des champions pour le prochain exercice\u00a0! C\u2019est dire tout l\u2019enjeu de cet ultime affrontement.<\/p>\n<p><strong>19\u00a0h\u00a045. <\/strong>L\u2019ambiance continue de monter \u00e0 Grenon alors que les tambours des Int\u2019nables, dont la tribune est d\u00e9sormais pleine, commence \u00e0 r\u00e9sonner. La soir\u00e9e promet d\u2019\u00eatre survolt\u00e9e\u00a0!<\/p>\n<p><strong>19\u00a0h\u00a040. <\/strong>Pour rappel, Poitiers dispute sa premi\u00e8re finale de championnat depuis la saison 2013-2014, celle de son dernier sacre. C\u00f4t\u00e9 TVB, il s\u2019agit de la quatri\u00e8me de suite.<\/p>\n<p>Nous avons bloqu\u00e9 l&rsquo;affichage de ce contenu pour respecter vos choix en mati\u00e8re de cookies. En cliquant sur \u00ab\u00a0Accepter\u00a0\u00bb,\u00a0vous acceptez le d\u00e9p\u00f4t de cookies. Vous pouvez modifier vos choix \u00e0 tout moment en vous rendant sur <a class=\"blocSansConsentement_lien__m9THN\" href=\"https:\/\/www.lanouvellerepublique.fr\/politique-de-confidentialite\" target=\"_blank\" rel=\"noopener\">cette page<\/a>.<\/p>\n<p>Accepter<\/p>\n<p><strong>19\u00a0h\u00a035. <\/strong>\u00c0 noter que c\u2019est sous les yeux des deux manageurs de l\u2019\u00e9quipe de France, Pascal Foussard et Pierre Pujol, que va se jouer cette finale. \u00c9ric Ngapeth, p\u00e8re d\u2019Earvin et ancien entra\u00eeneur du TVB (sacr\u00e9 champion en 2010), est \u00e9galement pr\u00e9sent.<\/p>\n<p><strong>19\u00a0h\u00a028. <\/strong>La salle Grenon se remplit progressivement. L\u2019occasion de rappeler le parcours des deux \u00e9quipes en play-offs pour en arriver l\u00e0\u00a0: les Tourangeaux ont \u00e9limin\u00e9 logiquement Nice en quarts de finale (3-0), avant de cr\u00e9er la surprise face \u00e0 Montpellier, premier de la saison r\u00e9guli\u00e8re, au terme d\u2019une demi-finale ultra disput\u00e9e (2-1). Poitiers, de son c\u00f4t\u00e9, a eu un parcours particuli\u00e8rement h\u00e9ro\u00efque en sortant Tourcoing en quarts (3-2), puis Chaumont en demie (2-0).<\/p>\n<p><strong>19\u00a0h\u00a020. <\/strong>Du c\u00f4t\u00e9 de la patinoire municipale, la queue commence \u00e0 s\u2019allonger pour acc\u00e9der \u00e0 la fan-zone tourangelle. La limite a \u00e9t\u00e9 fix\u00e9e \u00e0 1.200 personnes.<\/p>\n<p><img alt=\"Les gens commencent \u00e0 affluer \u00e0 la patinoire de Tours pour assister au match sur \u00e9cran g\u00e9ant.\" loading=\"lazy\" width=\"980\" height=\"573\" decoding=\"async\" data-nimg=\"1\" class=\"img-responsive spinner-show\" style=\"color:transparent;background-size:cover;background-position:50% 50%;background-repeat:no-repeat;background-image:url(&quot;data:image\/svg+xml;charset=utf-8,%3Csvg xmlns=\" http:=\"\" viewbox=\"0 0 980 573\" id=\"b\" color-interpolation-filters=\"sRGB\" stddeviation=\"20\" values=\"1 0 0 0 0 0 1 0 0 0 0 0 1 0 0 0 0 0 100 -1\" result=\"s\" x=\"0\" y=\"0\" operator=\"out\" in=\"s\" in2=\"SourceGraphic\" preserveaspectratio=\"none\" href=\"https:\/\/images.lanouvellerepublique.fr\/image\/upload\/t_88w\/f_auto\/6828c55f805a0038788b458b.jpg\"   src=\"https:\/\/www.europesays.com\/fr\/wp-content\/uploads\/2025\/05\/6828c55f805a0038788b458b.jpg\"\/><\/p>\n<p style=\"background-color:#F2F2F2;padding:5px;margin-top:0px;margin-bottom:10px\">Les gens commencent \u00e0 affluer \u00e0 la patinoire de Tours pour assister au match sur \u00e9cran g\u00e9ant.<br \/> \u00a9 (Photo cor. NR, Jonathan Michel)<\/p>\n<p><strong>19\u00a0h\u00a015. <\/strong>Comme nous le disions un peu plus t\u00f4t, l\u2019un des sc\u00e9narios possibles de cette soir\u00e9e est de voir le titre se jouer au set en or, en cas de victoire poitevine sur le match. Un exercice toujours particulier \u00e0 appr\u00e9hender, comme l\u2019ont racont\u00e9 les staffs des deux clubs.<\/p>\n<p><strong>19\u00a0h\u00a010. <\/strong>\u00c7a y est, c\u2019est cette fois l\u2019int\u00e9gralit\u00e9 de l\u2019\u00e9quipe tourangelle qui vient de faire son entr\u00e9e pour lancer son v\u00e9ritable \u00e9chauffement, sous les acclamations des supporteurs d\u00e9j\u00e0 pr\u00e9sents dans la salle. Les joueurs poitevins se mettent \u00e9galement en place sur le terrain.<\/p>\n<p><img alt=\"Sclater et les Tourangeaux ont d\u00e9but\u00e9 leur \u00e9chauffement.\" loading=\"lazy\" width=\"980\" height=\"573\" decoding=\"async\" data-nimg=\"1\" class=\"img-responsive spinner-show\" style=\"color:transparent;background-size:cover;background-position:50% 50%;background-repeat:no-repeat;background-image:url(&quot;data:image\/svg+xml;charset=utf-8,%3Csvg xmlns=\" http:=\"\" viewbox=\"0 0 980 573\" id=\"b\" color-interpolation-filters=\"sRGB\" stddeviation=\"20\" values=\"1 0 0 0 0 0 1 0 0 0 0 0 1 0 0 0 0 0 100 -1\" result=\"s\" x=\"0\" y=\"0\" operator=\"out\" in=\"s\" in2=\"SourceGraphic\" preserveaspectratio=\"none\" href=\"https:\/\/images.lanouvellerepublique.fr\/image\/upload\/t_88w\/f_auto\/6828c35fc126b65c2e8b45ff.jpg\"   src=\"https:\/\/www.europesays.com\/fr\/wp-content\/uploads\/2025\/05\/6828c35fc126b65c2e8b45ff.jpg\"\/><\/p>\n<p style=\"background-color:#F2F2F2;padding:5px;margin-top:0px;margin-bottom:10px\">Sclater et les Tourangeaux ont d\u00e9but\u00e9 leur \u00e9chauffement.<br \/> \u00a9 (Photo cor. NR, Jonathan Michel)<\/p>\n<p><strong>19\u00a0h\u00a005. <\/strong>Comme lors de la demi-finale aller face \u00e0 Montpellier, la salle Grenon devrait imposer une difficult\u00e9 suppl\u00e9mentaire aux finalistes\u00a0: le soleil a tap\u00e9 toute la journ\u00e9e sur Tours, et il faisait d\u00e9j\u00e0 tr\u00e8s chaud dans l\u2019enceinte avant m\u00eame l\u2019arriv\u00e9e des supporteurs. Quand les tribunes seront combles, l\u2019atmosph\u00e8re devrait donc vite devenir suffocante.<\/p>\n<p><strong>19\u00a0h. <\/strong>S\u2019ils ne seront qu\u2019un petit contingent par rapport aux Tourangeaux ce soir \u00e0 Grenon, les supporteurs poitevins sont bel et bien pr\u00e9sents pour \u00e9pauler leur \u00e9quipe jusqu\u2019au bout. On pouvait d\u00e9j\u00e0 les croiser avant 19\u00a0h, devant le palais des sports, pancarte \u00e0 la main\u00a0!<\/p>\n<p><img alt=\"Les Poitevins qui ont eu la chance d\u2019avoir une place pour assister \u00e0 la finale retour ont bien l\u2019intention de se faire entendre\u00a0!\" loading=\"lazy\" width=\"980\" height=\"573\" decoding=\"async\" data-nimg=\"1\" class=\"img-responsive spinner-show\" style=\"color:transparent;background-size:cover;background-position:50% 50%;background-repeat:no-repeat;background-image:url(&quot;data:image\/svg+xml;charset=utf-8,%3Csvg xmlns=\" http:=\"\" viewbox=\"0 0 980 573\" id=\"b\" color-interpolation-filters=\"sRGB\" stddeviation=\"20\" values=\"1 0 0 0 0 0 1 0 0 0 0 0 1 0 0 0 0 0 100 -1\" result=\"s\" x=\"0\" y=\"0\" operator=\"out\" in=\"s\" in2=\"SourceGraphic\" preserveaspectratio=\"none\" href=\"https:\/\/images.lanouvellerepublique.fr\/image\/upload\/t_88w\/f_auto\/6828c0e653aa400f478b45d0.jpg\"   src=\"https:\/\/www.europesays.com\/fr\/wp-content\/uploads\/2025\/05\/6828c0e653aa400f478b45d0.jpg\"\/><\/p>\n<p style=\"background-color:#F2F2F2;padding:5px;margin-top:0px;margin-bottom:10px\">Les Poitevins qui ont eu la chance d\u2019avoir une place pour assister \u00e0 la finale retour ont bien l\u2019intention de se faire entendre\u00a0!<br \/> \u00a9 (Photo NR, Hugues Le Guellec)<\/p>\n<p><strong>18\u00a0h\u00a050. <\/strong>Cette finale offre en tout cas une affiche aussi inattendue que r\u00eav\u00e9e avec ce derby entre les deux clubs voisins. Rien d\u2019in\u00e9dit pourtant\u00a0: c\u2019est la troisi\u00e8me fois que Tours et Poitiers vont croiser le fer en finale du championnat, apr\u00e8s 2011 et 2012. \u00c0 l\u2019\u00e9poque, tout se jouait sur un match sec\u00a0; les Poitevins l\u2019avaient emport\u00e9 la premi\u00e8re fois, les Tourangeaux la deuxi\u00e8me\u00a0!<\/p>\n<p><strong>18\u00a0h\u00a045.<\/strong> \u00c0 plus d\u2019une heure du coup d\u2019envoi, les premiers supporteurs sont d\u00e9j\u00e0 aux portes du palais des sports. Alors, au stand maquillage, on s\u2019active\u00a0!<\/p>\n<p><img alt=\"Les supporteurs du TVB se mettent aux couleurs de leur \u00e9quipe pour cette finale.\" loading=\"lazy\" width=\"980\" height=\"573\" decoding=\"async\" data-nimg=\"1\" class=\"img-responsive spinner-show\" style=\"color:transparent;background-size:cover;background-position:50% 50%;background-repeat:no-repeat;background-image:url(&quot;data:image\/svg+xml;charset=utf-8,%3Csvg xmlns=\" http:=\"\" viewbox=\"0 0 980 573\" id=\"b\" color-interpolation-filters=\"sRGB\" stddeviation=\"20\" values=\"1 0 0 0 0 0 1 0 0 0 0 0 1 0 0 0 0 0 100 -1\" result=\"s\" x=\"0\" y=\"0\" operator=\"out\" in=\"s\" in2=\"SourceGraphic\" preserveaspectratio=\"none\" href=\"https:\/\/images.lanouvellerepublique.fr\/image\/upload\/t_88w\/f_auto\/6828bd7053aa40f3468b45bd.jpg\"   src=\"https:\/\/www.europesays.com\/fr\/wp-content\/uploads\/2025\/05\/6828bd7053aa40f3468b45bd.jpg\"\/><\/p>\n<p style=\"background-color:#F2F2F2;padding:5px;margin-top:0px;margin-bottom:10px\">Les supporteurs du TVB se mettent aux couleurs de leur \u00e9quipe pour cette finale.<br \/> \u00a9 (Photo NR, Hugues Le Guellec)<\/p>\n<p><strong>18\u00a0h\u00a040. <\/strong>Et \u00e0 soir\u00e9e exceptionnelle, dispositif exceptionnel\u00a0: alors que la salle Grenon est attendue \u00e0 guichets ferm\u00e9s, avec normalement un public quasi int\u00e9gralement de bleu v\u00eatu, une fan-zone a \u00e9galement \u00e9t\u00e9 install\u00e9e \u00e0 quelques rues de l\u00e0, \u00e0 la patinoire municipale de Tours, avec un \u00e9cran g\u00e9ant pour suivre le match. Voil\u00e0 qui promet une ambiance de feu pour cette finale\u00a0!<\/p>\n<p><strong>18\u00a0h\u00a035. <\/strong><a target=\"_self\" href=\"https:\/\/www.lanouvellerepublique.fr\/poitiers\/msl-tours-s-offre-l-avantage-a-poitiers-a-l-issue-de-la-finale-aller-1746914826\" rel=\"noopener\">Apr\u00e8s la victoire (1-3) des Tourangeaux<\/a> lors du match aller samedi dernier, l\u2019\u00e9quation du jour est tr\u00e8s simple\u00a0: en cas de succ\u00e8s devant son public, peu importe le score, le TVB sera sacr\u00e9 pour la 10e\u00a0fois de son histoire. Si les Poitevins s\u2019imposent, en revanche, tout se jouera sur un ultime set en or, en quinze points\u2026 Comme ce fut le cas lors des deux derni\u00e8res saisons.<strong\/><\/p>\n<p><strong>18\u00a0h\u00a030.<\/strong> Bonjour \u00e0 tous et bienvenue sur ce direct. \u00c7a y est, nous y sommes, c\u2019est l\u2019heure du grand d\u00e9nouement de cette saison de MSL\u00a0! Ce samedi 17\u00a0mai 2025, sur le terrain du palais des sports de Tours, le TVB et l\u2019Alterna Stade Poitevin ont rendez-vous pour le deuxi\u00e8me et dernier acte de leur finale, dont l\u2019un d\u2019eux sortira avec le titre de champion. Coup d\u2019envoi programm\u00e9 \u00e0 20\u00a0h\u00a0!<\/p>\n","protected":false},"excerpt":{"rendered":"Ce direct est assur\u00e9 par les journalistes du service des sports de La Nouvelle R\u00e9publique. Tours\u00a0&#8211; Poitiers\u00a0: 3-0&hellip;\n","protected":false},"author":2,"featured_media":108025,"comment_status":"","ping_status":"","sticky":false,"template":"","format":"standard","meta":{"footnotes":""},"categories":[1417],"tags":[328,1392,1654,1011,27,1387,1655,1653,60,1390,1471,2767,1584,1470,1469],"class_list":{"0":"post-108024","1":"post","2":"type-post","3":"status-publish","4":"format-standard","5":"has-post-thumbnail","7":"category-volley","8":"tag-a-la-une","9":"tag-a-la-une-local","10":"tag-alterna-stade-poitevin-volley-ball","11":"tag-fr","12":"tag-france","13":"tag-indre-et-loire","14":"tag-ligue-a","15":"tag-poitiers","16":"tag-sports","17":"tag-tours","18":"tag-tours-volley-ball","19":"tag-tvb-37","20":"tag-vienne","21":"tag-volley","22":"tag-volleyball"},"share_on_mastodon":{"url":"https:\/\/pubeurope.com\/@fr\/114525691446720984","error":""},"_links":{"self":[{"href":"https:\/\/www.europesays.com\/fr\/wp-json\/wp\/v2\/posts\/108024","targetHints":{"allow":["GET"]}}],"collection":[{"href":"https:\/\/www.europesays.com\/fr\/wp-json\/wp\/v2\/posts"}],"about":[{"href":"https:\/\/www.europesays.com\/fr\/wp-json\/wp\/v2\/types\/post"}],"author":[{"embeddable":true,"href":"https:\/\/www.europesays.com\/fr\/wp-json\/wp\/v2\/users\/2"}],"replies":[{"embeddable":true,"href":"https:\/\/www.europesays.com\/fr\/wp-json\/wp\/v2\/comments?post=108024"}],"version-history":[{"count":0,"href":"https:\/\/www.europesays.com\/fr\/wp-json\/wp\/v2\/posts\/108024\/revisions"}],"wp:featuredmedia":[{"embeddable":true,"href":"https:\/\/www.europesays.com\/fr\/wp-json\/wp\/v2\/media\/108025"}],"wp:attachment":[{"href":"https:\/\/www.europesays.com\/fr\/wp-json\/wp\/v2\/media?parent=108024"}],"wp:term":[{"taxonomy":"category","embeddable":true,"href":"https:\/\/www.europesays.com\/fr\/wp-json\/wp\/v2\/categories?post=108024"},{"taxonomy":"post_tag","embeddable":true,"href":"https:\/\/www.europesays.com\/fr\/wp-json\/wp\/v2\/tags?post=108024"}],"curies":[{"name":"wp","href":"https:\/\/api.w.org\/{rel}","templated":true}]}}