{"id":108030,"date":"2025-05-17T23:11:17","date_gmt":"2025-05-17T23:11:17","guid":{"rendered":"https:\/\/www.europesays.com\/fr\/108030\/"},"modified":"2025-05-17T23:11:17","modified_gmt":"2025-05-17T23:11:17","slug":"marquez-poursuit-son-sans-faute-zarco-surprend","status":"publish","type":"post","link":"https:\/\/www.europesays.com\/fr\/108030\/","title":{"rendered":"Marquez poursuit son sans-faute, Zarco surprend"},"content":{"rendered":"<p style=\"text-align:\">Le sextuple champion du monde espagnol de MotoGP Marc Marquez (Ducati) a poursuivi son sans-faute en remportant le sprint du GP d&rsquo;Argentine samedi 15 mars, alors que le Fran\u00e7ais Johann Zarco (Honda-LCR) a cr\u00e9\u00e9 la surprise avec une inattendue quatri\u00e8me place.<\/p>\n<p><a href=\"https:\/\/lecourrier.vn\/motogp-fractures-a-une-main-et-a-un-pied-pour-le-champion-du-monde-jorge-martin\/1277062.html\" title=\"MotoGP : fractures \u00e0 une main et \u00e0 un pied pour le champion du monde Jorge Martin \" target=\"_blank\" rel=\"noopener\">&gt;&gt; MotoGP : fractures \u00e0 une main et \u00e0 un pied pour le champion du monde Jorge Martin <\/a><\/p>\n<p><a href=\"https:\/\/lecourrier.vn\/motogp-trop-tot-pour-se-fixer-des-objectifs-assure-quartararo\/1277254.html\" title=\"MotoGP : &quot;&lt;i&gt;trop t\u00f4t&lt;\/i&gt;&quot; pour se fixer des objectifs, assure Quartararo\" target=\"_blank\" rel=\"noopener\">&gt;&gt; MotoGP : \u00ab\u00a0trop t\u00f4t\u00a0\u00bb pour se fixer des objectifs, assure Quartararo<\/a><\/p>\n<p><a href=\"https:\/\/lecourrier.vn\/en-thailande-le-motogp-lance-son-marathon-2025-sans-son-champion-jorge-martin-forfait\/1278399.html\" title=\"En Tha\u00eflande, le MotoGP lance son marathon 2025 sans son champion Jorge Martin, forfait\" target=\"_blank\" rel=\"noopener\">&gt;&gt; En Tha\u00eflande, le MotoGP lance son marathon 2025 sans son champion Jorge Martin, forfait<\/a><\/p>\n<tr>\n<td class=\"pic\"><img decoding=\"async\" class=\"lazyload\" src=\"https:\/\/www.europesays.com\/fr\/wp-content\/uploads\/2025\/05\/163100-field_media_image-2910411-b910ffce64fef15a4b093e30f0c431809efb7265.webp.webp\" alt=\"\"\/><\/td>\n<\/tr>\n<tr>\n<td class=\"caption\">Marc Marquez a fait sauter le bouchon de Prosecco \u00e0 l&rsquo;arriv\u00e9e de la course sprint du GP d&rsquo;Argentine pour f\u00eater sa victoire le 15 mars sur le circuit de l&rsquo;Autodromo de Termas de Rio Hondo en Argentine.<\/td>\n<\/tr>\n<tr align=\"right\">\n<td class=\"author\">Photo : AFP\/VNA\/CVN<\/td>\n<\/tr>\n<p style=\"text-align:left\">Apr\u00e8s son succ\u00e8s sur l&rsquo;Autodromo de Termas de Rio Hondo (nord-ouest), le Catalan compte d\u00e9j\u00e0 trois victoires en autant de courses depuis ses d\u00e9buts avec l&rsquo;\u00e9curie officielle Ducati et se positionne plus que jamais comme favori dans la course au titre mondial.<\/p>\n<p style=\"text-align:left\">Apr\u00e8s avoir d\u00e9croch\u00e9 la pole position dans la matin\u00e9e, Marc Marquez a men\u00e9 le sprint de bout en bout samedi\u00a015 mars mais n&rsquo;a jamais r\u00e9ussi \u00e0 distancer son fr\u00e8re Alex (Ducati-Gresini), encore impressionnant samedi\u00a015 mars.<\/p>\n<p style=\"text-align:left\">\u00ab\u00a0Ce n&rsquo;\u00e9tait pas une victoire facile car Alex \u00e9tait rapide et m&rsquo;a bien pouss\u00e9 dans mes retranchements. J&rsquo;ai tout donn\u00e9 mais je n&rsquo;arrivais pas \u00e0 prendre plus d&rsquo;avance donc je devrai me m\u00e9fier (dimanche) lors du Grand Prix\u00a0\u00bb, a d\u00e9clar\u00e9 Marc Marquez.<\/p>\n<p style=\"text-align:left\">Alors que l&rsquo;on s&rsquo;attendait \u00e0 ce que son co\u00e9quipier italien Francesco Bagnaia soit son principal adversaire, c&rsquo;est pour l&rsquo;instant son fr\u00e8re qui le suit \u00e0 la trace depuis le d\u00e9but de la saison.<\/p>\n<p style=\"text-align:left\">Le double champion du monde turinois, qui avait d\u00fb se contenter de deux troisi\u00e8mes places lors des deux premi\u00e8res courses de l&rsquo;ann\u00e9e il y a deux semaines en Tha\u00eflande, n&rsquo;a toujours pas \u00e9t\u00e9 en mesure de suivre les fr\u00e8res catalans samedi\u00a015 mars et a encore termin\u00e9 sur la troisi\u00e8me marche du podium.<\/p>\n<tr>\n<td class=\"pic\"><img decoding=\"async\" class=\"lazyload\" src=\"https:\/\/www.europesays.com\/fr\/wp-content\/uploads\/2025\/05\/163326-field_media_image-2910397-30feb07c328b2ef4fa554e090b3420b53eebca68.webp.webp\" alt=\"\"\/><\/td>\n<\/tr>\n<tr>\n<td class=\"caption\">Le Fran\u00e7ais Johann Zarco au guidon de sa Honda-LCR lors des qualifications du GP d&rsquo;Argentine sur le circuit de l&rsquo;Autodromo de Termas de Rio Hondo en Argentine le 15 mars.<\/td>\n<\/tr>\n<tr align=\"right\">\n<td class=\"author\">Photo : AFP\/VNA\/CVN<\/td>\n<\/tr>\n<p style=\"text-align:left\">\u00ab\u00a0J&rsquo;ai fait de mon mieux, j&rsquo;ai tout donn\u00e9 pour essayer de me rapprocher, mais ce n&rsquo;\u00e9tait pas suffisant pour me battre avec les deux leaders\u00a0\u00bb, a reconnu le Transalpin.<\/p>\n<p style=\"text-align:left\">Derri\u00e8re ce trio, Johann Zarco a connu une journ\u00e9e magnifique sur le trac\u00e9 argentin. Il a d&rsquo;abord arrach\u00e9 une inesp\u00e9r\u00e9e troisi\u00e8me place lors des qualifications, synonyme de premi\u00e8re ligne, avant de finir quatri\u00e8me du sprint \u00e0 seulement cinq secondes du vainqueur.<\/p>\n<p style=\"text-align:left\">Deux semaines apr\u00e8s une prometteuse septi\u00e8me position lors du premier Grand prix de la saison en Tha\u00eflande, l&rsquo;Avignonnais de 34 ans, doyen de la cat\u00e9gorie reine cette saison, a encore \u00e9t\u00e9 \u00e0 la f\u00eate. Malgr\u00e9 un d\u00e9part timide qui l&rsquo;a fait reculer au sixi\u00e8me rang, il est remont\u00e9 rapidement \u00e0 la quatri\u00e8me place qu&rsquo;il a conserv\u00e9e sans trembler.<\/p>\n<p style=\"text-align:left\">\u00ab\u00a0Je suis vraiment content. \u00c9videmment je voulais me battre pour le podium mais ce n&rsquo;\u00e9tait pas possible. Ca donne encore plus d&rsquo;espoir pour la suite, \u00e7a veut dire que mes sensations sur la moto continuent de progresser\u00a0\u00bb, a savour\u00e9 Zarco au micro de Canal+.<\/p>\n<p style=\"text-align:left\">L&rsquo;autre Fran\u00e7ais du paddock, Fabio Quartararo, a v\u00e9cu une journ\u00e9e frustrante. Malgr\u00e9 une encourageante septi\u00e8me place sur la grille, le pilote Yamaha a termin\u00e9 \u00e0 la dixi\u00e8me place du sprint, \u00e0 la porte des points.<\/p>\n<p style=\"text-align:left\">Le champion du monde 2021 avait pourtant r\u00e9ussi son envol en s&#8217;emparant de la quatri\u00e8me place, mais il n&rsquo;a pas pu contenir les assauts de ses adversaires et affichait une mine d\u00e9confite apr\u00e8s la course.<\/p>\n<p style=\"text-align:right\"><b>AFP\/VNA\/CVN<\/b><\/p>\n","protected":false},"excerpt":{"rendered":"Le sextuple champion du monde espagnol de MotoGP Marc Marquez (Ducati) a poursuivi son sans-faute en remportant le&hellip;\n","protected":false},"author":2,"featured_media":108031,"comment_status":"","ping_status":"","sticky":false,"template":"","format":"standard","meta":{"footnotes":""},"categories":[1413],"tags":[4266,1011,27,22586,1457,1456,1458,60,11651],"class_list":{"0":"post-108030","1":"post","2":"type-post","3":"status-publish","4":"format-standard","5":"has-post-thumbnail","7":"category-moto","8":"tag-ducati","9":"tag-fr","10":"tag-france","11":"tag-marquez","12":"tag-moto","13":"tag-motocycle","14":"tag-motogp","15":"tag-sports","16":"tag-zarco"},"share_on_mastodon":{"url":"https:\/\/pubeurope.com\/@fr\/114525705576862168","error":""},"_links":{"self":[{"href":"https:\/\/www.europesays.com\/fr\/wp-json\/wp\/v2\/posts\/108030","targetHints":{"allow":["GET"]}}],"collection":[{"href":"https:\/\/www.europesays.com\/fr\/wp-json\/wp\/v2\/posts"}],"about":[{"href":"https:\/\/www.europesays.com\/fr\/wp-json\/wp\/v2\/types\/post"}],"author":[{"embeddable":true,"href":"https:\/\/www.europesays.com\/fr\/wp-json\/wp\/v2\/users\/2"}],"replies":[{"embeddable":true,"href":"https:\/\/www.europesays.com\/fr\/wp-json\/wp\/v2\/comments?post=108030"}],"version-history":[{"count":0,"href":"https:\/\/www.europesays.com\/fr\/wp-json\/wp\/v2\/posts\/108030\/revisions"}],"wp:featuredmedia":[{"embeddable":true,"href":"https:\/\/www.europesays.com\/fr\/wp-json\/wp\/v2\/media\/108031"}],"wp:attachment":[{"href":"https:\/\/www.europesays.com\/fr\/wp-json\/wp\/v2\/media?parent=108030"}],"wp:term":[{"taxonomy":"category","embeddable":true,"href":"https:\/\/www.europesays.com\/fr\/wp-json\/wp\/v2\/categories?post=108030"},{"taxonomy":"post_tag","embeddable":true,"href":"https:\/\/www.europesays.com\/fr\/wp-json\/wp\/v2\/tags?post=108030"}],"curies":[{"name":"wp","href":"https:\/\/api.w.org\/{rel}","templated":true}]}}