{"id":108034,"date":"2025-05-17T23:13:10","date_gmt":"2025-05-17T23:13:10","guid":{"rendered":"https:\/\/www.europesays.com\/fr\/108034\/"},"modified":"2025-05-17T23:13:10","modified_gmt":"2025-05-17T23:13:10","slug":"classic-71-les-reactions-actualite","status":"publish","type":"post","link":"https:\/\/www.europesays.com\/fr\/108034\/","title":{"rendered":"Classic 71 : Les r\u00e9actions &#8211; Actualit\u00e9"},"content":{"rendered":"<p style=\"text-align: justify;\">Th\u00e9o Thomas (SCO Dijon-Team Materiel-velo.com) a remport\u00e9, ce samedi, la deuxi\u00e8me \u00e9dition de la Classic 71 (\u00c9lite Nationale), disput\u00e9e autour de P\u00e9ronne (Sa\u00f4ne-et-Loire). Apr\u00e8s 129,1 kilom\u00e8tres de course, il a devanc\u00e9 Jo\u00ebl Plamondon (Team Marni-N&rsquo;side) et Quentin Cowan (VC Villefranche Beaujolais).<br \/>Th\u00e9o Thomas succ\u00e8de \u00e0 Trym Bjorner Westgaard Holther (Bourg-en-Bresse Ain Cyclisme) au palmar\u00e8s (<strong><a href=\"https:\/\/www.directvelo.com\/direct\/5981\/classic-71-2025\" target=\"_blank\" rel=\"noopener\">voir classement<\/a><\/strong>).<\/p>\n<p>Retrouvez ci-dessous les r\u00e9actions recueillies par DirectVelo.<\/p>\n<p>\n    R\u00e9actions<\/p>\n<p class=\"reactions-nav-title\">Aller \u00e0 la r\u00e9action de :<\/p>\n<p>                    <img decoding=\"async\" src=\"https:\/\/www.europesays.com\/fr\/wp-content\/uploads\/2025\/05\/65f837237f44c.png\" height=\"auto\" loading=\"lazy\"\/><\/p>\n<p>                            Portrait de Quentin COWAN<\/p>\n<p class=\"reaction-caption\">3e &#8211; notre photo &#8211;<\/p>\n<blockquote class=\"reaction-quote\">\n<p class=\"reaction-content\">\u00ab C&rsquo;\u00e9tait vraiment dur chaque tour avec la bosse, \u00e7a ne faisait que monter et descendre. Dans le dernier tour, j&rsquo;ai essay\u00e9 d\u2019attaquer dans la mont\u00e9e finale, mais je n&rsquo;ai pas vraiment r\u00e9ussi \u00e0 casser le groupe. C\u2019est dommage. Apr\u00e8s j&rsquo;ai fait du mieux possible au sprint. On a accompli du bon travail aujourd\u2019hui, le but \u00e9tait d\u2019\u00eatre toujours repr\u00e9sent\u00e9 \u00e0 l\u2019avant.\u00a0Je remercie toute l\u2019\u00e9quipe. La semaine prochaine, je me rendrai \u00e0 la Ronde de l\u2019Isard, j\u2019ai h\u00e2te d\u2019y \u00eatre comme j\u2019ai de bonnes sensations actuellement \u00bb.<\/p>\n<p>                    Q. COWAN\n                <\/p><\/blockquote>\n<p>                    <img decoding=\"async\" src=\"https:\/\/www.europesays.com\/fr\/wp-content\/uploads\/2025\/05\/680a248d4df43.jpg\" height=\"auto\" loading=\"lazy\"\/><\/p>\n<p>                            Portrait de Timo BOTTIN<\/p>\n<p class=\"reaction-caption\">22e et meilleur grimpeur<\/p>\n<blockquote class=\"reaction-quote\">\n<p class=\"reaction-content\">\u00ab C&rsquo;est cool de ne pas rentrer bredouille \u00e0 la maison. M\u00eame si je ne r\u00e9cup\u00e8re pas de points DirectVelo avec ma 22e place, je r\u00e9cup\u00e8re un maillot et trois litres de bi\u00e8re. Ce sont des bosses que j&rsquo;aime bien, \u00e7a se montait assez vite. Il n&rsquo;y a pas eu une grosse s\u00e9lection, \u00e7a s&rsquo;est fait \u00e0 l&rsquo;usure \u00e0 la fin. C&rsquo;\u00e9tait quelque peu la loterie avec des effectifs r\u00e9duits, comme il y a la Coupe de France N1 en parall\u00e8le. <\/p>\n<p>Boh\u00e9mond Barrillot s&rsquo;est accroch\u00e9, c\u2019est un sprinteur, ce n&rsquo;est pas trop son terrain de pr\u00e9dilection. Mais quand il voit la ligne d&rsquo;arriv\u00e9e, il pose le cerveau et il est capable de basculer dans la bosse. Je me suis fait la peau pour basculer avec lui. Apr\u00e8s, on a essay\u00e9 de l&#8217;emmener, mais les plus costauds sont sortis dans la bosse, donc on s\u2019est cogn\u00e9\u00a0la t\u00eate pour revenir. On obtient quand m\u00eame une 8\u00e8me place, \u00e7a reste positif dans la mise en place d&rsquo;une strat\u00e9gie, m\u00eame si on s\u2019est quand m\u00eame fait un peu pi\u00e9ger \u00bb.<\/p>\n<p>                    T. BOTTIN\n                <\/p><\/blockquote>\n","protected":false},"excerpt":{"rendered":"Th\u00e9o Thomas (SCO Dijon-Team Materiel-velo.com) a remport\u00e9, ce samedi, la deuxi\u00e8me \u00e9dition de la Classic 71 (\u00c9lite Nationale),&hellip;\n","protected":false},"author":2,"featured_media":108035,"comment_status":"","ping_status":"","sticky":false,"template":"","format":"standard","meta":{"footnotes":""},"categories":[1411],"tags":[834,828,836,829,837,827,83,826,824,823,1154,207,814,817,815,816,822,821,832,211,839,1011,27,820,818,819,835,831,830,833,838,60,212,208,825],"class_list":{"0":"post-108034","1":"post","2":"type-post","3":"status-publish","4":"format-standard","5":"has-post-thumbnail","7":"category-cyclisme","8":"tag-attaque","9":"tag-belgique","10":"tag-braquet","11":"tag-bretagne","12":"tag-chute","13":"tag-competition","14":"tag-coupe-de-france","15":"tag-coureur","16":"tag-course-cyclisme","17":"tag-course-cycliste","18":"tag-cycling","19":"tag-cyclisme","20":"tag-direct","21":"tag-direct-velo","22":"tag-directvelo","23":"tag-directvelo-com","24":"tag-epreuve","25":"tag-epreuve-cycliste","26":"tag-federation-francaise-de-cyclisme","27":"tag-ffc","28":"tag-flandres","29":"tag-fr","30":"tag-france","31":"tag-live","32":"tag-live-course","33":"tag-live-epreuve","34":"tag-peloton","35":"tag-radio-peloton","36":"tag-radio-tour","37":"tag-ravitaillement","38":"tag-relance","39":"tag-sports","40":"tag-uci","41":"tag-velo","42":"tag-velos"},"share_on_mastodon":{"url":"https:\/\/pubeurope.com\/@fr\/114525713484826593","error":""},"_links":{"self":[{"href":"https:\/\/www.europesays.com\/fr\/wp-json\/wp\/v2\/posts\/108034","targetHints":{"allow":["GET"]}}],"collection":[{"href":"https:\/\/www.europesays.com\/fr\/wp-json\/wp\/v2\/posts"}],"about":[{"href":"https:\/\/www.europesays.com\/fr\/wp-json\/wp\/v2\/types\/post"}],"author":[{"embeddable":true,"href":"https:\/\/www.europesays.com\/fr\/wp-json\/wp\/v2\/users\/2"}],"replies":[{"embeddable":true,"href":"https:\/\/www.europesays.com\/fr\/wp-json\/wp\/v2\/comments?post=108034"}],"version-history":[{"count":0,"href":"https:\/\/www.europesays.com\/fr\/wp-json\/wp\/v2\/posts\/108034\/revisions"}],"wp:featuredmedia":[{"embeddable":true,"href":"https:\/\/www.europesays.com\/fr\/wp-json\/wp\/v2\/media\/108035"}],"wp:attachment":[{"href":"https:\/\/www.europesays.com\/fr\/wp-json\/wp\/v2\/media?parent=108034"}],"wp:term":[{"taxonomy":"category","embeddable":true,"href":"https:\/\/www.europesays.com\/fr\/wp-json\/wp\/v2\/categories?post=108034"},{"taxonomy":"post_tag","embeddable":true,"href":"https:\/\/www.europesays.com\/fr\/wp-json\/wp\/v2\/tags?post=108034"}],"curies":[{"name":"wp","href":"https:\/\/api.w.org\/{rel}","templated":true}]}}