{"id":108042,"date":"2025-05-17T23:17:10","date_gmt":"2025-05-17T23:17:10","guid":{"rendered":"https:\/\/www.europesays.com\/fr\/108042\/"},"modified":"2025-05-17T23:17:10","modified_gmt":"2025-05-17T23:17:10","slug":"thierry-gosselin-de-policier-a-ecrivain","status":"publish","type":"post","link":"https:\/\/www.europesays.com\/fr\/108042\/","title":{"rendered":"Thierry Gosselin, de policier \u00e0 \u00e9crivain"},"content":{"rendered":"<p>Apr\u00e8s avoir re\u00e7u son baccalaur\u00e9at scientifique, Thierry Gosselin prendra comme premier emploi celui de pupitreur informatique. Ce n\u2019est que bien plus tard qu\u2019il participera au concours du gardien de la paix \u00e0 Paris en 1994, \u00e0 l\u2019\u00e2ge de 37\u00a0ans. Concours qu\u2019il r\u00e9ussira avant de prendre son premier poste en 1995 en tant que policier municipal. Il passera quatre ans en poste \u00e0 Saint-Malo (Ille-et-Vilaine) puis rejoindra Selles-sur-Cher, o\u00f9 il y passera quinze ans de 2003 \u00e0 2018, avant de prendre sa retraite. Passionn\u00e9 par l\u2019histoire de la Seconde Guerre mondiale, ce policier \u00e0 la retraite a d\u00e9cid\u00e9 d\u2019occuper son temps \u00e0 travers l\u2019\u00e9criture. En 2022, Il a sorti son premier livre intitul\u00e9 <a target=\"_self\" href=\"https:\/\/www.lanouvellerepublique.fr\/loir-et-cher\/commune\/selles-sur-cher\/le-destin-du-resistant-roger-legouge-conte-par-un-habitant\" rel=\"noopener\">\ufeffDans la nuit et le brouillard<\/a>, qui retrace le parcours d\u2019un r\u00e9sistant recompos\u00e9 gr\u00e2ce aux archives.<\/p>\n<p>Un livre \u00e9crit en partant d\u2019une photographie<\/p>\n<p>Trois ans plus tard, Thierry Gosselin revient avec un nouveau livre, Quand la libert\u00e9 et le destin venaient du ciel. Une histoire bas\u00e9e sur des faits historiques, mais \u00e9galement romanc\u00e9e. Tout comme pour son premier livre, il en a fallu peu \u00e0 l\u2019auteur pour trouver son inspiration. Une simple photographie d\u2019un pilote am\u00e9ricain aux c\u00f4t\u00e9s de sa femme a attir\u00e9 son \u0153il, avant d\u2019attirer sa curiosit\u00e9. Intrigu\u00e9 par ses visages d\u2019une autre \u00e9poque qui le regardaient en retour, il s\u2019est pench\u00e9 sur leur histoire ainsi que leur destin.<\/p>\n<p>L\u2019\u00e9criture, copine de carri\u00e8re chez la police<\/p>\n<p>Dans son livre, on y d\u00e9couvre la vie fascinante d\u2019un pilote de bombardier am\u00e9ricain qui revient d\u2019un raid sur le Cher avant d\u2019\u00eatre attaqu\u00e9. Une aventure rocambolesque qui m\u00e8nera le pilote \u00e0 travers la France, l\u2019Espagne ou encore Gibraltar. Thierry raconte comment ce soldat des airs s\u2019est fait la malle, entre autres, gr\u00e2ce \u00e0 un cercueil fait sur mesure, pendant une \u00e9poque o\u00f9, au moindre faux pas, on pouvait y laisser sa vie.<\/p>\n<p>Mais comment devient-on \u00e9crivain apr\u00e8s une vie de policier\u00a0? Pour Thierry Gosselin, tout \u00e9tait d\u00e9j\u00e0 \u00e9crit\u00a0: \u00ab\u00a0L\u2019\u00e9criture faisait d\u00e9j\u00e0 partie de ma vie. Quand j\u2019\u00e9tais policier, je devais tout le temps r\u00e9diger des rapports pour mon travail. Lorsque je les r\u00e9digeais, j\u2019essayai de r\u00e9fl\u00e9chir \u00e0 la meilleure formulation ou tournure \u00e0 donner \u00e0 ma phrase. J\u2019ai fini par y prendre go\u00fbt \u00e0 l\u2019\u00e9criture.\u00a0\u00bb<\/p>\n<p>Un troisi\u00e8me livre d\u00e9j\u00e0 en projet<\/p>\n<p>Le projet d\u2019un troisi\u00e8me livre est d\u00e9j\u00e0 dans les tiroirs car Thierry Gosselin, v\u00e9ritable passionn\u00e9, n\u2019a pas fini d\u2019\u00eatre inspir\u00e9 par les personnages ayant jou\u00e9 un r\u00f4le dans la Seconde Guerre mondiale.<\/p>\n<p>\u00ab\u00a0Quand la libert\u00e9 et le destin venaient du ciel\u00a0\u00bb. Pour obtenir le livre, il faut contacter Thierry Gosselin, qui auto-\u00e9dite ses livres, au 06.79.37.23.22 ou par mail \u00e0 thierrygosselin3442@neuf.fr. Tarif\u00a0: 14\u00a0\u20ac.<\/p>\n","protected":false},"excerpt":{"rendered":"Apr\u00e8s avoir re\u00e7u son baccalaur\u00e9at scientifique, Thierry Gosselin prendra comme premier emploi celui de pupitreur informatique. Ce n\u2019est&hellip;\n","protected":false},"author":2,"featured_media":108043,"comment_status":"","ping_status":"","sticky":false,"template":"","format":"standard","meta":{"footnotes":""},"categories":[1357],"tags":[1392,1379,1674,58,59,1011,27,1380,4368,1393,7071],"class_list":{"0":"post-108042","1":"post","2":"type-post","3":"status-publish","4":"format-standard","5":"has-post-thumbnail","7":"category-livres","8":"tag-a-la-une-local","9":"tag-books","10":"tag-communes","11":"tag-divertissement","12":"tag-entertainment","13":"tag-fr","14":"tag-france","15":"tag-livres","16":"tag-loir-et-cher","17":"tag-loisirs","18":"tag-selles-sur-cher"},"share_on_mastodon":{"url":"https:\/\/pubeurope.com\/@fr\/114525729181486838","error":""},"_links":{"self":[{"href":"https:\/\/www.europesays.com\/fr\/wp-json\/wp\/v2\/posts\/108042","targetHints":{"allow":["GET"]}}],"collection":[{"href":"https:\/\/www.europesays.com\/fr\/wp-json\/wp\/v2\/posts"}],"about":[{"href":"https:\/\/www.europesays.com\/fr\/wp-json\/wp\/v2\/types\/post"}],"author":[{"embeddable":true,"href":"https:\/\/www.europesays.com\/fr\/wp-json\/wp\/v2\/users\/2"}],"replies":[{"embeddable":true,"href":"https:\/\/www.europesays.com\/fr\/wp-json\/wp\/v2\/comments?post=108042"}],"version-history":[{"count":0,"href":"https:\/\/www.europesays.com\/fr\/wp-json\/wp\/v2\/posts\/108042\/revisions"}],"wp:featuredmedia":[{"embeddable":true,"href":"https:\/\/www.europesays.com\/fr\/wp-json\/wp\/v2\/media\/108043"}],"wp:attachment":[{"href":"https:\/\/www.europesays.com\/fr\/wp-json\/wp\/v2\/media?parent=108042"}],"wp:term":[{"taxonomy":"category","embeddable":true,"href":"https:\/\/www.europesays.com\/fr\/wp-json\/wp\/v2\/categories?post=108042"},{"taxonomy":"post_tag","embeddable":true,"href":"https:\/\/www.europesays.com\/fr\/wp-json\/wp\/v2\/tags?post=108042"}],"curies":[{"name":"wp","href":"https:\/\/api.w.org\/{rel}","templated":true}]}}