{"id":108044,"date":"2025-05-17T23:18:13","date_gmt":"2025-05-17T23:18:13","guid":{"rendered":"https:\/\/www.europesays.com\/fr\/108044\/"},"modified":"2025-05-17T23:18:13","modified_gmt":"2025-05-17T23:18:13","slug":"qui-a-gagne-le-jeu-darthur-sur-tf1-ce-samedi-17-mai","status":"publish","type":"post","link":"https:\/\/www.europesays.com\/fr\/108044\/","title":{"rendered":"Qui a gagn\u00e9 le jeu d&rsquo;Arthur sur TF1 ce samedi 17 mai ?"},"content":{"rendered":"<p>TF1 avait sorti le grand jeu ce samedi 17\u00a0mai pour se mesurer \u00e0 la concurrence impitoyable <a href=\"https:\/\/www.programme-tv.net\/news\/tv\/371199-eurovision-2025-date-de-la-finale-candidats-chanson-de-louane-les-premieres-infos-sur-la-69e-edition-du-concours\/\" data-api-deeplink=\"teleloisirs:\/\/news\/371199\" target=\"_blank\" rel=\"noopener\">du concours de l&rsquo;Eurovision<\/a> port\u00e9 par <a href=\"https:\/\/www.programme-tv.net\/news\/tv\/378977-eurovision-2025-decouvrez-en-integralite-la-prestation-de-louane-qui-pourrait-faire-gagner-la-france-video\/\" data-api-deeplink=\"teleloisirs:\/\/news\/378977\" target=\"_blank\" rel=\"noopener\">Louane<\/a> sur France 2. 17 ans apr\u00e8s la derni\u00e8re \u00e9dition, la cha\u00eene a propos\u00e9 un nouveau num\u00e9ro du Grand concours des Grosses t\u00eates. \u00c0 la pr\u00e9sentation, <a href=\"https:\/\/www.programme-tv.net\/news\/tv\/377988-arthur-annonce-larrivee-dun-nouveau-jeu-sur-tf1-et-devoile-les-premieres-images-du-tournage\/\" data-api-deeplink=\"teleloisirs:\/\/news\/377988\" target=\"_blank\" rel=\"noopener\"><b>Arthur<\/b><\/a><b> a re\u00e7u <\/b><a href=\"https:\/\/www.programme-tv.net\/news\/tv\/378901-pourquoi-laurent-ruquier-ne-participera-pas-a-quelle-epoque-avec-lea-salame-pour-le-moment\/\" data-api-deeplink=\"teleloisirs:\/\/news\/378901\" target=\"_blank\" rel=\"noopener\"><b>Laurent Ruquier<\/b><\/a><b> en invit\u00e9 d&rsquo;honneur<\/b>, assis dans le public pour surveiller les performances de ses 20 pensionnaires de RTL r\u00e9unis en plateau. Il a ainsi pu compter sur la pr\u00e9sence d&rsquo;Az, Roselyne Bachelot, Christophe Beaugrand, Mich\u00e8le Bernier, Steevy Boulay, Philippe Claudel, Paul El Kharrat, Liane Foly, Florian Gazan, Jeanfi Janssens, Joyce Jonathan, \u00c9ric Laugerias, Julie Leclerc, Val\u00e9rie Mairesse, Isabelle Mergaux, Richard Orlinski, Yoann Riou, Bruno Solo, Alex Vizorek et Titoff.<\/p>\n<p>Le grand concours des Grosses t\u00eates sur TF1\u00a0: qui s&rsquo;est qualifi\u00e9 pour la deuxi\u00e8me manche\u00a0?<\/p>\n<p>Tout au long de la soir\u00e9e, les bons mots ont fus\u00e9, <a href=\"https:\/\/www.programme-tv.net\/news\/tv\/371138-cest-la-pire-equipe-les-candidats-enchainent-les-mauvaises-reponses-dans-le-grand-concours-arthur-decontenance\/\" data-api-deeplink=\"teleloisirs:\/\/news\/371138\" target=\"_blank\" rel=\"noopener\">comme lorsque Arthur s&rsquo;est \u00e9tonn\u00e9 du niveau des candidats d&rsquo;un soir<\/a>. \u00ab\u00a0Ils sont beaucoup moins intelligents que ce que je pensais\u00a0!\u00a0\u00bb, s&rsquo;est-il \u00e9tonn\u00e9. \u00ab\u00a0C&rsquo;est le contraire, je les trouve plus intelligents ici\u00a0\u00bb, s&rsquo;est amus\u00e9 Laurent Ruquier, qui n&rsquo;a pourtant pas r\u00e9ussi \u00e0 r\u00e9pondre \u00e0 une question sur le g\u00e9n\u00e9rique des Grosses t\u00eates. \u00c0 l&rsquo;issue de la premi\u00e8re manche compos\u00e9e de questions \u00e0 choix multiples, <b>Az, Alex Vizorek, Christophe Beaugrand, \u00c9ric Laugerias, Mich\u00e8le Bernier et Paul El Kharrat se sont qualifi\u00e9s<\/b>. Il s&rsquo;agissait cette fois de choisir un th\u00e8me parmi les 12 propos\u00e9s (Grosses stars, Grosse bouffe, Grosses \u00e9missions\u2026) et de donner le plus de bonnes r\u00e9ponses en 90 secondes.<\/p>\n<p>                        Qui a gagn\u00e9 Le grand concours des Grosses t\u00eates avec Arthur et Laurent Ruquier sur TF1\u00a0?<\/p>\n<p>\u00c0 ce jeu-l\u00e0, c&rsquo;est l&rsquo;ex-ma\u00eetre de midi Paul El Kharrat qui a \u00e9t\u00e9 le plus fort avec 23 bonnes r\u00e9ponses. Il s&rsquo;est donc qualifi\u00e9 sans peine pour la finale, tout comme Christophe Beaugrand (18 bonnes r\u00e9ponses). <b>La nouveaut\u00e9 de cette \u00e9dition 2025 du <\/b><b>Grand concours des Grosses t\u00eates<\/b> \u00e9tait que Laurent Ruquier a directement \u00e9t\u00e9 qualifi\u00e9 pour la finale, transformant le jeu en une sorte de Qui peut battre Laurent Ruquier\u00a0?. \u00ab\u00a0J&rsquo;ai deux avantages\u00a0: les t\u00e9l\u00e9spectateurs qui arrivent maintenant pensent que je me suis qualifi\u00e9 en finale. Et je suis certain d\u2019\u00eatre aux Grosses t\u00eates demain, ce n\u2019est pas forc\u00e9ment le cas des autres\u00a0\u00bb, a r\u00e9sum\u00e9 le taulier de RTL. Qui n&rsquo;a pourtant pas fait le poids puisque c&rsquo;est Paul El Kharrat qui a remport\u00e9 cette \u00e9dition et est reparti avec le c\u00e9l\u00e8bre troph\u00e9e symbolis\u00e9 par un point d&rsquo;interrogation. Il succ\u00e8de \u00e0 Jean-Jacques Peroni, le dernier vainqueur en date en 2008.<\/p>\n","protected":false},"excerpt":{"rendered":"TF1 avait sorti le grand jeu ce samedi 17\u00a0mai pour se mesurer \u00e0 la concurrence impitoyable du concours&hellip;\n","protected":false},"author":2,"featured_media":108045,"comment_status":"","ping_status":"","sticky":false,"template":"","format":"standard","meta":{"footnotes":""},"categories":[1356],"tags":[244,58,59,1011,27,1759,22588,22589,13687,22587,252,199,1364],"class_list":{"0":"post-108044","1":"post","2":"type-post","3":"status-publish","4":"format-standard","5":"has-post-thumbnail","7":"category-television","8":"tag-commentaire","9":"tag-divertissement","10":"tag-entertainment","11":"tag-fr","12":"tag-france","13":"tag-laurent-ruquier","14":"tag-le-grand-concours","15":"tag-le-grand-concours-des-animateurs","16":"tag-les-grosses-tu00eates","17":"tag-paul-les-12-coups-de-midi","18":"tag-television","19":"tag-tf1","20":"tag-tv"},"share_on_mastodon":{"url":"https:\/\/pubeurope.com\/@fr\/114525733083222929","error":""},"_links":{"self":[{"href":"https:\/\/www.europesays.com\/fr\/wp-json\/wp\/v2\/posts\/108044","targetHints":{"allow":["GET"]}}],"collection":[{"href":"https:\/\/www.europesays.com\/fr\/wp-json\/wp\/v2\/posts"}],"about":[{"href":"https:\/\/www.europesays.com\/fr\/wp-json\/wp\/v2\/types\/post"}],"author":[{"embeddable":true,"href":"https:\/\/www.europesays.com\/fr\/wp-json\/wp\/v2\/users\/2"}],"replies":[{"embeddable":true,"href":"https:\/\/www.europesays.com\/fr\/wp-json\/wp\/v2\/comments?post=108044"}],"version-history":[{"count":0,"href":"https:\/\/www.europesays.com\/fr\/wp-json\/wp\/v2\/posts\/108044\/revisions"}],"wp:featuredmedia":[{"embeddable":true,"href":"https:\/\/www.europesays.com\/fr\/wp-json\/wp\/v2\/media\/108045"}],"wp:attachment":[{"href":"https:\/\/www.europesays.com\/fr\/wp-json\/wp\/v2\/media?parent=108044"}],"wp:term":[{"taxonomy":"category","embeddable":true,"href":"https:\/\/www.europesays.com\/fr\/wp-json\/wp\/v2\/categories?post=108044"},{"taxonomy":"post_tag","embeddable":true,"href":"https:\/\/www.europesays.com\/fr\/wp-json\/wp\/v2\/tags?post=108044"}],"curies":[{"name":"wp","href":"https:\/\/api.w.org\/{rel}","templated":true}]}}