{"id":108058,"date":"2025-05-17T23:26:15","date_gmt":"2025-05-17T23:26:15","guid":{"rendered":"https:\/\/www.europesays.com\/fr\/108058\/"},"modified":"2025-05-17T23:26:15","modified_gmt":"2025-05-17T23:26:15","slug":"marco-rubio-et-benyamin-netanyahou-se-sont-entretenus-sur-les-efforts-pour-obtenir-la-liberation-des-otages","status":"publish","type":"post","link":"https:\/\/www.europesays.com\/fr\/108058\/","title":{"rendered":"Marco Rubio et Benyamin Netanyahou se sont entretenus sur les efforts pour \u00abobtenir la lib\u00e9ration des otages\u00bb"},"content":{"rendered":"<p><strong>LE POINT SUR LA SITUATION &#8211;<\/strong> L\u2019Espagne et l\u2019Italie, de leur c\u00f4t\u00e9, exhortent Isra\u00ebl \u00e0 \u00abarr\u00eater le massacre\u00bb dans la bande de Gaza, o\u00f9 l\u2019\u00c9tat h\u00e9breu intensifie son offensive. Les secours locaux font \u00e9tat d\u2019au moins 30 morts.<\/p>\n<p class=\"fig-paragraph\">Isra\u00ebl a intensifi\u00e9 samedi son offensive dans la bande de Gaza avec l\u2019objectif de \u00abvaincre\u00bb le Hamas. Les secours locaux font \u00e9tat d\u2019au moins 32 morts dans les bombardements du territoire palestinien.<\/p>\n<p class=\"fig-paragraph\">Ce samedi, le chef de la diplomatie am\u00e9ricaine\u00a0<a href=\"http:\/\/www.lefigaro.fr\/international\/marco-rubio-secretaire-de-tout-et-couteau-suisse-de-donald-trump-20250505\" target=\"_blank\" data-fig-type=\"Article\" rel=\"noopener nofollow\" data-gtm-custom-categorie=\"navigation\" data-gtm-custom-action=\"crossclick\" data-gtm-custom-label=\"Contextuel\" data-gtm-event=\"customEventSPE\" data-fig-domain=\"LEFIGARO\">Marco Rubio<\/a>\u00a0s\u2019est entretenu avec le premier ministre isra\u00e9lien Benyamin Netanyahou afin de coordonner leurs efforts pour obtenir \u00abla lib\u00e9ration des otages\u00bb. Plus t\u00f4t dans la journ\u00e9e, l\u2019Espagne et l\u2019Italie ont appel\u00e9 Isra\u00ebl \u00e0 \u00abarr\u00eater le massacre\u00bb. Le Figaro fait le point sur la situation<\/p>\n<p>Appel t\u00e9l\u00e9phonique entre Rubio et Netanyahou<\/p>\n<p class=\"fig-paragraph\">Le chef de la diplomatie am\u00e9ricaine Marco Rubio s\u2019est entretenu samedi, pour la deuxi\u00e8me fois en trois jours, avec le premier ministre isra\u00e9lien\u00a0<a href=\"http:\/\/www.lefigaro.fr\/international\/israel-benyamin-netanyahou-accuse-emmanuel-macron-de-se-ranger-du-cote-d-une-organisation-terroriste-20250514\" target=\"_blank\" data-fig-type=\"NewsFlash\" rel=\"noopener nofollow\" data-gtm-custom-categorie=\"navigation\" data-gtm-custom-action=\"crossclick\" data-gtm-custom-label=\"Contextuel\" data-gtm-event=\"customEventSPE\" data-fig-domain=\"LEFIGARO\">Benyamin Netanyahou<\/a>\u00a0de la situation dans la bande de Gaza, selon un communiqu\u00e9 du d\u00e9partement d\u2019\u00c9tat, au moment o\u00f9 Isra\u00ebl y a intensifi\u00e9 son offensive. \u00abIls ont discut\u00e9 de la situation \u00e0 Gaza et de leurs efforts conjoints pour obtenir la lib\u00e9ration de tous les otages restants\u00bb retenus par le Hamas, a indiqu\u00e9 la porte-parole du d\u00e9partement d\u2019\u00c9tat, Tammy Bruce.<\/p>\n<p class=\"fig-paragraph\">Face \u00e0 l\u2019expansion des op\u00e9rations isra\u00e9liennes \u00e0 Gaza, les appels internationaux pour un cessez-le-feu se sont multipli\u00e9s. De son c\u00f4t\u00e9, le mouvement islamiste palestinien Hamas a annonc\u00e9 le d\u00e9but \u00e0 Doha d\u2019un nouveau cycle de n\u00e9gociations indirectes avec Isra\u00ebl \u00absans aucune condition pr\u00e9alable\u00bb.<\/p>\n<p>Les secours locaux font \u00e9tat d\u2019au moins 30 morts<\/p>\n<p class=\"fig-paragraph\">Isra\u00ebl a intensifi\u00e9 samedi son offensive dans la bande de Gaza avec l\u2019objectif de \u00abvaincre\u00bb le Hamas. L\u2019arm\u00e9e isra\u00e9lienne a annonc\u00e9 avoir \u00ablanc\u00e9 des frappes d\u2019envergure et achemin\u00e9 des forces pour prendre le contr\u00f4le de zones\u00bb de Gaza. Le but \u00abde l\u2019expansion de l\u2019op\u00e9ration est d\u2019atteindre tous les objectifs de la guerre, y compris la lib\u00e9ration des otages et la d\u00e9faite du Hamas\u00bb, a pr\u00e9cis\u00e9 l\u2019arm\u00e9e isra\u00e9lienne.<\/p>\n<p class=\"fig-paragraph\">Dans la bande de Gaza, les secours locaux font \u00e9tat, ce samedi soir, d\u2019au moins 32 morts dans les bombardements sur le territoire palestinien. Une attaque contre une maison \u00e0 Deir el-Balah a fait neuf morts, dont un b\u00e9b\u00e9 de sept mois, a indiqu\u00e9 \u00e0 l\u2019AFP le porte-parole de la D\u00e9fense civile, Mahmoud Bassal.<\/p>\n<p>L\u2019Espagne appelle \u00e0 faire pression sur Isra\u00ebl<\/p>\n<p class=\"fig-paragraph\">Le premier ministre espagnol\u00a0<a href=\"http:\/\/www.lefigaro.fr\/international\/la-tournee-africaine-de-l-espagnol-pedro-sanchez-pour-vanter-l-immigration-circulaire-20240829\" target=\"_blank\" data-fig-type=\"Article\" rel=\"noopener nofollow\" data-gtm-custom-categorie=\"navigation\" data-gtm-custom-action=\"crossclick\" data-gtm-custom-label=\"Contextuel\" data-gtm-event=\"customEventSPE\" data-fig-domain=\"LEFIGARO\">Pedro Sanchez<\/a>\u00a0a appel\u00e9 samedi \u00e0 faire \u00abpression sur Isra\u00ebl pour arr\u00eater le massacre \u00e0\u00a0<a href=\"http:\/\/www.lefigaro.fr\/international\/l-armee-israelienne-intensifie-ses-operations-dans-la-bande-de-gaza-20250516\" target=\"_blank\" data-fig-type=\"Article\" rel=\"noopener nofollow\" data-gtm-custom-categorie=\"navigation\" data-gtm-custom-action=\"crossclick\" data-gtm-custom-label=\"Contextuel\" data-gtm-event=\"customEventSPE\" data-fig-domain=\"LEFIGARO\">Gaza<\/a> \u00bb, en pr\u00e9cisant que l&rsquo;Espagne allait proposer que la Cour de justice internationale \u00abse prononce\u00bb sur l&rsquo;acc\u00e8s de l&rsquo;aide humanitaire dans le territoire palestinien.<\/p>\n<p class=\"fig-paragraph\">\u00abLa crise humanitaire gravissime que subit Gaza depuis octobre 2023 a provoqu\u00e9 plus de 50.000 morts, 100.000 bless\u00e9s et deux millions de d\u00e9plac\u00e9s\u00bb, a rappel\u00e9 le chef du gouvernement espagnol lors de son allocution durant un sommet de la Ligue arabe \u00e0 Bagdad. Face \u00e0 ces chiffres \u00abinacceptables\u00bb qui bafouent le \u00abprincipe d&rsquo;humanit\u00e9\u00bb, il faut \u00abintensifier notre pression sur Isra\u00ebl pour arr\u00eater le massacre \u00e0 Gaza, notamment par les voies que nous offre le droit international\u00bb, a poursuivi le dirigeant socialiste.<\/p>\n<p class=\"fig-paragraph\">Pour cela, l&rsquo;Espagne va \u00absoumettre \u00e0 l&rsquo;<a href=\"https:\/\/www.lefigaro.fr\/mon-figaro\/2011\/09\/20\/10001-20110920ARTFIG00678-ambiance-electrique-autour-de-l-assemblee-generale-des-nations-unies.php\" target=\"_blank\" data-fig-type=\"Article\" rel=\"noopener nofollow\" data-gtm-custom-categorie=\"navigation\" data-gtm-custom-action=\"crossclick\" data-gtm-custom-label=\"Contextuel\" data-gtm-event=\"customEventSPE\" data-fig-domain=\"LEFIGARO\">Assembl\u00e9e g\u00e9n\u00e9rale des Nations Unies<\/a> \u00a0une proposition visant \u00e0 demander \u00e0 la Cour internationale de justice de se prononcer sur le respect, par Isra\u00ebl, de ses obligations internationales sur l&rsquo;acc\u00e8s \u00e0 l&rsquo;aide humanitaire \u00e0 Gaza\u00bb, a-t-il poursuivi.<\/p>\n<p class=\"fig-paragraph\">Lors de son discours, Pedro Sanchez a par ailleurs pr\u00e9cis\u00e9 que l&rsquo;Espagne d\u00e9fendrait un autre projet de r\u00e9solution demandant qu&rsquo;<a href=\"http:\/\/www.lefigaro.fr\/vox\/monde\/samy-cohen-apres-le-7-octobre-il-n-y-a-plus-grand-monde-en-israel-qui-croit-en-la-paix-avec-les-palestiniens-20250515\" target=\"_blank\" data-fig-type=\"Article\" rel=\"noopener nofollow\" data-gtm-custom-categorie=\"navigation\" data-gtm-custom-action=\"crossclick\" data-gtm-custom-label=\"Contextuel\" data-gtm-event=\"customEventSPE\" data-fig-domain=\"LEFIGARO\">Isra\u00ebl\u00a0<\/a>mette \u00abfin au blocus humanitaire impos\u00e9 \u00e0 Gaza\u00bb et garantisse \u00abun acc\u00e8s complet et sans restrictions \u00e0 l&rsquo;aide humanitaire\u00bb dans le territoire palestinien. Lors d&rsquo;un discours devant le Parlement espagnol le 7 mai, le premier ministre espagnol avait d\u00e9j\u00e0 annonc\u00e9 que l&rsquo;Espagne pr\u00e9senterait un projet de r\u00e9solution avec des \u00abmesures d&rsquo;urgence pour arr\u00eater le massacre des civils\u00bb et des garanties sur l&rsquo;entr\u00e9e de \u00abl&rsquo;aide humanitaire\u00bb \u00e0 Gaza.<\/p>\n<p class=\"fig-paragraph\"><strong>\u00abMise en \u0153uvre de la solution \u00e0 deux \u00c9tats\u00bb<\/strong><\/p>\n<p class=\"fig-paragraph\">Au-del\u00e0 de ces diff\u00e9rentes initiatives, la priorit\u00e9 est de \u00abfaire progresser une solution politique\u00bb dans la r\u00e9gion, a insist\u00e9 samedi Pedro Sanchez, en estimant que \u00abla seule voie vers la paix dans la r\u00e9gion\u00bb \u00e9tait \u00abla mise en \u0153uvre de la solution des deux \u00c9tats\u00bb. Pour cela, \u00abje souhaite \u00e0 nouveau exhorter d&rsquo;autres pays \u00e0 reconna\u00eetre l&rsquo;\u00c9tat de Palestine\u00bb, a-t-il insist\u00e9, en disant miser beaucoup sur la conf\u00e9rence internationale pr\u00e9vue en juin en Arabie saoudite pour relancer une solution pacifique au conflit isra\u00e9lo-palestinien.<\/p>\n<p class=\"fig-paragraph\">Cette conf\u00e9rence, copr\u00e9sid\u00e9e par la France, repr\u00e9sente \u00abune opportunit\u00e9 historique \u00e0 ne pas manquer, mais elle ne r\u00e9ussira que s&rsquo;il existe un large consensus arabe et europ\u00e9en qui d\u00e9bouche sur une action ferme de la part de l&rsquo;ensemble de la communaut\u00e9 internationale\u00bb, a-t-il pr\u00e9venu.<\/p>\n<p class=\"fig-paragraph\">L&rsquo;Espagne, qui a reconnu l&rsquo;\u00c9tat de Palestine le 28 mai 2024 de fa\u00e7on simultan\u00e9e avec l&rsquo;Irlande et la Norv\u00e8ge, s&rsquo;est impos\u00e9e ces derniers mois comme l&rsquo;une des voix les plus critiques de l&rsquo;UE \u00e0 l&rsquo;\u00e9gard du gouvernement de\u00a0<a href=\"http:\/\/www.lefigaro.fr\/flash-actu\/israel-benjamin-netanyahou-eclabousse-par-un-nouveau-scandale-en-plein-proces-20241211\" target=\"_blank\" data-fig-type=\"NewsFlash\" rel=\"noopener nofollow\" data-gtm-custom-categorie=\"navigation\" data-gtm-custom-action=\"crossclick\" data-gtm-custom-label=\"Contextuel\" data-gtm-event=\"customEventSPE\" data-fig-domain=\"LEFIGARO\">Benyamin Netanyahou<\/a>, s&rsquo;attirant \u00e0 plusieurs reprises les foudres d&rsquo;Isra\u00ebl.<\/p>\n<p>L\u2019Italie dit \u00ab\u00e7a suffit\u00bb<\/p>\n<p class=\"fig-paragraph\">De son c\u00f4t\u00e9, samedi 17 mai, le ministre italien des Affaires \u00e9trang\u00e8res\u00a0<a href=\"http:\/\/www.lefigaro.fr\/vox\/monde\/antonio-tajani-le-futur-de-l-ukraine-est-trace-au-sein-de-la-famille-europeenne-20240223\" target=\"_blank\" data-fig-type=\"Article\" rel=\"noopener nofollow\" data-gtm-custom-categorie=\"navigation\" data-gtm-custom-action=\"crossclick\" data-gtm-custom-label=\"Contextuel\" data-gtm-event=\"customEventSPE\" data-fig-domain=\"LEFIGARO\">Antonio Tajani<\/a>\u00a0a d\u00e9clar\u00e9\u00a0: \u00abNous devons dire au gouvernement isra\u00e9lien: \u00e7a suffit\u00bb. \u00abNous ne voulons plus voir souffrir la population palestinienne. Parvenons \u00e0 un cessez-le-feu, lib\u00e9rons les otages, mais laissons en paix un peuple qui est victime du Hamas\u00bb, a-t-il affirm\u00e9 lors d\u2019un d\u00e9placement en Sicile, selon des propos rapport\u00e9s par son porte-parole. \u00abVous avez r\u00e9agi. Garantissez votre ind\u00e9pendance, votre s\u00e9curit\u00e9, lib\u00e9rons les otages mais arrivons \u00e0 la paix\u00bb, a-t-il ajout\u00e9 lors d\u2019un rassemblement politique \u00e0 Noto.<\/p>\n<p><strong>Le pr\u00e9sident du Conseil europ\u00e9en se dit <\/strong><strong>\u00abchoqu\u00e9\u00bb<\/strong><\/p>\n<p class=\"fig-paragraph\">Le pr\u00e9sident du Conseil europ\u00e9en Antonio Costa s\u2019est dit \u00abchoqu\u00e9\u00bb samedi par la situation \u00e0 Gaza, cible d\u2019une offensive \u00e9largie d\u2019Isra\u00ebl qu\u2019il a exhort\u00e9 \u00e0 cesser la violence. \u00abChoqu\u00e9 par l\u2019actualit\u00e9 \u00e0 Gaza\u00a0: des civils affam\u00e9s, des h\u00f4pitaux \u00e0 nouveau frapp\u00e9s par des frappes. La violence doit cesser!\u00bb, a-t-il d\u00e9clar\u00e9 sur le r\u00e9seau social X. \u00abLe gouvernement isra\u00e9lien doit imm\u00e9diatement mettre fin au blocage et garantir un acc\u00e8s s\u00fbr, rapide et sans entrave \u00e0 l\u2019aide humanitaire\u00bb, a-t-il ajout\u00e9.<\/p>\n<p class=\"fig-paragraph\">\u00abCe qui se passe \u00e0 Gaza est une trag\u00e9die humanitaire. Tout un peuple est soumis \u00e0 une force militaire \u00e9crasante et disproportionn\u00e9e\u00bb, a affirm\u00e9 le pr\u00e9sident du Conseil europ\u00e9en. \u00abUn cessez-le-feu durable et la lib\u00e9ration imm\u00e9diate et inconditionnelle de tous les otages sont plus urgents que jamais\u00bb, a-t-il poursuivi.<\/p>\n<p class=\"fig-paragraph\">L\u2019arm\u00e9e isra\u00e9lienne a annonc\u00e9 samedi \u00e9largir son offensive pour vaincre le\u00a0<a href=\"http:\/\/www.lefigaro.fr\/international\/gaza-50-personnes-tuees-dans-des-bombardements-israeliens-indique-la-defense-civile-20250515\" target=\"_blank\" data-fig-type=\"NewsFlash\" rel=\"noopener nofollow\" data-gtm-custom-categorie=\"navigation\" data-gtm-custom-action=\"crossclick\" data-gtm-custom-label=\"Contextuel\" data-gtm-event=\"customEventSPE\" data-fig-domain=\"LEFIGARO\">Hamas<\/a>\u00a0dans la bande de Gaza, o\u00f9 ses bombardements ont tu\u00e9 dix personnes dans la matin\u00e9e selon les secours, apr\u00e8s plusieurs jours de pilonnage meurtrier du territoire d\u00e9vast\u00e9 et affam\u00e9.<\/p>\n<p class=\"fig-paragraph\">Malgr\u00e9 une multiplication des critiques internationales sur sa conduite du conflit et la catastrophe humanitaire en cours, le premier ministre Benyamin Netanyahou avait averti lundi d\u2019une prochaine entr\u00e9e \u00aben force\u00bb de l\u2019arm\u00e9e \u00e0 Gaza pour \u00abachever l\u2019op\u00e9ration et vaincre le Hamas\u00bb, dont l\u2019attaque contre Isra\u00ebl le 7 octobre 2023 avait d\u00e9clench\u00e9 la guerre dans le territoire palestinien.<\/p>\n","protected":false},"excerpt":{"rendered":"LE POINT SUR LA SITUATION &#8211; L\u2019Espagne et l\u2019Italie, de leur c\u00f4t\u00e9, exhortent Isra\u00ebl \u00e0 \u00abarr\u00eater le massacre\u00bb&hellip;\n","protected":false},"author":2,"featured_media":108059,"comment_status":"","ping_status":"","sticky":false,"template":"","format":"standard","meta":{"footnotes":""},"categories":[5],"tags":[259,11,260,3259,123,1011,27,665,14,261,12,262,28],"class_list":{"0":"post-108058","1":"post","2":"type-post","3":"status-publish","4":"format-standard","5":"has-post-thumbnail","7":"category-international","8":"tag-actualite-internationale","9":"tag-actualites","10":"tag-affaires-etrangeres","11":"tag-conflit-israelo-palestinien","12":"tag-espagne","13":"tag-fr","14":"tag-france","15":"tag-gaza","16":"tag-international","17":"tag-ministere-des-affaires-etrangeres","18":"tag-news","19":"tag-politique-etrangere","20":"tag-world"},"share_on_mastodon":{"url":"https:\/\/pubeurope.com\/@fr\/114525764601249029","error":""},"_links":{"self":[{"href":"https:\/\/www.europesays.com\/fr\/wp-json\/wp\/v2\/posts\/108058","targetHints":{"allow":["GET"]}}],"collection":[{"href":"https:\/\/www.europesays.com\/fr\/wp-json\/wp\/v2\/posts"}],"about":[{"href":"https:\/\/www.europesays.com\/fr\/wp-json\/wp\/v2\/types\/post"}],"author":[{"embeddable":true,"href":"https:\/\/www.europesays.com\/fr\/wp-json\/wp\/v2\/users\/2"}],"replies":[{"embeddable":true,"href":"https:\/\/www.europesays.com\/fr\/wp-json\/wp\/v2\/comments?post=108058"}],"version-history":[{"count":0,"href":"https:\/\/www.europesays.com\/fr\/wp-json\/wp\/v2\/posts\/108058\/revisions"}],"wp:featuredmedia":[{"embeddable":true,"href":"https:\/\/www.europesays.com\/fr\/wp-json\/wp\/v2\/media\/108059"}],"wp:attachment":[{"href":"https:\/\/www.europesays.com\/fr\/wp-json\/wp\/v2\/media?parent=108058"}],"wp:term":[{"taxonomy":"category","embeddable":true,"href":"https:\/\/www.europesays.com\/fr\/wp-json\/wp\/v2\/categories?post=108058"},{"taxonomy":"post_tag","embeddable":true,"href":"https:\/\/www.europesays.com\/fr\/wp-json\/wp\/v2\/tags?post=108058"}],"curies":[{"name":"wp","href":"https:\/\/api.w.org\/{rel}","templated":true}]}}