{"id":1080596,"date":"2026-07-22T08:00:15","date_gmt":"2026-07-22T08:00:15","guid":{"rendered":"https:\/\/www.europesays.com\/fr\/1080596\/"},"modified":"2026-07-22T08:00:15","modified_gmt":"2026-07-22T08:00:15","slug":"je-me-defends-jen-ai-marre-sylvie-tellier-met-les-choses-au-clair-avec-elodie-gossuin","status":"publish","type":"post","link":"https:\/\/www.europesays.com\/fr\/1080596\/","title":{"rendered":"\u00ab Je me d\u00e9fends, j\u2019en ai marre \u00bb : Sylvie Tellier met les choses au clair avec \u00c9lodie Gossuin"},"content":{"rendered":"<p itemprop=\"description\"><strong>L\u2019ancienne directrice g\u00e9n\u00e9rale de la soci\u00e9t\u00e9 Miss France a d\u00e9cid\u00e9 de s\u2019expliquer.<\/strong><\/p>\n<p>\u00ab\u00a0J\u2019en ai marre qu\u2019on m\u2019accuse toujours d\u2019\u00eatre responsable de tout.\u00a0\u00bb Les mots viennent de <strong>Sylvie Tellier<\/strong> dans une vid\u00e9o publi\u00e9e ce mardi sur son compte Instagram. \u00ab\u00a0Quand on m\u2019accuse de choses, de manipulation, en disant que je suis m\u00e9chante, que je suis responsable\u2026 Non, je me d\u00e9fends, j\u2019en ai marre\u00a0\u00bb, ajoute l\u2019ex-Miss France et Miss Lyon, par ailleurs ancienne directrice g\u00e9n\u00e9rale de la soci\u00e9t\u00e9 Miss France.<\/p>\n<p>Un sujet en particulier est \u00e0 l\u2019origine de la prise de parole de Sylvie Tellier : les accusations d\u2019une autre Miss France, \u00e0 savoir <strong>\u00c9lodie Gossuin<\/strong>, dans un livre publi\u00e9 par cette derni\u00e8re en f\u00e9vrier dernier et intitul\u00e9 Miss \u00e0 nu. L\u2019ancienne reine de beaut\u00e9 reproche \u00e0 l\u2019ex-responsable des Miss d\u2019avoir \u00e9t\u00e9 blacklist\u00e9e des plateaux de l\u2019\u00e9lection durant plusieurs ann\u00e9es.\u00a0<\/p>\n<p>\u00ab\u00a0Pourquoi n\u2019a-t-elle pas particip\u00e9 pendant des ann\u00e9es \u00e0 l\u2019\u00e9lection de Miss France ? Peut-\u00eatre que ce n\u2019est pas moi la responsable. \u00c9lodie Gossuin est all\u00e9e pr\u00e9senter des \u00e9lections concurrentes \u00e0 Endemol, alors qu\u2019Endemol \u00e9tait en proc\u00e8s contre Genevi\u00e8ve de Fontenay\u00a0\u00bb, a tenu \u00e0 rappeler Sylvie Tellier revenant sur les changements connus au sein de la soci\u00e9t\u00e9 Miss France.<\/p>\n<p>\u00ab\u00a0Je pensais que tout allait bien, et cet hiver, elle sort un livre dans lequel elle explique qu\u2019elle a \u00e9t\u00e9 boycott\u00e9e de Miss France \u00e0 cause de moi\u00a0\u00bb, ajoute l\u2019ancienne Miss Lyon mettant en avant des invitations lanc\u00e9es \u00e0 \u00c9lodie Gossuin concernant des \u00e9v\u00e9nements autour des Miss, notamment de son association Les Bonnes F\u00e9es.<\/p>\n<p>\u00ab\u00a0Ne jugez jamais une histoire avant d\u2019en avoir lu toutes les pages. C\u2019est tout le sens de cette vid\u00e9o. Elle n\u2019a pas vocation \u00e0 alimenter une pol\u00e9mique ou \u00e0 attiser la haine. Elle a simplement pour but de rappeler les faits, de les remettre dans leur contexte, afin que chacun puisse se faire sa propre opinion\u00a0\u00bb, peut-on lire en l\u00e9gende de la vid\u00e9o de Sylvie Tellier.<\/p>\n<blockquote class=\"instagram-media\" style=\"background: #FFF; border: 0; border-radius: 3px; box-shadow: 0 0 1px 0 rgba(0,0,0,0.5),0 1px 10px 0 rgba(0,0,0,0.15); margin: 1px; max-width: 540px; min-width: 326px; padding: 0; width: calc(100% - 2px);\" data-instgrm-captioned=\"\" data-instgrm-permalink=\"https:\/\/www.instagram.com\/reel\/DbEN2gcx7ZR\/?utm_source=ig_embed&amp;utm_campaign=loading\" data-instgrm-version=\"14\"><p>&#13;<br \/>\n&#13;\n<\/p><\/blockquote>\n<p>\t\t  <script async src=\"\/\/www.instagram.com\/embed.js\"><\/script><\/p>\n","protected":false},"excerpt":{"rendered":"L\u2019ancienne directrice g\u00e9n\u00e9rale de la soci\u00e9t\u00e9 Miss France a d\u00e9cid\u00e9 de s\u2019expliquer. \u00ab\u00a0J\u2019en ai marre qu\u2019on m\u2019accuse toujours&hellip;\n","protected":false},"author":2,"featured_media":1080597,"comment_status":"","ping_status":"","sticky":false,"template":"","format":"standard","meta":{"footnotes":"","_share_on_mastodon":"0"},"categories":[1889],"tags":[1111,11,2813,2190,2430,1109,251,1112,2811,1777,674,118,1294,4651,1011,27,1922,1110,1114,2428,4903,4902,12,241,316,25,2812,517,800],"class_list":["post-1080596","post","type-post","status-publish","format-standard","has-post-thumbnail","category-lyon","tag-actu","tag-actualites","tag-article","tag-asvel","tag-auvergne-rhone-alpes","tag-breves","tag-culture","tag-depeches","tag-economique","tag-eu","tag-europe","tag-faits-divers","tag-femme","tag-femmes","tag-fr","tag-france","tag-info","tag-informations","tag-infos","tag-lyon","tag-lyonfemme","tag-lyonfemmes","tag-news","tag-ol","tag-politique","tag-republique-francaise","tag-sociale","tag-sport","tag-transports"],"share_on_mastodon":{"url":"https:\/\/pubeurope.com\/@fr\/116962579338111367","error":""},"_links":{"self":[{"href":"https:\/\/www.europesays.com\/fr\/wp-json\/wp\/v2\/posts\/1080596","targetHints":{"allow":["GET"]}}],"collection":[{"href":"https:\/\/www.europesays.com\/fr\/wp-json\/wp\/v2\/posts"}],"about":[{"href":"https:\/\/www.europesays.com\/fr\/wp-json\/wp\/v2\/types\/post"}],"author":[{"embeddable":true,"href":"https:\/\/www.europesays.com\/fr\/wp-json\/wp\/v2\/users\/2"}],"replies":[{"embeddable":true,"href":"https:\/\/www.europesays.com\/fr\/wp-json\/wp\/v2\/comments?post=1080596"}],"version-history":[{"count":0,"href":"https:\/\/www.europesays.com\/fr\/wp-json\/wp\/v2\/posts\/1080596\/revisions"}],"wp:featuredmedia":[{"embeddable":true,"href":"https:\/\/www.europesays.com\/fr\/wp-json\/wp\/v2\/media\/1080597"}],"wp:attachment":[{"href":"https:\/\/www.europesays.com\/fr\/wp-json\/wp\/v2\/media?parent=1080596"}],"wp:term":[{"taxonomy":"category","embeddable":true,"href":"https:\/\/www.europesays.com\/fr\/wp-json\/wp\/v2\/categories?post=1080596"},{"taxonomy":"post_tag","embeddable":true,"href":"https:\/\/www.europesays.com\/fr\/wp-json\/wp\/v2\/tags?post=1080596"}],"curies":[{"name":"wp","href":"https:\/\/api.w.org\/{rel}","templated":true}]}}