{"id":108060,"date":"2025-05-17T23:27:09","date_gmt":"2025-05-17T23:27:09","guid":{"rendered":"https:\/\/www.europesays.com\/fr\/108060\/"},"modified":"2025-05-17T23:27:09","modified_gmt":"2025-05-17T23:27:09","slug":"a-marseille-la-contre-programmation-dedouard-philippe","status":"publish","type":"post","link":"https:\/\/www.europesays.com\/fr\/108060\/","title":{"rendered":"\u00c0 Marseille, la contre-programmation d\u2019\u00c9douard Philippe"},"content":{"rendered":"<p class=\"paragraph text_align_left\">\u00c0 la tribune du Parc Chanot \u00e0 Marseille (VIIIe), <a href=\"https:\/\/www.leparisien.fr\/politique\/edouard-philippe\/\" target=\"_self\" rel=\"nofollow noopener\">\u00c9douard Philippe<\/a> a convi\u00e9 trois influents t\u00e9nors du coin : la patronne du d\u00e9partement Martine Vassal, celui de la r\u00e9gion Renaud Muselier et le maire de Nice Christian Estrosi. Les trois ont quitt\u00e9 LR, tout comme le chef d\u2019Horizons. Aucun d\u2019entre eux ne votera donc pour <a href=\"https:\/\/www.leparisien.fr\/politique\/laurent-wauquiez\/\" target=\"_self\" rel=\"nofollow noopener\">Laurent Wauquiez<\/a> ou <a href=\"https:\/\/www.leparisien.fr\/politique\/bruno-retailleau\/\" target=\"_self\" rel=\"nofollow noopener\">Bruno Retailleau<\/a> ce week-end mais tous cherchent leur champion de droite pour 2027. Et si c\u2018\u00e9tait lui, \u00c9douard Philippe ?<\/p>\n<p class=\"paragraph text_align_left\">\u00ab Je suis Renaissance, moi je suis avec Macron, se marre Renaud Muselier devant une salle hilare. On a besoin de travailler ensemble mais il faut additionner, pas d\u2019h\u00e9g\u00e9monie ! \u00bb Le message sonne comme un avertissement : que l\u2019ancien Premier ministre ne tente pas d\u2019ores et d\u00e9j\u00e0 une OPA sur la droite, et ce \u00e0 deux ans de la future \u00e9lection pr\u00e9sidentielle. C\u2018est pourtant bien cela que le candidat d\u00e9clar\u00e9 avait en t\u00eate, ce samedi, lors de son troisi\u00e8me congr\u00e8s \u00e0 Marseille.<\/p>\n<p>\u00ab Un timing parfait \u00bb<\/p>\n<p class=\"paragraph text_align_left\">D\u2019abord, avec le choix du casting. Muselier, Estrosi, Vassal sur sc\u00e8ne, apr\u00e8s Darmanin \u00e0 Lille il y a deux mois : voil\u00e0 la droite qu\u2018\u00c9douard Philippe veut rassembler pour 2027. \u00ab Il est le barycentre de tout ce beau monde \u00bb, assure un proche. Puis, gr\u00e2ce \u00e0 l\u2019agenda politique. Hasard du calendrier, le pr\u00e9sident d\u2019Horizons avait pr\u00e9vu d\u2019organiser ce meeting le m\u00eame week-end que <a href=\"https:\/\/www.leparisien.fr\/politique\/retailleau-ou-wauquiez-pour-la-presidence-de-lr-la-fin-dune-partie-dechecs-de-trois-mois-17-05-2025-ICBKC5EZKVCBDD2LYTQ6ZDPKXA.php\" target=\"_self\" rel=\"nofollow noopener\">l\u2019\u00e9lection \u00e0 la pr\u00e9sidence des R\u00e9publicains<\/a>. Il l\u2019a donc avanc\u00e9 de vingt-quatre heures. \u00ab Un timing parfait \u00bb, sourit Jean-Marc Zulesi, l\u2019ancien d\u00e9put\u00e9 Renaissance qui vient de prendre sa carte \u00e0 Horizons. En priv\u00e9, son entourage veut croire que le choc des images de ce week-end se transformera en atout pour l\u2019ex-Premier ministre : d\u2018un c\u00f4t\u00e9 les divisions, de l\u2019autre le rassemblement.<\/p>\n<p class=\"paragraph text_align_left\">\u00c0 Marseille, \u00c9douard Philippe livre sa vision de la justice dans un discours aux nombreux marqueurs de droite. Cette fois-ci, c\u2018est tout sauf un hasard. Quel \u00e9lecteur de Laurent Wauquiez ou de Bruno Retailleau n\u2019applaudirait pas quand le candidat d\u00e9nonce une justice \u00ab interminable de lenteur et hypocrite \u00bb ? Quand il assure qu\u2019une \u00ab partie de la violence est li\u00e9e \u00e0 l\u2019immigration \u00bb et que la France \u00ab a un probl\u00e8me avec le communautarisme \u00bb ? Ou quand il reprend le slogan de campagne de Nicolas Sarkozy en 2007, \u00ab Travailler plus pour gagner plus \u00bb ? <\/p>\n<p class=\"paragraph text_align_left\">Au fil de l\u2019allocution d\u2019une heure, le maire du Havre coche les cases d\u2019un \u00ab un vrai programme de droite \u00bb, appuie-t-il, au moment m\u00eame o\u00f9 son ancien parti, LR, reprend des couleurs.<\/p>\n<p>\u00ab Du trumpisme aux petits pieds \u00bb<\/p>\n<p class=\"paragraph text_align_left\">\u00ab \u00c9douard Philippe incarne une fermet\u00e9 concr\u00e8te et pas populiste \u00bb, assure le vice-pr\u00e9sident de son parti, Christian Estrosi. Pour le d\u00e9montrer, le candidat descend en flammes Laurent Wauquiez : \u00ab Les Fran\u00e7ais ne sont pas dupes de ceux qui font du trumpisme aux petits pieds en r\u00eavant de ressusciter le bagne du comte de Monte-Cristo, \u00e0 Saint-Pierre-et-Miquelon (\u2026) Du n\u2019importe quoi populiste qui commence en farce et se termine en trag\u00e9die. \u00bb<\/p>\n<p class=\"paragraph text_align_left\">Pas sa droite donc, contrairement \u00e0 celles de G\u00e9rald Darmanin et Bruno Retailleau, dont il salue l\u2019action au gouvernement, sans susciter \u00e0 ce moment-l\u00e0 les applaudissements des pr\u00e8s de 2 000 militants. \u00ab Sur le terrain, il y a une hype (mode, en fran\u00e7ais) Retailleau, constate Marine Cazard, cheffe du p\u00f4le Jeunes \u00e0 Horizons, mais qui ne d\u00e9passe pas l\u2019\u00e9lectorat d\u00e9j\u00e0 convaincu. \u00c9douard va au-del\u00e0. \u00bb<\/p>\n<p>Des propositions au compte-goutte<\/p>\n<p class=\"paragraph text_align_left\">Mais pas trop loin non plus. \u00c0 Bordeaux, Lille puis Marseille, \u00c9douard Philippe se contente, la plupart du temps, de dresser un portrait du pays, \u00ab le constat des maux fran\u00e7ais \u00bb, selon son conseiller Cl\u00e9ment Tonon. Mais les propositions sont distill\u00e9es au compte-goutte par le candidat. Sur le syst\u00e8me judiciaire, l\u2019ancien avocat plaide pour l\u2019ex\u00e9cution des courtes peines, le retour des peines planchers \u00ab pour les infractions les plus graves \u00bb et la suppression du juge d\u2019application des peines. \u00ab La transformation sera massive \u00bb, promet-il.<\/p>\n<p class=\"paragraph text_align_left\">En attendant le massif et bruyant programme de droite promis pour le printemps 2026, le patron d\u2019Horizons va poursuivre, \u00e0 bas bruit, son tour de France des sous-pr\u00e9fectures, avant un nouveau meeting fin ao\u00fbt sur la jeunesse et <a href=\"https:\/\/www.leparisien.fr\/politique\/le-livre-secret-dedouard-philippe-06-05-2025-QHZ7BSS6UFHTPBMD5ATPVLRTIM.php\" target=\"_self\" rel=\"nofollow noopener\">un nouveau livre en septembre, comme l\u2019a r\u00e9v\u00e9l\u00e9 d\u00e9but mai le Parisien<\/a>.<\/p>\n<p class=\"paragraph text_align_left\">Retour au Parc Chanot. \u00c0 la fin du meeting, la \u00ab Marseillaise \u00bb retentit et deux jeunes militants montent sur sc\u00e8ne afin d\u2019offrir \u00e0 \u00c9douard Philippe un maillot de l\u2019Olympique de Marseille. Floqu\u00e9 au dos : le num\u00e9ro 27, pour 2027. Cette saison, l\u2019OM ne terminera pas premier du championnat. Lui ne vise que cette place.<\/p>\n","protected":false},"excerpt":{"rendered":"\u00c0 la tribune du Parc Chanot \u00e0 Marseille (VIIIe), \u00c9douard Philippe a convi\u00e9 trois influents t\u00e9nors du coin&hellip;\n","protected":false},"author":2,"featured_media":108061,"comment_status":"","ping_status":"","sticky":false,"template":"","format":"standard","meta":{"footnotes":""},"categories":[4],"tags":[11,459,1011,27,12,316,25],"class_list":{"0":"post-108060","1":"post","2":"type-post","3":"status-publish","4":"format-standard","5":"has-post-thumbnail","7":"category-france","8":"tag-actualites","9":"tag-departements-horsidfo","10":"tag-fr","11":"tag-france","12":"tag-news","13":"tag-politique","14":"tag-republique-francaise"},"share_on_mastodon":{"url":"https:\/\/pubeurope.com\/@fr\/114525768476772445","error":""},"_links":{"self":[{"href":"https:\/\/www.europesays.com\/fr\/wp-json\/wp\/v2\/posts\/108060","targetHints":{"allow":["GET"]}}],"collection":[{"href":"https:\/\/www.europesays.com\/fr\/wp-json\/wp\/v2\/posts"}],"about":[{"href":"https:\/\/www.europesays.com\/fr\/wp-json\/wp\/v2\/types\/post"}],"author":[{"embeddable":true,"href":"https:\/\/www.europesays.com\/fr\/wp-json\/wp\/v2\/users\/2"}],"replies":[{"embeddable":true,"href":"https:\/\/www.europesays.com\/fr\/wp-json\/wp\/v2\/comments?post=108060"}],"version-history":[{"count":0,"href":"https:\/\/www.europesays.com\/fr\/wp-json\/wp\/v2\/posts\/108060\/revisions"}],"wp:featuredmedia":[{"embeddable":true,"href":"https:\/\/www.europesays.com\/fr\/wp-json\/wp\/v2\/media\/108061"}],"wp:attachment":[{"href":"https:\/\/www.europesays.com\/fr\/wp-json\/wp\/v2\/media?parent=108060"}],"wp:term":[{"taxonomy":"category","embeddable":true,"href":"https:\/\/www.europesays.com\/fr\/wp-json\/wp\/v2\/categories?post=108060"},{"taxonomy":"post_tag","embeddable":true,"href":"https:\/\/www.europesays.com\/fr\/wp-json\/wp\/v2\/tags?post=108060"}],"curies":[{"name":"wp","href":"https:\/\/api.w.org\/{rel}","templated":true}]}}