{"id":108066,"date":"2025-05-17T23:31:15","date_gmt":"2025-05-17T23:31:15","guid":{"rendered":"https:\/\/www.europesays.com\/fr\/108066\/"},"modified":"2025-05-17T23:31:15","modified_gmt":"2025-05-17T23:31:15","slug":"les-enseignants-de-ferry-mobilises","status":"publish","type":"post","link":"https:\/\/www.europesays.com\/fr\/108066\/","title":{"rendered":"les enseignants de Ferry mobilis\u00e9s"},"content":{"rendered":"<p>Banderole et distribution de tracts des enseignants, lundi, aux abords du coll\u00e8ge Jules-Ferry. En cause, une rumeur\u00a0: \u00ab\u00a0Le conseil d\u00e9partemental voudrait imposer, dans la pr\u00e9cipitation, le regroupement des deux coll\u00e8ges de Neuves-Maisons, l\u2019AEIM de Saint-Nicolas-de-Port et une \u00e9cole de musique intercommunale dans la future Cit\u00e9 inclusive.\u00a0\u00bb<\/p>\n<p>Les professeures Renaux et Past\u00e9, d\u00e9l\u00e9gu\u00e9es syndicales FO et SNES-FSU du coll\u00e8ge Jules-Ferry, s\u2019insurgent\u00a0: \u00ab\u00a0Jusqu\u2019\u00e0 pr\u00e9sent, seul le transfert du coll\u00e8ge Callot \u00e9tait pr\u00e9vu. Mais nous&#8230;<\/p>\n","protected":false},"excerpt":{"rendered":"Banderole et distribution de tracts des enseignants, lundi, aux abords du coll\u00e8ge Jules-Ferry. En cause, une rumeur\u00a0: \u00ab\u00a0Le&hellip;\n","protected":false},"author":2,"featured_media":108067,"comment_status":"","ping_status":"","sticky":false,"template":"","format":"standard","meta":{"footnotes":""},"categories":[9635],"tags":[1111,11,9848,3599,1704,1057,1777,674,1011,27,775,1702,9847,12,25],"class_list":{"0":"post-108066","1":"post","2":"type-post","3":"status-publish","4":"format-standard","5":"has-post-thumbnail","7":"category-nancy","8":"tag-actu","9":"tag-actualites","10":"tag-cc-moselle-et-madon-54b","11":"tag-college-lycee","12":"tag-edition-nancy-et-agglomeration","13":"tag-education","14":"tag-eu","15":"tag-europe","16":"tag-fr","17":"tag-france","18":"tag-grand-est","19":"tag-nancy","20":"tag-neuves-maisons","21":"tag-news","22":"tag-republique-francaise"},"share_on_mastodon":{"url":"https:\/\/pubeurope.com\/@fr\/114525784175349521","error":""},"_links":{"self":[{"href":"https:\/\/www.europesays.com\/fr\/wp-json\/wp\/v2\/posts\/108066","targetHints":{"allow":["GET"]}}],"collection":[{"href":"https:\/\/www.europesays.com\/fr\/wp-json\/wp\/v2\/posts"}],"about":[{"href":"https:\/\/www.europesays.com\/fr\/wp-json\/wp\/v2\/types\/post"}],"author":[{"embeddable":true,"href":"https:\/\/www.europesays.com\/fr\/wp-json\/wp\/v2\/users\/2"}],"replies":[{"embeddable":true,"href":"https:\/\/www.europesays.com\/fr\/wp-json\/wp\/v2\/comments?post=108066"}],"version-history":[{"count":0,"href":"https:\/\/www.europesays.com\/fr\/wp-json\/wp\/v2\/posts\/108066\/revisions"}],"wp:featuredmedia":[{"embeddable":true,"href":"https:\/\/www.europesays.com\/fr\/wp-json\/wp\/v2\/media\/108067"}],"wp:attachment":[{"href":"https:\/\/www.europesays.com\/fr\/wp-json\/wp\/v2\/media?parent=108066"}],"wp:term":[{"taxonomy":"category","embeddable":true,"href":"https:\/\/www.europesays.com\/fr\/wp-json\/wp\/v2\/categories?post=108066"},{"taxonomy":"post_tag","embeddable":true,"href":"https:\/\/www.europesays.com\/fr\/wp-json\/wp\/v2\/tags?post=108066"}],"curies":[{"name":"wp","href":"https:\/\/api.w.org\/{rel}","templated":true}]}}