{"id":108068,"date":"2025-05-17T23:32:53","date_gmt":"2025-05-17T23:32:53","guid":{"rendered":"https:\/\/www.europesays.com\/fr\/108068\/"},"modified":"2025-05-17T23:32:53","modified_gmt":"2025-05-17T23:32:53","slug":"le-drapeau-arc-en-ciel-flotte-sur-la-mairie","status":"publish","type":"post","link":"https:\/\/www.europesays.com\/fr\/108068\/","title":{"rendered":"le drapeau arc-en-ciel flotte sur la mairie"},"content":{"rendered":"<p>Un grand drapeau arc-en-ciel flotte sur le balcon de l\u2019h\u00f4tel de ville de Nancy, bien visible, ce samedi apr\u00e8s-midi, depuis la place Stan. Pas de quoi choquer a priori. Puisqu\u2019il s\u2019agit de c\u00e9l\u00e9brer la journ\u00e9e internationale contre l\u2019homophobie sous toutes ses formes. La pr\u00e9sence du symbole de la communaut\u00e9 LGBT au fronton de la mairie a pourtant provoqu\u00e9 des r\u00e9actions agressives.<\/p>\n<p>Quelques instants avant un rassemblement organis\u00e9 sous la banni\u00e8re arc-en-ciel par l\u2019association militante Equinoxe, \u00ab\u00a0un groupe de six ou sept personnes a mim\u00e9 le fait de br\u00fbler le drapeau\u00a0\u00bb, relate Sabrina Benmokhtar, adjointe au maire charg\u00e9e de la lutte contre les discriminations.<\/p>\n<p>L\u2019\u00e9lue n\u2019a pas h\u00e9sit\u00e9 \u00e0 intervenir. Elle a menac\u00e9 de pr\u00e9venir la police et le groupe est parti. Un peu plus tard, alors qu\u2019une centaine de manifestants\u00a0en faveur de la cause LGBT, \u00e9taient r\u00e9unis devant la mairie, deux passants ont hurl\u00e9 pour s\u2019insurger contre la pr\u00e9sence du drapeau arc-en-ciel.<\/p>\n<p>Une fois encore, Sabrina Benmokhtar est mont\u00e9e au cr\u00e9neau. Elle a essay\u00e9 de dialoguer mais, cette fois, la police a d\u00fb intervenir pour \u00e9loigner le duo de trouble-f\u00eates. <\/p>\n<p>La manifestation a pu reprendre normalement avec, en particulier, une intervention du maire Mathieu Klein qui a qualifi\u00e9 les \u00ab th\u00e9rapies de conversions \u00bb de \u00ab torture \u00bb dont une p\u00e9tition demande l\u2019interdiction au niveau europ\u00e9en.<\/p>\n","protected":false},"excerpt":{"rendered":"Un grand drapeau arc-en-ciel flotte sur le balcon de l\u2019h\u00f4tel de ville de Nancy, bien visible, ce samedi&hellip;\n","protected":false},"author":2,"featured_media":108069,"comment_status":"","ping_status":"","sticky":false,"template":"","format":"standard","meta":{"footnotes":""},"categories":[9635],"tags":[1111,11,1704,1777,674,1011,27,775,3457,1702,1703,12,25,104],"class_list":{"0":"post-108068","1":"post","2":"type-post","3":"status-publish","4":"format-standard","5":"has-post-thumbnail","7":"category-nancy","8":"tag-actu","9":"tag-actualites","10":"tag-edition-nancy-et-agglomeration","11":"tag-eu","12":"tag-europe","13":"tag-fr","14":"tag-france","15":"tag-grand-est","16":"tag-meurthe-et-moselle","17":"tag-nancy","18":"tag-nancy-ville-54b","19":"tag-news","20":"tag-republique-francaise","21":"tag-societe"},"share_on_mastodon":{"url":"https:\/\/pubeurope.com\/@fr\/114525792001983581","error":""},"_links":{"self":[{"href":"https:\/\/www.europesays.com\/fr\/wp-json\/wp\/v2\/posts\/108068","targetHints":{"allow":["GET"]}}],"collection":[{"href":"https:\/\/www.europesays.com\/fr\/wp-json\/wp\/v2\/posts"}],"about":[{"href":"https:\/\/www.europesays.com\/fr\/wp-json\/wp\/v2\/types\/post"}],"author":[{"embeddable":true,"href":"https:\/\/www.europesays.com\/fr\/wp-json\/wp\/v2\/users\/2"}],"replies":[{"embeddable":true,"href":"https:\/\/www.europesays.com\/fr\/wp-json\/wp\/v2\/comments?post=108068"}],"version-history":[{"count":0,"href":"https:\/\/www.europesays.com\/fr\/wp-json\/wp\/v2\/posts\/108068\/revisions"}],"wp:featuredmedia":[{"embeddable":true,"href":"https:\/\/www.europesays.com\/fr\/wp-json\/wp\/v2\/media\/108069"}],"wp:attachment":[{"href":"https:\/\/www.europesays.com\/fr\/wp-json\/wp\/v2\/media?parent=108068"}],"wp:term":[{"taxonomy":"category","embeddable":true,"href":"https:\/\/www.europesays.com\/fr\/wp-json\/wp\/v2\/categories?post=108068"},{"taxonomy":"post_tag","embeddable":true,"href":"https:\/\/www.europesays.com\/fr\/wp-json\/wp\/v2\/tags?post=108068"}],"curies":[{"name":"wp","href":"https:\/\/api.w.org\/{rel}","templated":true}]}}