{"id":108072,"date":"2025-05-17T23:35:09","date_gmt":"2025-05-17T23:35:09","guid":{"rendered":"https:\/\/www.europesays.com\/fr\/108072\/"},"modified":"2025-05-17T23:35:09","modified_gmt":"2025-05-17T23:35:09","slug":"previsions-du-dimanche-18-mai-2025","status":"publish","type":"post","link":"https:\/\/www.europesays.com\/fr\/108072\/","title":{"rendered":"pr\u00e9visions du dimanche 18 mai 2025"},"content":{"rendered":"<p>\u00c0 Montpellier, les maximales iront jusqu&rsquo;\u00e0 22\u00b0C dans la journ\u00e9e alors que les minimales seront de 14\u00b0C. Le ciel sera toujours couvert le matin avec des nuages. Un temps voil\u00e9 avec un d\u00e9veloppement de nuages est annonc\u00e9. Les temp\u00e9ratures avoisineront les 19\u00b0C. Une petite brise de nord-est sera ressentie par les habitants. L&rsquo;apr\u00e8s-midi qui s&rsquo;annonce, promet d&rsquo;\u00eatre beau et ensoleill\u00e9 ! Les temp\u00e9ratures seront comprises entre 21\u00b0C et 22\u00b0C. Il va faire 18\u00b0C en moyenne le soir. Durant la nuit de dimanche \u00e0 lundi, le ciel sera limpide.<\/p>\n<p>Demain, un grand soleil rayonnera sur Montpellier. Les valeurs s&rsquo;\u00e9chelonneront entre 15 et 21\u00b0C. Un vent de sud-est rafra\u00eechira un peu l&rsquo;atmosph\u00e8re. Les temp\u00e9ratures tourneront autour des 19\u00b0C au cours de la matin\u00e9e. Les valeurs seront de 19\u00b0C au plus bas et de 21\u00b0C au plus haut l&rsquo;apr\u00e8s-midi. Il fera environ 17\u00b0C, demain soir.<\/p>\n<p>Un temps mitig\u00e9 est pr\u00e9vu les prochains jours. Une am\u00e9lioration est pr\u00e9vue mercredi, tandis que la journ\u00e9e de mardi aura \u00e9t\u00e9 orageuse.<\/p>\n<p>Le trafic va \u00eatre perturb\u00e9 par les intemp\u00e9ries. Il est essentiel de conduire prudemment, la visibilit\u00e9 et l&rsquo;adh\u00e9rence des pneus \u00e0 la route \u00e9tant diminu\u00e9es.<\/p>\n","protected":false},"excerpt":{"rendered":"\u00c0 Montpellier, les maximales iront jusqu&rsquo;\u00e0 22\u00b0C dans la journ\u00e9e alors que les minimales seront de 14\u00b0C. Le&hellip;\n","protected":false},"author":2,"featured_media":108073,"comment_status":"","ping_status":"","sticky":false,"template":"","format":"standard","meta":{"footnotes":""},"categories":[9599],"tags":[1111,11,1777,674,1011,27,7089,2681,2208,12,2680,2119,25],"class_list":{"0":"post-108072","1":"post","2":"type-post","3":"status-publish","4":"format-standard","5":"has-post-thumbnail","7":"category-montpellier","8":"tag-actu","9":"tag-actualites","10":"tag-eu","11":"tag-europe","12":"tag-fr","13":"tag-france","14":"tag-herault","15":"tag-languedoc-roussillon","16":"tag-montpellier","17":"tag-news","18":"tag-occitanie","19":"tag-previsions-meteo","20":"tag-republique-francaise"},"share_on_mastodon":{"url":"https:\/\/pubeurope.com\/@fr\/114525799985254646","error":""},"_links":{"self":[{"href":"https:\/\/www.europesays.com\/fr\/wp-json\/wp\/v2\/posts\/108072","targetHints":{"allow":["GET"]}}],"collection":[{"href":"https:\/\/www.europesays.com\/fr\/wp-json\/wp\/v2\/posts"}],"about":[{"href":"https:\/\/www.europesays.com\/fr\/wp-json\/wp\/v2\/types\/post"}],"author":[{"embeddable":true,"href":"https:\/\/www.europesays.com\/fr\/wp-json\/wp\/v2\/users\/2"}],"replies":[{"embeddable":true,"href":"https:\/\/www.europesays.com\/fr\/wp-json\/wp\/v2\/comments?post=108072"}],"version-history":[{"count":0,"href":"https:\/\/www.europesays.com\/fr\/wp-json\/wp\/v2\/posts\/108072\/revisions"}],"wp:featuredmedia":[{"embeddable":true,"href":"https:\/\/www.europesays.com\/fr\/wp-json\/wp\/v2\/media\/108073"}],"wp:attachment":[{"href":"https:\/\/www.europesays.com\/fr\/wp-json\/wp\/v2\/media?parent=108072"}],"wp:term":[{"taxonomy":"category","embeddable":true,"href":"https:\/\/www.europesays.com\/fr\/wp-json\/wp\/v2\/categories?post=108072"},{"taxonomy":"post_tag","embeddable":true,"href":"https:\/\/www.europesays.com\/fr\/wp-json\/wp\/v2\/tags?post=108072"}],"curies":[{"name":"wp","href":"https:\/\/api.w.org\/{rel}","templated":true}]}}