{"id":108080,"date":"2025-05-17T23:42:11","date_gmt":"2025-05-17T23:42:11","guid":{"rendered":"https:\/\/www.europesays.com\/fr\/108080\/"},"modified":"2025-05-17T23:42:11","modified_gmt":"2025-05-17T23:42:11","slug":"rulli-on-a-merite-cette-deuxieme-place","status":"publish","type":"post","link":"https:\/\/www.europesays.com\/fr\/108080\/","title":{"rendered":"Rulli \u00ab\u00a0On a m\u00e9rit\u00e9 cette deuxi\u00e8me place\u00a0\u00bb"},"content":{"rendered":"<p>Pour cette derni\u00e8re journ\u00e9e de la saison, l&rsquo;Olympique de Marseille s&rsquo;est impos\u00e9 \u00e0 domicile contre le Stade Rennais 4-2 gr\u00e2ce \u00e0 un doubl\u00e9 de Mason Greenwood et Adrien Rabiot. Le gardien Marseillais Geronimo Rulli fait le bilan de la saison et estime que l&rsquo;OM m\u00e9rite cette place de dauphin du PSG. <\/p>\n<p>L&rsquo;Olympique de Marseille assure sa deuxi\u00e8me place au classement au terme de la saison 2024\/2025. Sa victoire ce samedi soir face \u00e0 Rennes permet \u00e0 l&rsquo;OM de terminer dauphin du Paris Saint-Germain.\u00a0<\/p>\n<p>Tout n&rsquo;aura pas \u00e9t\u00e9 facile durant cette saison, mais avec un nouveau coach, et beaucoup nouveaux joueurs, l&rsquo;objectif a \u00e9t\u00e9 atteint pour le groupe Marseillais.<\/p>\n<p>Meilleur gardien du championnat pour les supporters Marseillais, Geronimo Rulli revient sur sa premi\u00e8re saison Marseillaise.<\/p>\n<p><strong>Images et interviews Karim Attab<\/strong><\/p>\n","protected":false},"excerpt":{"rendered":"Pour cette derni\u00e8re journ\u00e9e de la saison, l&rsquo;Olympique de Marseille s&rsquo;est impos\u00e9 \u00e0 domicile contre le Stade Rennais&hellip;\n","protected":false},"author":2,"featured_media":108081,"comment_status":"","ping_status":"","sticky":false,"template":"","format":"standard","meta":{"footnotes":""},"categories":[2821],"tags":[1111,11,829,1777,674,1011,27,18000,12,149,584,25],"class_list":{"0":"post-108080","1":"post","2":"type-post","3":"status-publish","4":"format-standard","5":"has-post-thumbnail","7":"category-rennes","8":"tag-actu","9":"tag-actualites","10":"tag-bretagne","11":"tag-eu","12":"tag-europe","13":"tag-fr","14":"tag-france","15":"tag-geronimo-rulli","16":"tag-news","17":"tag-om","18":"tag-rennes","19":"tag-republique-francaise"},"share_on_mastodon":{"url":"https:\/\/pubeurope.com\/@fr\/114525827465813338","error":""},"_links":{"self":[{"href":"https:\/\/www.europesays.com\/fr\/wp-json\/wp\/v2\/posts\/108080","targetHints":{"allow":["GET"]}}],"collection":[{"href":"https:\/\/www.europesays.com\/fr\/wp-json\/wp\/v2\/posts"}],"about":[{"href":"https:\/\/www.europesays.com\/fr\/wp-json\/wp\/v2\/types\/post"}],"author":[{"embeddable":true,"href":"https:\/\/www.europesays.com\/fr\/wp-json\/wp\/v2\/users\/2"}],"replies":[{"embeddable":true,"href":"https:\/\/www.europesays.com\/fr\/wp-json\/wp\/v2\/comments?post=108080"}],"version-history":[{"count":0,"href":"https:\/\/www.europesays.com\/fr\/wp-json\/wp\/v2\/posts\/108080\/revisions"}],"wp:featuredmedia":[{"embeddable":true,"href":"https:\/\/www.europesays.com\/fr\/wp-json\/wp\/v2\/media\/108081"}],"wp:attachment":[{"href":"https:\/\/www.europesays.com\/fr\/wp-json\/wp\/v2\/media?parent=108080"}],"wp:term":[{"taxonomy":"category","embeddable":true,"href":"https:\/\/www.europesays.com\/fr\/wp-json\/wp\/v2\/categories?post=108080"},{"taxonomy":"post_tag","embeddable":true,"href":"https:\/\/www.europesays.com\/fr\/wp-json\/wp\/v2\/tags?post=108080"}],"curies":[{"name":"wp","href":"https:\/\/api.w.org\/{rel}","templated":true}]}}