{"id":108086,"date":"2025-05-17T23:45:03","date_gmt":"2025-05-17T23:45:03","guid":{"rendered":"https:\/\/www.europesays.com\/fr\/108086\/"},"modified":"2025-05-17T23:45:03","modified_gmt":"2025-05-17T23:45:03","slug":"previsions-du-dimanche-18-mai-2025-2","status":"publish","type":"post","link":"https:\/\/www.europesays.com\/fr\/108086\/","title":{"rendered":"pr\u00e9visions du dimanche 18 mai 2025"},"content":{"rendered":"<p>C&rsquo;est un soleil splendide qui va se montrer aujourd&rsquo;hui sur Nice. Les temp\u00e9ratures seront de 13\u00b0C au plus bas et de 19\u00b0C au maximum. Un petit vent de sud-est sera ressenti par les habitants. Le matin, on pr\u00e9voit des valeurs d&rsquo;environ 17\u00b0C. L&rsquo;apr\u00e8s-midi, les temp\u00e9ratures afficheront entre 18 et 19\u00b0C. Les valeurs iront de 16 \u00e0 17\u00b0C sur l&rsquo;ensemble de la soir\u00e9e. Le passage de dimanche \u00e0 lundi s&rsquo;effectuera sous un ciel limpide.<\/p>\n<p>Demain, c&rsquo;est une hausse de quelques degr\u00e9s que vont enregistrer les temp\u00e9ratures dans la ville de Nice. Il va faire en moyenne 17\u00b0C. Un vent de sud-est rafra\u00eechira quelque peu l&rsquo;atmosph\u00e8re. Un bel ensoleillement est attendu le matin. Les temp\u00e9ratures s&rsquo;\u00e9chelonneront entre 16 et 20\u00b0C. Le ciel sera toujours couvert demain apr\u00e8s-midi avec des nuages. Mauvais temps : on annonce des pluies \u00e9parses. Les valeurs seront comprises entre 18\u00b0C et 20\u00b0C. Le ciel sera assez lumineux, avec quelques \u00e9claircies demain soir. Les temp\u00e9ratures tourneront autour des 18\u00b0C.<\/p>\n<p>Les conditions m\u00e9t\u00e9orologiques des jours qui suivent vont se d\u00e9grader. Le temps sera pluvieux avec des temp\u00e9ratures autour de 18\u00b0C.<\/p>\n<p><\/p>\n","protected":false},"excerpt":{"rendered":"C&rsquo;est un soleil splendide qui va se montrer aujourd&rsquo;hui sur Nice. Les temp\u00e9ratures seront de 13\u00b0C au plus&hellip;\n","protected":false},"author":2,"featured_media":108087,"comment_status":"","ping_status":"","sticky":false,"template":"","format":"standard","meta":{"footnotes":""},"categories":[2819],"tags":[1111,11,2898,1777,674,1011,27,12,2401,883,2119,882,25],"class_list":{"0":"post-108086","1":"post","2":"type-post","3":"status-publish","4":"format-standard","5":"has-post-thumbnail","7":"category-nice","8":"tag-actu","9":"tag-actualites","10":"tag-alpes-maritimes","11":"tag-eu","12":"tag-europe","13":"tag-fr","14":"tag-france","15":"tag-news","16":"tag-nice","17":"tag-paca","18":"tag-previsions-meteo","19":"tag-provence-alpes-cote-dazur","20":"tag-republique-francaise"},"share_on_mastodon":{"url":"https:\/\/pubeurope.com\/@fr\/114525839300389756","error":""},"_links":{"self":[{"href":"https:\/\/www.europesays.com\/fr\/wp-json\/wp\/v2\/posts\/108086","targetHints":{"allow":["GET"]}}],"collection":[{"href":"https:\/\/www.europesays.com\/fr\/wp-json\/wp\/v2\/posts"}],"about":[{"href":"https:\/\/www.europesays.com\/fr\/wp-json\/wp\/v2\/types\/post"}],"author":[{"embeddable":true,"href":"https:\/\/www.europesays.com\/fr\/wp-json\/wp\/v2\/users\/2"}],"replies":[{"embeddable":true,"href":"https:\/\/www.europesays.com\/fr\/wp-json\/wp\/v2\/comments?post=108086"}],"version-history":[{"count":0,"href":"https:\/\/www.europesays.com\/fr\/wp-json\/wp\/v2\/posts\/108086\/revisions"}],"wp:featuredmedia":[{"embeddable":true,"href":"https:\/\/www.europesays.com\/fr\/wp-json\/wp\/v2\/media\/108087"}],"wp:attachment":[{"href":"https:\/\/www.europesays.com\/fr\/wp-json\/wp\/v2\/media?parent=108086"}],"wp:term":[{"taxonomy":"category","embeddable":true,"href":"https:\/\/www.europesays.com\/fr\/wp-json\/wp\/v2\/categories?post=108086"},{"taxonomy":"post_tag","embeddable":true,"href":"https:\/\/www.europesays.com\/fr\/wp-json\/wp\/v2\/tags?post=108086"}],"curies":[{"name":"wp","href":"https:\/\/api.w.org\/{rel}","templated":true}]}}