{"id":108090,"date":"2025-05-17T23:47:10","date_gmt":"2025-05-17T23:47:10","guid":{"rendered":"https:\/\/www.europesays.com\/fr\/108090\/"},"modified":"2025-05-17T23:47:10","modified_gmt":"2025-05-17T23:47:10","slug":"previsions-du-dimanche-18-mai-2025-3","status":"publish","type":"post","link":"https:\/\/www.europesays.com\/fr\/108090\/","title":{"rendered":"pr\u00e9visions du dimanche 18 mai 2025"},"content":{"rendered":"<p>C&rsquo;est une magnifique journ\u00e9e dont va b\u00e9n\u00e9ficier Nantes, o\u00f9 le soleil va briller intens\u00e9ment. Les valeurs seront comprises entre 7 et 21\u00b0C. Une modeste brise de nord-est sera ressentie par les habitants. La m\u00e9t\u00e9o va se r\u00e9chauffer l&rsquo;apr\u00e8s-midi avec une hausse de plusieurs degr\u00e9s. Les maximales iront jusqu&rsquo;\u00e0 21\u00b0C alors que les minimales seront de 20\u00b0C. Le ciel va progressivement se voiler au cours de la soir\u00e9e avec l&rsquo;apparition de nuages. Il va faire en moyenne 17\u00b0C. C&rsquo;est un ciel d\u00e9pourvu de nuages que conna\u00eetra la nuit de dimanche \u00e0 lundi.<\/p>\n<p>Pour Nantes, une m\u00e9t\u00e9o plus chaude est \u00e0 pr\u00e9voir demain \u00e9tant donn\u00e9 que les temp\u00e9ratures vont conna\u00eetre une augmentation. On anticipe des temp\u00e9ratures avoisinant 16\u00b0C. C&rsquo;est un soleil radieux qui va briller le matin. Les valeurs avoisineront les 16\u00b0C. Un vent de nord-est est pr\u00e9vu : il soufflera \u00e0 21 km\/h. Le soleil appara\u00eet l\u00e9g\u00e8rement demain apr\u00e8s-midi. Ces \u00e9claircies devraient r\u00e9jouir les habitants. Les temp\u00e9ratures vont monter de plusieurs degr\u00e9s. Les valeurs s&rsquo;\u00e9chelonneront de 21 \u00e0 22\u00b0C. Un vent d&rsquo;est rafra\u00eechira quelque peu l&rsquo;atmosph\u00e8re. Des pluies \u00e9parses tomberont dans la soir\u00e9e. Un petit vent de nord-est soufflera.<\/p>\n<p>Le temps des journ\u00e9es suivantes va changer peu \u00e0 peu. M\u00eame si le beau temps se maintiendra un peu mardi, il faut s&rsquo;attendre \u00e0 une d\u00e9gradation ensuite.<\/p>\n<p><\/p>\n","protected":false},"excerpt":{"rendered":"C&rsquo;est une magnifique journ\u00e9e dont va b\u00e9n\u00e9ficier Nantes, o\u00f9 le soleil va briller intens\u00e9ment. Les valeurs seront comprises&hellip;\n","protected":false},"author":2,"featured_media":108091,"comment_status":"","ping_status":"","sticky":false,"template":"","format":"standard","meta":{"footnotes":""},"categories":[2818],"tags":[1111,11,1777,674,1011,27,3047,766,12,2636,2119,25],"class_list":{"0":"post-108090","1":"post","2":"type-post","3":"status-publish","4":"format-standard","5":"has-post-thumbnail","7":"category-nantes","8":"tag-actu","9":"tag-actualites","10":"tag-eu","11":"tag-europe","12":"tag-fr","13":"tag-france","14":"tag-loire-atlantique","15":"tag-nantes","16":"tag-news","17":"tag-pays-de-la-loire","18":"tag-previsions-meteo","19":"tag-republique-francaise"},"share_on_mastodon":{"url":"https:\/\/pubeurope.com\/@fr\/114525847132893574","error":""},"_links":{"self":[{"href":"https:\/\/www.europesays.com\/fr\/wp-json\/wp\/v2\/posts\/108090","targetHints":{"allow":["GET"]}}],"collection":[{"href":"https:\/\/www.europesays.com\/fr\/wp-json\/wp\/v2\/posts"}],"about":[{"href":"https:\/\/www.europesays.com\/fr\/wp-json\/wp\/v2\/types\/post"}],"author":[{"embeddable":true,"href":"https:\/\/www.europesays.com\/fr\/wp-json\/wp\/v2\/users\/2"}],"replies":[{"embeddable":true,"href":"https:\/\/www.europesays.com\/fr\/wp-json\/wp\/v2\/comments?post=108090"}],"version-history":[{"count":0,"href":"https:\/\/www.europesays.com\/fr\/wp-json\/wp\/v2\/posts\/108090\/revisions"}],"wp:featuredmedia":[{"embeddable":true,"href":"https:\/\/www.europesays.com\/fr\/wp-json\/wp\/v2\/media\/108091"}],"wp:attachment":[{"href":"https:\/\/www.europesays.com\/fr\/wp-json\/wp\/v2\/media?parent=108090"}],"wp:term":[{"taxonomy":"category","embeddable":true,"href":"https:\/\/www.europesays.com\/fr\/wp-json\/wp\/v2\/categories?post=108090"},{"taxonomy":"post_tag","embeddable":true,"href":"https:\/\/www.europesays.com\/fr\/wp-json\/wp\/v2\/tags?post=108090"}],"curies":[{"name":"wp","href":"https:\/\/api.w.org\/{rel}","templated":true}]}}