{"id":108094,"date":"2025-05-17T23:49:09","date_gmt":"2025-05-17T23:49:09","guid":{"rendered":"https:\/\/www.europesays.com\/fr\/108094\/"},"modified":"2025-05-17T23:49:09","modified_gmt":"2025-05-17T23:49:09","slug":"previsions-du-dimanche-18-mai-2025-4","status":"publish","type":"post","link":"https:\/\/www.europesays.com\/fr\/108094\/","title":{"rendered":"pr\u00e9visions du dimanche 18 mai 2025"},"content":{"rendered":"<p>\u00c0 Bordeaux les temp\u00e9ratures afficheront entre 11 et 26\u00b0C pendant la journ\u00e9e. Toujours de la grisaille le matin. De petits nuages vont s&rsquo;attarder. Un vent de nord-est soufflera l\u00e9g\u00e8rement, avec 8 km\/h. L&rsquo;apr\u00e8s-midi, les Bordelais vont pouvoir profiter d&rsquo;un soleil radieux. C&rsquo;est une hausse de plusieurs degr\u00e9s que vont enregistrer les temp\u00e9ratures. Les maximales atteindront les 26\u00b0C tandis que les minimales seront de 24\u00b0C. Le passage de dimanche \u00e0 lundi s&rsquo;effectuera sous un ciel limpide.<\/p>\n<p>Demain, le soleil sera cach\u00e9 derri\u00e8re des nuages \u00e0 Bordeaux, o\u00f9 le temps sera couvert. Les valeurs s&rsquo;\u00e9chelonneront entre 15 et 23\u00b0C. Une modeste brise de sud-ouest sera ressentie par les habitants. On notera la pr\u00e9sence persistante de nuages le matin. La m\u00e9t\u00e9o sera marqu\u00e9e par des pluies \u00e9parses. Le temps va peu \u00e0 peu s&rsquo;am\u00e9liorer dans l&rsquo;apr\u00e8s-midi et laisser place \u00e0 des \u00e9claircies. Les temp\u00e9ratures s&rsquo;\u00e9chelonneront de 19 \u00e0 23\u00b0C. Demain soir, on verra l&rsquo;arriv\u00e9e de nuages. Du mauvais temps est \u00e0 pr\u00e9voir. Des pluies \u00e9parses vont tomber. Il va faire 16\u00b0C en moyenne.<\/p>\n<p>Pour les prochains jours, la m\u00e9t\u00e9o ne bougera pas. Un ciel pluvieux, pour des temp\u00e9ratures de 17\u00b0C en moyenne, est pr\u00e9vu.<\/p>\n<p><\/p>\n","protected":false},"excerpt":{"rendered":"\u00c0 Bordeaux les temp\u00e9ratures afficheront entre 11 et 26\u00b0C pendant la journ\u00e9e. Toujours de la grisaille le matin.&hellip;\n","protected":false},"author":2,"featured_media":108095,"comment_status":"","ping_status":"","sticky":false,"template":"","format":"standard","meta":{"footnotes":""},"categories":[2817],"tags":[1111,11,3177,1997,1777,674,1011,27,2905,12,2219,2119,25],"class_list":{"0":"post-108094","1":"post","2":"type-post","3":"status-publish","4":"format-standard","5":"has-post-thumbnail","7":"category-bordeaux","8":"tag-actu","9":"tag-actualites","10":"tag-aquitaine","11":"tag-bordeaux","12":"tag-eu","13":"tag-europe","14":"tag-fr","15":"tag-france","16":"tag-gironde","17":"tag-news","18":"tag-nouvelle-aquitaine","19":"tag-previsions-meteo","20":"tag-republique-francaise"},"share_on_mastodon":{"url":"https:\/\/pubeurope.com\/@fr\/114525854936725196","error":""},"_links":{"self":[{"href":"https:\/\/www.europesays.com\/fr\/wp-json\/wp\/v2\/posts\/108094","targetHints":{"allow":["GET"]}}],"collection":[{"href":"https:\/\/www.europesays.com\/fr\/wp-json\/wp\/v2\/posts"}],"about":[{"href":"https:\/\/www.europesays.com\/fr\/wp-json\/wp\/v2\/types\/post"}],"author":[{"embeddable":true,"href":"https:\/\/www.europesays.com\/fr\/wp-json\/wp\/v2\/users\/2"}],"replies":[{"embeddable":true,"href":"https:\/\/www.europesays.com\/fr\/wp-json\/wp\/v2\/comments?post=108094"}],"version-history":[{"count":0,"href":"https:\/\/www.europesays.com\/fr\/wp-json\/wp\/v2\/posts\/108094\/revisions"}],"wp:featuredmedia":[{"embeddable":true,"href":"https:\/\/www.europesays.com\/fr\/wp-json\/wp\/v2\/media\/108095"}],"wp:attachment":[{"href":"https:\/\/www.europesays.com\/fr\/wp-json\/wp\/v2\/media?parent=108094"}],"wp:term":[{"taxonomy":"category","embeddable":true,"href":"https:\/\/www.europesays.com\/fr\/wp-json\/wp\/v2\/categories?post=108094"},{"taxonomy":"post_tag","embeddable":true,"href":"https:\/\/www.europesays.com\/fr\/wp-json\/wp\/v2\/tags?post=108094"}],"curies":[{"name":"wp","href":"https:\/\/api.w.org\/{rel}","templated":true}]}}