{"id":108098,"date":"2025-05-17T23:51:09","date_gmt":"2025-05-17T23:51:09","guid":{"rendered":"https:\/\/www.europesays.com\/fr\/108098\/"},"modified":"2025-05-17T23:51:09","modified_gmt":"2025-05-17T23:51:09","slug":"previsions-du-dimanche-18-mai-2025-5","status":"publish","type":"post","link":"https:\/\/www.europesays.com\/fr\/108098\/","title":{"rendered":"pr\u00e9visions du dimanche 18 mai 2025"},"content":{"rendered":"<p>Toulouse va \u00eatre inond\u00e9e de soleil durant cette journ\u00e9e. Les temp\u00e9ratures seront de 11\u00b0C au minimum et de 26\u00b0C au maximum. Le matin, le thermom\u00e8tre affichera 19\u00b0C en moyenne. Un vent de sud-est rafra\u00eechira quelque peu l&rsquo;atmosph\u00e8re. L&rsquo;air ambiant va se r\u00e9chauffer l&rsquo;apr\u00e8s-midi avec une hausse de plusieurs degr\u00e9s. Les valeurs seront comprises entre 24 et 26\u00b0C. Durant la nuit de dimanche \u00e0 lundi, le ciel sera clair.<\/p>\n<p>Le soleil se fera attendre demain sur Toulouse, o\u00f9 des nuages sont bien install\u00e9s. Une chute du mercure est \u00e0 craindre. Il fera environ 17\u00b0C. Le matin, on sera sous un ciel bien gris, couvert de nuages. La m\u00e9t\u00e9o sera ponctu\u00e9e par des pluies \u00e9parses. Il va faire 19\u00b0C en moyenne. Une l\u00e9g\u00e8re brise d&rsquo;ouest sera ressentie par les habitants. Demain apr\u00e8s-midi, des nuages ne voudront pas laisser leur place au soleil. Prenez garde, des orages de faible intensit\u00e9 vont tonner. Les temp\u00e9ratures iront de 20 \u00e0 21\u00b0C. On notera la pr\u00e9sence persistante de nuages demain soir. Des orages importants vont voiler le ciel de la ville. Les valeurs tourneront autour des 16\u00b0C. Un vent d&rsquo;ouest est pr\u00e9vu : il soufflera \u00e0 25 km\/h.<\/p>\n<p>Une am\u00e9lioration est pr\u00e9vue les prochains jours. Une m\u00e9t\u00e9o pluvieuse, pour des temp\u00e9ratures de 15\u00b0C en moyenne, est attendue.<\/p>\n<p><\/p>\n","protected":false},"excerpt":{"rendered":"Toulouse va \u00eatre inond\u00e9e de soleil durant cette journ\u00e9e. Les temp\u00e9ratures seront de 11\u00b0C au minimum et de&hellip;\n","protected":false},"author":2,"featured_media":108099,"comment_status":"","ping_status":"","sticky":false,"template":"","format":"standard","meta":{"footnotes":""},"categories":[2816],"tags":[1111,11,1777,674,1011,27,2722,2721,12,2680,2119,25,2312],"class_list":{"0":"post-108098","1":"post","2":"type-post","3":"status-publish","4":"format-standard","5":"has-post-thumbnail","7":"category-toulouse","8":"tag-actu","9":"tag-actualites","10":"tag-eu","11":"tag-europe","12":"tag-fr","13":"tag-france","14":"tag-haute-garonne","15":"tag-midi-pyrenees","16":"tag-news","17":"tag-occitanie","18":"tag-previsions-meteo","19":"tag-republique-francaise","20":"tag-toulouse"},"share_on_mastodon":{"url":"https:\/\/pubeurope.com\/@fr\/114525862876175173","error":""},"_links":{"self":[{"href":"https:\/\/www.europesays.com\/fr\/wp-json\/wp\/v2\/posts\/108098","targetHints":{"allow":["GET"]}}],"collection":[{"href":"https:\/\/www.europesays.com\/fr\/wp-json\/wp\/v2\/posts"}],"about":[{"href":"https:\/\/www.europesays.com\/fr\/wp-json\/wp\/v2\/types\/post"}],"author":[{"embeddable":true,"href":"https:\/\/www.europesays.com\/fr\/wp-json\/wp\/v2\/users\/2"}],"replies":[{"embeddable":true,"href":"https:\/\/www.europesays.com\/fr\/wp-json\/wp\/v2\/comments?post=108098"}],"version-history":[{"count":0,"href":"https:\/\/www.europesays.com\/fr\/wp-json\/wp\/v2\/posts\/108098\/revisions"}],"wp:featuredmedia":[{"embeddable":true,"href":"https:\/\/www.europesays.com\/fr\/wp-json\/wp\/v2\/media\/108099"}],"wp:attachment":[{"href":"https:\/\/www.europesays.com\/fr\/wp-json\/wp\/v2\/media?parent=108098"}],"wp:term":[{"taxonomy":"category","embeddable":true,"href":"https:\/\/www.europesays.com\/fr\/wp-json\/wp\/v2\/categories?post=108098"},{"taxonomy":"post_tag","embeddable":true,"href":"https:\/\/www.europesays.com\/fr\/wp-json\/wp\/v2\/tags?post=108098"}],"curies":[{"name":"wp","href":"https:\/\/api.w.org\/{rel}","templated":true}]}}