{"id":10810,"date":"2025-04-08T17:57:14","date_gmt":"2025-04-08T17:57:14","guid":{"rendered":"https:\/\/www.europesays.com\/fr\/10810\/"},"modified":"2025-04-08T17:57:14","modified_gmt":"2025-04-08T17:57:14","slug":"linfluenceur-redha-jr-mis-en-examen-pour-tentative-de-meurtre-sur-conjoint","status":"publish","type":"post","link":"https:\/\/www.europesays.com\/fr\/10810\/","title":{"rendered":"l\u2019influenceur Redha Jr mis en examen pour \u00abtentative de meurtre sur conjoint\u00bb"},"content":{"rendered":"<p>Tr\u00e8s suivi sur Instagram et TikTok, le Marseillais a \u00e9t\u00e9 mis en examen et plac\u00e9 en d\u00e9tention provisoire pour tentative de meurtre sur conjoint et violences habituelles sur conjoint.<\/p>\n<p class=\"fig-paragraph\">L&rsquo;influenceur marseillais Redha Berrah, connu sous le pseudonyme de \u00abRedha Jr\u00bb sur les r\u00e9seaux sociaux, a \u00e9t\u00e9 mis en examen le 28 mars pour\u00a0<a href=\"http:\/\/www.lefigaro.fr\/decideurs\/violences-conjugales-pour-les-victimes-des-aides-financieres-existent-20250307\" data-fig-type=\"Article\" data-gtm-custom-categorie=\"navigation\" data-gtm-custom-action=\"crossclick\" data-gtm-custom-label=\"Contextuel\" data-gtm-event=\"customEventSPE\" data-fig-domain=\"LEFIGARO\" target=\"_blank\" rel=\"noopener\">\u00abtentative de meurtre sur conjoint\u00bb<\/a>\u00a0et plac\u00e9 en d\u00e9tention provisoire, a indiqu\u00e9 lundi le parquet de Marseille.<\/p>\n<p class=\"fig-paragraph\">Le trentenaire, suivi par six millions d&rsquo;abonn\u00e9s sur TikTok et 1,2 million sur Instagram, a \u00e9galement \u00e9t\u00e9 mis en examen pour \u00abviolences habituelles sur conjoint\u00bb, a indiqu\u00e9 le parquet, confirmant une information de\u00a0<a href=\"https:\/\/www.bfmtv.com\/marseille\/info-bfm-marseille-provence-l-influenceur-redha-jr-mis-en-examen-pour-tentative-de-meurtre-sur-conjoint_AN-202504070508.html\" target=\"_blank\" rel=\"nofollow noopener\" data-gtm-custom-categorie=\"navigation\" data-gtm-custom-action=\"crossclick\" data-gtm-custom-label=\"Contextuel\" data-gtm-event=\"customEventSPE\">BFM Marseille Provence.\u00a0<\/a><\/p>\n<p>Interpell\u00e9 le 26 mars<\/p>\n<p class=\"fig-paragraph\">Selon ce m\u00eame m\u00e9dia, l&rsquo;influenceur a \u00e9t\u00e9 interpell\u00e9 \u00e0 Marseille le 26 mars tandis que sa compagne avait \u00e9t\u00e9 transport\u00e9e \u00e0 l&rsquo;h\u00f4pital, dans un service de r\u00e9animation.<\/p>\n<p class=\"fig-paragraph\">Ce dimanche pourtant, sur son compte\u00a0<a href=\"https:\/\/www.instagram.com\/p\/DIHXXPESvSC\/?igsh=MWFmYXJncG8wN3RsbQ%3D%3D\" target=\"_blank\" rel=\"nofollow noopener\" data-gtm-custom-categorie=\"navigation\" data-gtm-custom-action=\"crossclick\" data-gtm-custom-label=\"Contextuel\" data-gtm-event=\"customEventSPE\">Instagram<\/a>, Redha Jr a post\u00e9 une photo de lui avec ses enfants et sa compagne, accompagn\u00e9e de la l\u00e9gende suivante\u00a0: \u00abAhaha\u00bb. Les rumeurs concernant sa mise en examen et son placement en d\u00e9tention provisoire commen\u00e7aient alors \u00e0 bruisser sur la toile.<\/p>\n<p>                                        <script async src=\"\/\/www.instagram.com\/embed.js\"><\/script><\/p>\n","protected":false},"excerpt":{"rendered":"Tr\u00e8s suivi sur Instagram et TikTok, le Marseillais a \u00e9t\u00e9 mis en examen et plac\u00e9 en d\u00e9tention provisoire&hellip;\n","protected":false},"author":2,"featured_media":10811,"comment_status":"","ping_status":"","sticky":false,"template":"","format":"standard","meta":{"footnotes":""},"categories":[2814],"tags":[1111,11,885,1182,1180,1181,1777,674,1011,27,2480,2440,1184,1185,884,12,1177,1176,149,1186,882,25,1178,1183,2439,1179,798],"class_list":{"0":"post-10810","1":"post","2":"type-post","3":"status-publish","4":"format-standard","5":"has-post-thumbnail","7":"category-marseille","8":"tag-actu","9":"tag-actualites","10":"tag-bouches-du-rhone","11":"tag-calanques","12":"tag-canebiere","13":"tag-cite-phoceenne","14":"tag-eu","15":"tag-europe","16":"tag-fr","17":"tag-france","18":"tag-influenceurs","19":"tag-instagram","20":"tag-la-timone","21":"tag-les-baumettes-mediterranee","22":"tag-marseille","23":"tag-news","24":"tag-notre-dame-de-la-garde","25":"tag-olympique-de-marseille","26":"tag-om","27":"tag-provence","28":"tag-provence-alpes-cote-dazur","29":"tag-republique-francaise","30":"tag-saint-charles","31":"tag-sormiou","32":"tag-tiktok","33":"tag-vieux-port","34":"tag-violences-conjugales"},"share_on_mastodon":{"url":"https:\/\/pubeurope.com\/@fr\/114303640940651155","error":""},"_links":{"self":[{"href":"https:\/\/www.europesays.com\/fr\/wp-json\/wp\/v2\/posts\/10810","targetHints":{"allow":["GET"]}}],"collection":[{"href":"https:\/\/www.europesays.com\/fr\/wp-json\/wp\/v2\/posts"}],"about":[{"href":"https:\/\/www.europesays.com\/fr\/wp-json\/wp\/v2\/types\/post"}],"author":[{"embeddable":true,"href":"https:\/\/www.europesays.com\/fr\/wp-json\/wp\/v2\/users\/2"}],"replies":[{"embeddable":true,"href":"https:\/\/www.europesays.com\/fr\/wp-json\/wp\/v2\/comments?post=10810"}],"version-history":[{"count":0,"href":"https:\/\/www.europesays.com\/fr\/wp-json\/wp\/v2\/posts\/10810\/revisions"}],"wp:featuredmedia":[{"embeddable":true,"href":"https:\/\/www.europesays.com\/fr\/wp-json\/wp\/v2\/media\/10811"}],"wp:attachment":[{"href":"https:\/\/www.europesays.com\/fr\/wp-json\/wp\/v2\/media?parent=10810"}],"wp:term":[{"taxonomy":"category","embeddable":true,"href":"https:\/\/www.europesays.com\/fr\/wp-json\/wp\/v2\/categories?post=10810"},{"taxonomy":"post_tag","embeddable":true,"href":"https:\/\/www.europesays.com\/fr\/wp-json\/wp\/v2\/tags?post=10810"}],"curies":[{"name":"wp","href":"https:\/\/api.w.org\/{rel}","templated":true}]}}