{"id":108102,"date":"2025-05-17T23:53:09","date_gmt":"2025-05-17T23:53:09","guid":{"rendered":"https:\/\/www.europesays.com\/fr\/108102\/"},"modified":"2025-05-17T23:53:09","modified_gmt":"2025-05-17T23:53:09","slug":"previsions-du-dimanche-18-mai-2025-6","status":"publish","type":"post","link":"https:\/\/www.europesays.com\/fr\/108102\/","title":{"rendered":"pr\u00e9visions du dimanche 18 mai 2025"},"content":{"rendered":"<p>La ville de Lille aura quelques \u00e9claircies aujourd&rsquo;hui. Les temp\u00e9ratures seront de 8\u00b0C au plus bas et de 17\u00b0C au plus haut. D&rsquo;un autre c\u00f4t\u00e9, on observera la pr\u00e9sence persistante de l\u00e9gers nuages le matin. Un vent de nord-ouest rafra\u00eechira quelque peu l&rsquo;atmosph\u00e8re. Toujours de la grisaille l&rsquo;apr\u00e8s-midi. De petits nuages vont stationner. Il va faire 17\u00b0C en moyenne. Le ciel va l\u00e9g\u00e8rement se d\u00e9gager dans la soir\u00e9e avec des \u00e9claircies. Les valeurs tourneront autour des 14\u00b0C. Le ciel sera d\u00e9pourvu de nuages dans la nuit de dimanche \u00e0 lundi.<\/p>\n<p>C&rsquo;est un soleil \u00e9clatant qui va briller demain sur Lille. C&rsquo;est une hausse de quelques degr\u00e9s que vont enregistrer les temp\u00e9ratures. Ces valeurs s&rsquo;\u00e9chelonneront entre 9 et 21\u00b0C. Un modeste vent d&rsquo;est sera ressenti par les habitants. Les temp\u00e9ratures vont monter pendant l&rsquo;apr\u00e8s-midi de quelques degr\u00e9s. Les valeurs seront comprises entre 20\u00b0C et 21\u00b0C.<\/p>\n<p>Les jours se suivent et se ressemblent. Le temps sera ensoleill\u00e9 avec des temp\u00e9ratures autour de 15\u00b0C.<\/p>\n<p><\/p>\n","protected":false},"excerpt":{"rendered":"La ville de Lille aura quelques \u00e9claircies aujourd&rsquo;hui. Les temp\u00e9ratures seront de 8\u00b0C au plus bas et de&hellip;\n","protected":false},"author":2,"featured_media":108103,"comment_status":"","ping_status":"","sticky":false,"template":"","format":"standard","meta":{"footnotes":""},"categories":[2815],"tags":[1111,11,1777,674,1011,27,811,1307,12,1308,1309,2119,25],"class_list":{"0":"post-108102","1":"post","2":"type-post","3":"status-publish","4":"format-standard","5":"has-post-thumbnail","7":"category-lille","8":"tag-actu","9":"tag-actualites","10":"tag-eu","11":"tag-europe","12":"tag-fr","13":"tag-france","14":"tag-hauts-de-france","15":"tag-lille","16":"tag-news","17":"tag-nord","18":"tag-nord-pas-de-calais","19":"tag-previsions-meteo","20":"tag-republique-francaise"},"share_on_mastodon":{"url":"https:\/\/pubeurope.com\/@fr\/114525870747659454","error":""},"_links":{"self":[{"href":"https:\/\/www.europesays.com\/fr\/wp-json\/wp\/v2\/posts\/108102","targetHints":{"allow":["GET"]}}],"collection":[{"href":"https:\/\/www.europesays.com\/fr\/wp-json\/wp\/v2\/posts"}],"about":[{"href":"https:\/\/www.europesays.com\/fr\/wp-json\/wp\/v2\/types\/post"}],"author":[{"embeddable":true,"href":"https:\/\/www.europesays.com\/fr\/wp-json\/wp\/v2\/users\/2"}],"replies":[{"embeddable":true,"href":"https:\/\/www.europesays.com\/fr\/wp-json\/wp\/v2\/comments?post=108102"}],"version-history":[{"count":0,"href":"https:\/\/www.europesays.com\/fr\/wp-json\/wp\/v2\/posts\/108102\/revisions"}],"wp:featuredmedia":[{"embeddable":true,"href":"https:\/\/www.europesays.com\/fr\/wp-json\/wp\/v2\/media\/108103"}],"wp:attachment":[{"href":"https:\/\/www.europesays.com\/fr\/wp-json\/wp\/v2\/media?parent=108102"}],"wp:term":[{"taxonomy":"category","embeddable":true,"href":"https:\/\/www.europesays.com\/fr\/wp-json\/wp\/v2\/categories?post=108102"},{"taxonomy":"post_tag","embeddable":true,"href":"https:\/\/www.europesays.com\/fr\/wp-json\/wp\/v2\/tags?post=108102"}],"curies":[{"name":"wp","href":"https:\/\/api.w.org\/{rel}","templated":true}]}}