{"id":108110,"date":"2025-05-17T23:57:22","date_gmt":"2025-05-17T23:57:22","guid":{"rendered":"https:\/\/www.europesays.com\/fr\/108110\/"},"modified":"2025-05-17T23:57:22","modified_gmt":"2025-05-17T23:57:22","slug":"ivres-et-sans-permis-ils-fuient-la-police-et-tentent-dechanger-leur-place","status":"publish","type":"post","link":"https:\/\/www.europesays.com\/fr\/108110\/","title":{"rendered":"ivres et sans permis, ils fuient la police et tentent d&rsquo;\u00e9changer leur place"},"content":{"rendered":"<p>Ivres et sans permis, ils fuient la police et tentent un \u00e9change de place au volant &#8211; LyonMag<\/p>\n<p itemprop=\"description\"><strong>Samedi 17 mai, vers 3 h 30 du matin, une course-poursuite s\u2019est engag\u00e9e dans le 7e arrondissement de Lyon, apr\u00e8s qu\u2019un v\u00e9hicule a refus\u00e9 d\u2019obtemp\u00e9rer \u00e0 un contr\u00f4le de police.<\/strong><\/p>\n<p>Avenue Tony-Garnier, un \u00e9quipage de police remarque une voiture roulant \u00e0 vive allure, qui vient de franchir un feu rouge. Lorsqu\u2019ils tentent de la contr\u00f4ler, le conducteur prend la fuite, d\u00e9clenchant une poursuite.<\/p>\n<p>En pleine course, les deux hommes \u00e0 bord tentent une man\u0153uvre aussi risqu\u00e9e qu\u2019invraisemblable : le passager prend la place du conducteur\u2026 alors que le v\u00e9hicule est toujours en mouvement. La voiture fait une embard\u00e9e, mais finit par \u00eatre intercept\u00e9e par les forces de l\u2019ordre, pr\u00e9cise Le Progr\u00e8s.\u00a0<\/p>\n<p>L\u2019un des individus essaie de fuir \u00e0 pied. En vain. Les deux hommes, en \u00e9tat d\u2019ivresse et sans permis, sont interpell\u00e9s puis plac\u00e9s en garde \u00e0 vue.<\/p>\n<p>Leur voiture a \u00e9t\u00e9 plac\u00e9e en fourri\u00e8re.<\/p>\n<p>Une enqu\u00eate est en cours pour refus d\u2019obtemp\u00e9rer et d\u00e9faut de permis de conduire.<\/p>\n","protected":false},"excerpt":{"rendered":"Ivres et sans permis, ils fuient la police et tentent un \u00e9change de place au volant &#8211; LyonMag&hellip;\n","protected":false},"author":2,"featured_media":108111,"comment_status":"","ping_status":"","sticky":false,"template":"","format":"standard","meta":{"footnotes":""},"categories":[1889],"tags":[1111,11,2813,2190,2430,1109,251,1112,2811,1777,674,118,1011,27,1922,1110,1114,2428,2810,12,241,316,25,2812,517,800],"class_list":{"0":"post-108110","1":"post","2":"type-post","3":"status-publish","4":"format-standard","5":"has-post-thumbnail","7":"category-lyon","8":"tag-actu","9":"tag-actualites","10":"tag-article","11":"tag-asvel","12":"tag-auvergne-rhone-alpes","13":"tag-breves","14":"tag-culture","15":"tag-depeches","16":"tag-economique","17":"tag-eu","18":"tag-europe","19":"tag-faits-divers","20":"tag-fr","21":"tag-france","22":"tag-info","23":"tag-informations","24":"tag-infos","25":"tag-lyon","26":"tag-lyonmag","27":"tag-news","28":"tag-ol","29":"tag-politique","30":"tag-republique-francaise","31":"tag-sociale","32":"tag-sport","33":"tag-transports"},"share_on_mastodon":{"url":"https:\/\/pubeurope.com\/@fr\/114525886459039156","error":""},"_links":{"self":[{"href":"https:\/\/www.europesays.com\/fr\/wp-json\/wp\/v2\/posts\/108110","targetHints":{"allow":["GET"]}}],"collection":[{"href":"https:\/\/www.europesays.com\/fr\/wp-json\/wp\/v2\/posts"}],"about":[{"href":"https:\/\/www.europesays.com\/fr\/wp-json\/wp\/v2\/types\/post"}],"author":[{"embeddable":true,"href":"https:\/\/www.europesays.com\/fr\/wp-json\/wp\/v2\/users\/2"}],"replies":[{"embeddable":true,"href":"https:\/\/www.europesays.com\/fr\/wp-json\/wp\/v2\/comments?post=108110"}],"version-history":[{"count":0,"href":"https:\/\/www.europesays.com\/fr\/wp-json\/wp\/v2\/posts\/108110\/revisions"}],"wp:featuredmedia":[{"embeddable":true,"href":"https:\/\/www.europesays.com\/fr\/wp-json\/wp\/v2\/media\/108111"}],"wp:attachment":[{"href":"https:\/\/www.europesays.com\/fr\/wp-json\/wp\/v2\/media?parent=108110"}],"wp:term":[{"taxonomy":"category","embeddable":true,"href":"https:\/\/www.europesays.com\/fr\/wp-json\/wp\/v2\/categories?post=108110"},{"taxonomy":"post_tag","embeddable":true,"href":"https:\/\/www.europesays.com\/fr\/wp-json\/wp\/v2\/tags?post=108110"}],"curies":[{"name":"wp","href":"https:\/\/api.w.org\/{rel}","templated":true}]}}