{"id":108112,"date":"2025-05-17T23:58:15","date_gmt":"2025-05-17T23:58:15","guid":{"rendered":"https:\/\/www.europesays.com\/fr\/108112\/"},"modified":"2025-05-17T23:58:15","modified_gmt":"2025-05-17T23:58:15","slug":"lyon-angers-2-0-lacazette-envoie-lol-en-europe-sur-un-final-fou","status":"publish","type":"post","link":"https:\/\/www.europesays.com\/fr\/108112\/","title":{"rendered":"Lyon &#8211; Angers (2-0) : Lacazette envoie l&rsquo;OL en Europe sur un final FOU !"},"content":{"rendered":"<p data-testid=\"article-teaser\">Incroyable ! Lyon bat Angers (2-0) pour la der de Lacazette et se qualifie pour la Conference League gr\u00e2ce \u00e0 la d\u00e9faite de Strasbourg ! Twist final !<\/p>\n<p>Quelle soir\u00e9e compl\u00e8tement folle au Groupama Stadium et sur les autres pelouses de Ligue 1 ! L&rsquo;Olympique Lyonnais a bien battu Angers (2-0) pour la derni\u00e8re de la saison, dans une ambiance initialement d\u00e9di\u00e9e aux adieux d&rsquo;Alexandre Lacazette. Mais alors que l&rsquo;on pensait cette victoire anecdotique pour les ambitions europ\u00e9ennes directes, un coup de th\u00e9\u00e2tre venu de Strasbourg a tout chang\u00e9. La d\u00e9faite alsacienne sur le fil propulse l&rsquo;OL \u00e0 une sixi\u00e8me place inesp\u00e9r\u00e9e, synonyme de qualification pour l&rsquo;Europa Conference League. Un moindre mal, un soulagement immense apr\u00e8s une saison chaotique, et des buts du \u00ab\u00a0G\u00e9n\u00e9ral\u00a0\u00bb qui prennent soudain une tout autre dimension.<\/p>\n<p>L&rsquo;article continue ci-dessous<\/p>\n","protected":false},"excerpt":{"rendered":"Incroyable ! Lyon bat Angers (2-0) pour la der de Lacazette et se qualifie pour la Conference League&hellip;\n","protected":false},"author":2,"featured_media":108113,"comment_status":"","ping_status":"","sticky":false,"template":"","format":"standard","meta":{"footnotes":""},"categories":[1889],"tags":[14104,1111,11,1438,2430,1777,674,1011,27,66,2428,22499,12,25],"class_list":{"0":"post-108112","1":"post","2":"type-post","3":"status-publish","4":"format-standard","5":"has-post-thumbnail","7":"category-lyon","8":"tag-a-lacazette","9":"tag-actu","10":"tag-actualites","11":"tag-angers","12":"tag-auvergne-rhone-alpes","13":"tag-eu","14":"tag-europe","15":"tag-fr","16":"tag-france","17":"tag-ligue-1","18":"tag-lyon","19":"tag-lyon-vs-angers","20":"tag-news","21":"tag-republique-francaise"},"share_on_mastodon":{"url":"https:\/\/pubeurope.com\/@fr\/114525890435518303","error":""},"_links":{"self":[{"href":"https:\/\/www.europesays.com\/fr\/wp-json\/wp\/v2\/posts\/108112","targetHints":{"allow":["GET"]}}],"collection":[{"href":"https:\/\/www.europesays.com\/fr\/wp-json\/wp\/v2\/posts"}],"about":[{"href":"https:\/\/www.europesays.com\/fr\/wp-json\/wp\/v2\/types\/post"}],"author":[{"embeddable":true,"href":"https:\/\/www.europesays.com\/fr\/wp-json\/wp\/v2\/users\/2"}],"replies":[{"embeddable":true,"href":"https:\/\/www.europesays.com\/fr\/wp-json\/wp\/v2\/comments?post=108112"}],"version-history":[{"count":0,"href":"https:\/\/www.europesays.com\/fr\/wp-json\/wp\/v2\/posts\/108112\/revisions"}],"wp:featuredmedia":[{"embeddable":true,"href":"https:\/\/www.europesays.com\/fr\/wp-json\/wp\/v2\/media\/108113"}],"wp:attachment":[{"href":"https:\/\/www.europesays.com\/fr\/wp-json\/wp\/v2\/media?parent=108112"}],"wp:term":[{"taxonomy":"category","embeddable":true,"href":"https:\/\/www.europesays.com\/fr\/wp-json\/wp\/v2\/categories?post=108112"},{"taxonomy":"post_tag","embeddable":true,"href":"https:\/\/www.europesays.com\/fr\/wp-json\/wp\/v2\/tags?post=108112"}],"curies":[{"name":"wp","href":"https:\/\/api.w.org\/{rel}","templated":true}]}}