{"id":108132,"date":"2025-05-18T00:09:15","date_gmt":"2025-05-18T00:09:15","guid":{"rendered":"https:\/\/www.europesays.com\/fr\/108132\/"},"modified":"2025-05-18T00:09:15","modified_gmt":"2025-05-18T00:09:15","slug":"saison-2024-arminia-bielefeld-stuttgart-football-coupe-dallemagne","status":"publish","type":"post","link":"https:\/\/www.europesays.com\/fr\/108132\/","title":{"rendered":"Saison 2024 &#8211; Arminia Bielefeld \/ Stuttgart &#8211; Football : Coupe d&rsquo;Allemagne"},"content":{"rendered":"<p>            R\u00e9sum\u00e9 du programme<\/p>\n<p>\n                Ermedin Demirovic et ses partenaires de Stuttgart vont tenter de remporter pour la quatri\u00e8me fois de l&rsquo;histoire du club la coupe d&rsquo;Allemagne. la derni\u00e8re victoire dans la comp\u00e9tition remonte \u00e0 la saison 1996-1997. Ils partent avec la faveur des pronostics face \u00e0 l&rsquo;Arminia Bielefeld qui \u00e9volue en D3. Pour autant, Marius W\u00f6rl et ses partenaires de Bielefeld \u00e9volueront en confiance apr\u00e8s avoir \u00e9limin\u00e9 au tour pr\u00e9c\u00e9dent le Bayer Leverkusen, tenant du titre.\n            <\/p>\n","protected":false},"excerpt":{"rendered":"R\u00e9sum\u00e9 du programme Ermedin Demirovic et ses partenaires de Stuttgart vont tenter de remporter pour la quatri\u00e8me fois&hellip;\n","protected":false},"author":2,"featured_media":39176,"comment_status":"","ping_status":"","sticky":false,"template":"","format":"standard","meta":{"footnotes":""},"categories":[1587],"tags":[11,672,1804,1805,1803,22593,1777,674,63,22592,1801,12,5240,1802],"class_list":{"0":"post-108132","1":"post","2":"type-post","3":"status-publish","4":"format-standard","5":"has-post-thumbnail","7":"category-allemagne","8":"tag-actualites","9":"tag-allemagne","10":"tag-bundesrepublik-deutschland","11":"tag-de","12":"tag-deutschland","13":"tag-emissionsportive","14":"tag-eu","15":"tag-europe","16":"tag-football","17":"tag-football-coupe-dallemagne","18":"tag-germany","19":"tag-news","20":"tag-programme","21":"tag-republique-federale-dallemagne"},"share_on_mastodon":{"url":"https:\/\/pubeurope.com\/@fr\/114525933756933332","error":""},"_links":{"self":[{"href":"https:\/\/www.europesays.com\/fr\/wp-json\/wp\/v2\/posts\/108132","targetHints":{"allow":["GET"]}}],"collection":[{"href":"https:\/\/www.europesays.com\/fr\/wp-json\/wp\/v2\/posts"}],"about":[{"href":"https:\/\/www.europesays.com\/fr\/wp-json\/wp\/v2\/types\/post"}],"author":[{"embeddable":true,"href":"https:\/\/www.europesays.com\/fr\/wp-json\/wp\/v2\/users\/2"}],"replies":[{"embeddable":true,"href":"https:\/\/www.europesays.com\/fr\/wp-json\/wp\/v2\/comments?post=108132"}],"version-history":[{"count":0,"href":"https:\/\/www.europesays.com\/fr\/wp-json\/wp\/v2\/posts\/108132\/revisions"}],"wp:featuredmedia":[{"embeddable":true,"href":"https:\/\/www.europesays.com\/fr\/wp-json\/wp\/v2\/media\/39176"}],"wp:attachment":[{"href":"https:\/\/www.europesays.com\/fr\/wp-json\/wp\/v2\/media?parent=108132"}],"wp:term":[{"taxonomy":"category","embeddable":true,"href":"https:\/\/www.europesays.com\/fr\/wp-json\/wp\/v2\/categories?post=108132"},{"taxonomy":"post_tag","embeddable":true,"href":"https:\/\/www.europesays.com\/fr\/wp-json\/wp\/v2\/tags?post=108132"}],"curies":[{"name":"wp","href":"https:\/\/api.w.org\/{rel}","templated":true}]}}