{"id":10814,"date":"2025-04-08T17:59:18","date_gmt":"2025-04-08T17:59:18","guid":{"rendered":"https:\/\/www.europesays.com\/fr\/10814\/"},"modified":"2025-04-08T17:59:18","modified_gmt":"2025-04-08T17:59:18","slug":"lyon-municipales-jean-michel-aulas-devant-gregory-doucet-une-premiere-un-sondage-publie","status":"publish","type":"post","link":"https:\/\/www.europesays.com\/fr\/10814\/","title":{"rendered":"Lyon. Municipales : Jean-Michel Aulas devant Gr\u00e9gory Doucet, une premi\u00e8re : un sondage publi\u00e9"},"content":{"rendered":"<p>            Par<br \/>\n        <strong><br \/>\n            <a href=\"https:\/\/actu.fr\/auteur\/nicolas-zaugra\" title=\"Consulter tous les articles de Nicolas Zaugra\" rel=\"nofollow noopener\" target=\"_blank\">Nicolas Zaugra<\/a><br \/>\n        <\/strong><\/p>\n<p>        Publi\u00e9 le<\/p>\n<p>            8 avr. 2025 \u00e0 6h32<br \/>\n        ; mis \u00e0 jour le 8 avr. 2025 \u00e0 9h18    <\/p>\n<p>Un deuxi\u00e8me sondage d\u2019intentions de vote riche en enseignements dans la campagne des <a href=\"https:\/\/actu.fr\/tag\/municipales-2026\" rel=\"nofollow noopener\" target=\"_blank\">municipales 2026<\/a> \u00e0 <a href=\"https:\/\/actu.fr\/auvergne-rhone-alpes\/lyon_69123\" rel=\"nofollow noopener\" target=\"_blank\">Lyon<\/a>, un an avant le scrutin.<\/p>\n<p class=\" wall-content\">Selon une \u00e9tude Elabe pour BFM TV et <a href=\"https:\/\/www.bfmtv.com\/lyon\/\" rel=\"nofollow noopener\" target=\"_blank\">BFM Lyon<\/a> publi\u00e9e ce mardi 8 avril 2025, <a href=\"https:\/\/actu.fr\/auvergne-rhone-alpes\/lyon_69123\/lyon-municipales-2026-jean-michel-aulas-recoit-un-soutien-de-poids-qui-gene-a-droite_62459879.html\" rel=\"nofollow noopener\" target=\"_blank\">Jean-Michel Aulas<\/a> s\u2019impose comme l\u2019homme de la situation des oppositions pour esp\u00e9rer bousculer le maire \u00e9cologiste sortant <a href=\"https:\/\/actu.fr\/auvergne-rhone-alpes\/lyon_69123\/lyon-gregory-doucet-tord-le-bras-d-un-opposant-grace-a-une-victoire-au-conseil-d-etat_62460844.html\" rel=\"nofollow noopener\" target=\"_blank\">Gr\u00e9gory Doucet<\/a>.<\/p>\n<p class=\" wall-content\">L\u2019institut de sondage a test\u00e9<strong> trois hypoth\u00e8ses. <\/strong>Le match Doucet-Aulas se dessine et les autres potentielles t\u00eates de listes se positionnent comme des forces d\u2019appui pour chacun des deux camps.\u00a0<\/p>\n<p>Jean-Michel Aulas en t\u00eate devant Gr\u00e9gory Doucet seul<\/p>\n<p class=\" wall-content\"><strong>Jean-Michel Aulas arrive en t\u00eate avec 24%<\/strong> d\u2019intentions de vote dans le cas o\u00f9 il est soutenu par Renaissance, le Modem et Horizons devant <strong>Gr\u00e9gory Doucet soutenu par les Ecologistes et les Communistes \u00e0 22%<\/strong>.\u00a0<\/p>\n<p class=\" wall-content\">C\u2019est l\u2019hypoth\u00e8se la plus profitable \u00e0 l\u2019ancien patron de l\u2019OL qui est donn\u00e9 devant le maire sortant qui fait tout pour unir la gauche. Mais sans succ\u00e8s pour l\u2019instant, LFI et le PS travaillant \u00e0 construire des listes concurrentes.<\/p>\n<p>Vid\u00e9os : en ce moment sur Actu<\/p>\n<p class=\" wall-content\">Le grand gagnant \u00e0 gauche est La France insoumise et <a href=\"https:\/\/actu.fr\/auvergne-rhone-alpes\/lyon_69123\/anais-belouassa-cherifi-deputee-lfi-sucrer-les-aides-sociales-aux-delinquants-n-est-pas-la-solution_61773486.html\" rel=\"nofollow noopener\" target=\"_blank\">Ana\u00efs Belouassa-Cherifi<\/a> qui s\u2019imposeraient \u00e0 14% d\u2019intentions de vote en troisi\u00e8me position. Le parti de Jean-Luc M\u00e9lenchon appara\u00eet en force apr\u00e8s les succ\u00e8s de la pr\u00e9sidentielle et des l\u00e9gislatives \u00e0 Lyon.<\/p>\n<p class=\" wall-content\">Pour le reste de la gauche, la liste PS de <a href=\"https:\/\/actu.fr\/auvergne-rhone-alpes\/lyon_69123\/sandrine-runel-deputee-ps-du-rhone-je-regrette-les-choix-du-maire-de-lyon_62007940.html\" rel=\"nofollow noopener\" target=\"_blank\">Sandrine Runel<\/a> ne rassemblerait que 7% et celle de <a href=\"https:\/\/actu.fr\/auvergne-rhone-alpes\/lyon_69123\/lyon-municipales-2026-nathalie-perrin-gilbert-est-candidate-gregory-doucet-cible_62408088.html\" rel=\"nofollow noopener\" target=\"_blank\">Nathalie Perrin-Gilbert<\/a> 6%.<\/p>\n<p class=\" wall-content\">\u00c0 droite et au centre, la candidature de <a href=\"https:\/\/actu.fr\/auvergne-rhone-alpes\/lyon_69123\/on-peut-gagner-lyon-pierre-oliver-lr-candidat-aux-municipales-ses-premieres-propositions_62417439.html\" rel=\"nofollow noopener\" target=\"_blank\">Pierre Oliver<\/a> des R\u00e9publicains ne d\u00e9colle pas, scotch\u00e9e \u00e0 seulement 10%. L\u2019ancien maire divers centre <a href=\"https:\/\/actu.fr\/auvergne-rhone-alpes\/lyon_69123\/lyon-georges-kepenekian-candidat-en-2026-il-n-y-a-pas-d-autres-choix-face-a-gregory-doucet_62355132.html\" rel=\"nofollow noopener\" target=\"_blank\">Georges K\u00e9p\u00e9n\u00e9kian<\/a> est mesur\u00e9 \u00e0 8%. Le Rassemblement national est juste derri\u00e8re LR : la d\u00e9put\u00e9e RN <a href=\"https:\/\/actu.fr\/politique\/elections-legislatives\/legislatives-dans-le-rhone-tiffany-joncour-nouvelle-deputee-rn-de-la-13e-circonscription_61317259.html\" rel=\"nofollow noopener\" target=\"_blank\">Tiffany Joncour<\/a> p\u00e8se 9% dans ce sc\u00e9nario.<\/p>\n<p class=\" wall-content\"><a href=\"https:\/\/infogram.com\/untitled-1hnp27exrzqey4g?live\" title=\"Ouvre la pr\u00e9sentation sur Infogram.com\" rel=\"nofollow noopener\" target=\"_blank\">Afficher le contenu Infogram<\/a><\/p>\n<p>Gr\u00e9gory Doucet en t\u00eate en cas d\u2019union de la gauche face \u00e0 Jean-Michel Aulas<\/p>\n<p class=\" wall-content\">Dans le deuxi\u00e8me sc\u00e9nario mesur\u00e9, <strong>Gr\u00e9gory Doucet est donn\u00e9 en t\u00eate \u00e0 37% d\u2019intentions de vote<\/strong> en cas d\u2019union \u00e9cologistes, socialistes, LFI et Parti communiste.\u00a0<\/p>\n<p class=\" wall-content\">En deuxi\u00e8me position, Jean-Michel Aulas est donn\u00e9 \u00e0 28% en cas de soutien de Renaissance, Modem et <a href=\"https:\/\/actu.fr\/auvergne-rhone-alpes\/lyon_69123\/lyon-municipales-jean-michel-aulas-est-un-candidat-legitime-horizons-pret-a-le-soutenir_62383327.html\" rel=\"nofollow noopener\" target=\"_blank\">Horizons<\/a>. Quatre points de plus que dans le premier sc\u00e9nario mais avec 9 points de retard.<\/p>\n<p class=\" wall-content\">En troisi\u00e8me, Pierre Oliver (LR) stagne \u00e0 10%, juste devant Georges K\u00e9p\u00e9n\u00e9kian \u00e0 9%. L\u2019ancien maire de Lyon est au m\u00eame niveau que le Rassemblement national. L\u2019ancienne adjointe \u00e0 la Culture est donn\u00e9e \u00e0 7% d\u2019intentions de vote.<\/p>\n<p class=\" wall-content\"><a href=\"https:\/\/infogram.com\/untitled-1hmr6g8yrk3qo2n?live\" title=\"Ouvre la pr\u00e9sentation sur Infogram.com\" rel=\"nofollow noopener\" target=\"_blank\">Afficher le contenu Infogram<\/a><\/p>\n<p>Un duel plus serr\u00e9 en cas d\u2019union de la gauche et d\u2019union de la droite et du centre<\/p>\n<p class=\" wall-content\">Le troisi\u00e8me sc\u00e9nario donne toujours en t\u00eate <strong>Gr\u00e9gory Doucet \u00e0 38% en cas d\u2019union \u00e9cologistes, PS, LFI et Parti communiste<\/strong>. Mais face au maire sortant, une candidature de Jean-Michel Aulas, soutenue par Renaissance, le Modem, Horizons et Les R\u00e9publicains, se rapproche dangereusement en deuxi\u00e8me position \u00e0 34%.<\/p>\n<p class=\" wall-content\">L\u2019ancien maire Georges K\u00e9p\u00e9n\u00e9kian ferait son meilleur score \u00e0 12% et serait en capacit\u00e9 de se maintenir au second tour. Celui qui a pass\u00e9 six ans dans l\u2019opposition au maire pourrait alors se positionner comme un alli\u00e9 de poids \u00e0 Jean-Michel Aulas et monnayer ch\u00e8rement un pacte avec l\u2019ancien patron de l\u2019OL.<\/p>\n<p class=\" wall-content\">Le RN est mesur\u00e9 \u00e0 10% dans cette hypoth\u00e8se et Nathalie Perrin-Gilbert \u00e0 6%.<\/p>\n<p class=\" wall-content\"><a href=\"https:\/\/infogram.com\/untitled-1h984wvxrpmwz2p?live\" title=\"Ouvre la pr\u00e9sentation sur Infogram.com\" rel=\"nofollow noopener\" target=\"_blank\">Afficher le contenu Infogram<\/a><\/p>\n<p>Que retenir de ce sondage ?<\/p>\n<p class=\" wall-content\">Dans la premi\u00e8re hypoth\u00e8se, c\u2019est Jean-Michel Aulas qui sort comme le candidat fort en t\u00eate. Il parviendrait \u00e0 s\u2019appuyer sur un \u00e9lectorat large et divers : 46% des \u00e9lecteurs Ensemble, 41% de ceux de LR et 26% de ceux du RN, selon Elabe. La gauche totalement divis\u00e9e sanctionnerait la candidature de Gr\u00e9gory Doucet en ne r\u00e9cup\u00e8rerait qu\u2019une partie du vote NFP (41%), g\u00ean\u00e9e par une \u00e9mergence de la France insoumise qui capterait 30% \u00e0 elle seule du vote NFP.<\/p>\n<p class=\" wall-content\">Pour la seconde hypoth\u00e8se, Gr\u00e9gory Doucet s\u2019impose largement neuf points devant et r\u00e9cup\u00e9rerait quasiment tout l\u2019\u00e9lectorat LFI mais pas autant des socialistes qui se tourneraient vers Nathalie Perrin-Gilbert et Jean-Michel Aulas.\u00a0<\/p>\n<p class=\" wall-content\">Dans la troisi\u00e8me hypoth\u00e8se, une large union centre-LR derri\u00e8re Jean-Michel Aulas ne suffit pas \u00e0 le placer en t\u00eate. C\u2019est Gr\u00e9gory Doucet qui s\u2019impose. Mais le haut niveau de Georges K\u00e9p\u00e9n\u00e9kian constitue une s\u00e9rieuse r\u00e9serve de voix pour Aulas.<\/p>\n<p class=\" wall-content\">Le second tour n\u2019est pas test\u00e9, mais selon les sc\u00e9narios, la gauche p\u00e8se entre 44% et 49% toutes forces additionn\u00e9es. Le total des opposants \u00e0 Gr\u00e9gory Doucet, RN compris, p\u00e8se entre 51% et 56%. Un match qui peut s\u2019annoncer tr\u00e8s serr\u00e9\u2026<\/p>\n<p>M\u00e9thodologie du sondage<\/p>\n<p>\u00c9chantillon de 1 100 personnes repr\u00e9sentatif de la population r\u00e9sidente de Lyon \u00e2g\u00e9e de 18 ans et plus, dont 800 inscrits sur les listes \u00e9lectorales de Lyon. La repr\u00e9sentativit\u00e9 de l\u2019\u00e9chantillon a \u00e9t\u00e9 assur\u00e9e selon la m\u00e9thode des quotas appliqu\u00e9e aux variables suivantes : sexe, \u00e2ge, profession et arrondissements. Interrogation par t\u00e9l\u00e9phone du 26 mars au 2 avril 2025.<\/p>\n<p class=\" wall-content\">Suivez toute l\u2019actualit\u00e9 de vos villes et m\u00e9dias favoris en vous inscrivant \u00e0 <a href=\"https:\/\/moncompte.actu.fr\" title=\"D\u00e9couvez Mon Actu\" rel=\"nofollow noopener\" data-trk=\"{&quot;cta&quot;:{&quot;action&quot;:&quot;https:\\\/\\\/moncompte.actu.fr&quot;,&quot;category&quot;:&quot;mon compte&quot;,&quot;from&quot;:&quot;article footer&quot;,&quot;name&quot;:&quot;Mon actu&quot;,&quot;type&quot;:&quot;cta&quot;}}\" target=\"_blank\">Mon Actu<\/a>.<\/p>\n","protected":false},"excerpt":{"rendered":"Par Nicolas Zaugra Publi\u00e9 le 8 avr. 2025 \u00e0 6h32 ; mis \u00e0 jour le 8 avr. 2025&hellip;\n","protected":false},"author":2,"featured_media":10815,"comment_status":"","ping_status":"","sticky":false,"template":"","format":"standard","meta":{"footnotes":""},"categories":[1889],"tags":[1111,11,2430,1777,674,1011,27,5226,5227,2428,3434,12,316,25],"class_list":{"0":"post-10814","1":"post","2":"type-post","3":"status-publish","4":"format-standard","5":"has-post-thumbnail","7":"category-lyon","8":"tag-actu","9":"tag-actualites","10":"tag-auvergne-rhone-alpes","11":"tag-eu","12":"tag-europe","13":"tag-fr","14":"tag-france","15":"tag-gregory-doucet","16":"tag-jean-michel-aulas","17":"tag-lyon","18":"tag-municipales-2026","19":"tag-news","20":"tag-politique","21":"tag-republique-francaise"},"share_on_mastodon":{"url":"https:\/\/pubeurope.com\/@fr\/114303648813904776","error":""},"_links":{"self":[{"href":"https:\/\/www.europesays.com\/fr\/wp-json\/wp\/v2\/posts\/10814","targetHints":{"allow":["GET"]}}],"collection":[{"href":"https:\/\/www.europesays.com\/fr\/wp-json\/wp\/v2\/posts"}],"about":[{"href":"https:\/\/www.europesays.com\/fr\/wp-json\/wp\/v2\/types\/post"}],"author":[{"embeddable":true,"href":"https:\/\/www.europesays.com\/fr\/wp-json\/wp\/v2\/users\/2"}],"replies":[{"embeddable":true,"href":"https:\/\/www.europesays.com\/fr\/wp-json\/wp\/v2\/comments?post=10814"}],"version-history":[{"count":0,"href":"https:\/\/www.europesays.com\/fr\/wp-json\/wp\/v2\/posts\/10814\/revisions"}],"wp:featuredmedia":[{"embeddable":true,"href":"https:\/\/www.europesays.com\/fr\/wp-json\/wp\/v2\/media\/10815"}],"wp:attachment":[{"href":"https:\/\/www.europesays.com\/fr\/wp-json\/wp\/v2\/media?parent=10814"}],"wp:term":[{"taxonomy":"category","embeddable":true,"href":"https:\/\/www.europesays.com\/fr\/wp-json\/wp\/v2\/categories?post=10814"},{"taxonomy":"post_tag","embeddable":true,"href":"https:\/\/www.europesays.com\/fr\/wp-json\/wp\/v2\/tags?post=10814"}],"curies":[{"name":"wp","href":"https:\/\/api.w.org\/{rel}","templated":true}]}}