{"id":108149,"date":"2025-05-18T00:21:21","date_gmt":"2025-05-18T00:21:21","guid":{"rendered":"https:\/\/www.europesays.com\/fr\/108149\/"},"modified":"2025-05-18T00:21:21","modified_gmt":"2025-05-18T00:21:21","slug":"coup-du-sort-pour-tanak-ogier-en-tete-du-rallye-du-portugal","status":"publish","type":"post","link":"https:\/\/www.europesays.com\/fr\/108149\/","title":{"rendered":"Coup du sort pour T\u00e4nak, Ogier en t\u00eate du Rallye du Portugal !"},"content":{"rendered":"<p>Menac\u00e9 par <a href=\"https:\/\/fr.motorsport.com\/driver\/sebastien-ogier\/87219\/\" target=\"_blank\" rel=\"noopener nofollow\">S\u00e9bastien Ogier<\/a> en d\u00e9but de matin\u00e9e sur le Rallye du Portugal, <a href=\"https:\/\/fr.motorsport.com\/driver\/ott-tanak\/91992\/\" target=\"_blank\" rel=\"noopener nofollow\">Ott T\u00e4nak<\/a> a r\u00e9pondu avec brio en fin de boucle pour reprendre de l&rsquo;air. Lors du deuxi\u00e8me passage ce samedi apr\u00e8s-midi, le pilote Hyundai devait confirmer qu&rsquo;il avait repris la main. C&rsquo;est ce qu&rsquo;il a fait d\u00e8s l&rsquo;ES15 en faisant jeu \u00e9gal avec son dauphin, qu&rsquo;il a devanc\u00e9 de trois dixi\u00e8mes seulement.<\/p>\n<p>C&rsquo;est n\u00e9anmoins le deuxi\u00e8me passage dans les 19,91 km de Cabeceiras de Basto qui a marqu\u00e9 les esprits, tant le parcours s&rsquo;est d\u00e9grad\u00e9 au fil des heures. Devenue tr\u00e8s difficile, particuli\u00e8rement cassante, elle a donn\u00e9 du fil \u00e0 retordre et, surtout, tr\u00e8s peu de plaisir.<\/p>\n<p>\u00ab\u00a0Une sp\u00e9ciale horrible, c&rsquo;\u00e9tait du rallye-raid, tr\u00e8s dur\u00a0\u00bb, a confirm\u00e9 S\u00e9bastien Ogier, simplement heureux d&rsquo;en finir avec cette portion, qui lui a \u00e9galement co\u00fbt\u00e9 du temps dans la lutte pour la victoire. Car Ott T\u00e4nak s&rsquo;en est mieux sorti dans cette ES16, dont il a encore sign\u00e9 le scratch, reprenant 1&Prime;8 \u00e0 son poursuivant pour accro\u00eetre son avance en t\u00eate du rallye.<\/p>\n<p>   <img decoding=\"async\" draggable=\"false\" src=\"https:\/\/www.europesays.com\/fr\/wp-content\/uploads\/2025\/05\/ott-tanak-martin-jarveoja-hyun.jpg\" alt=\"Ott T\u00e4nak n'a pas \u00e9t\u00e9 r\u00e9compens\u00e9 de ses efforts...\" width=\"1200\" height=\"800\" loading=\"lazy\"\/> <\/p>\n<p class=\"title\">Ott T\u00e4nak n&rsquo;a pas \u00e9t\u00e9 r\u00e9compens\u00e9 de ses efforts&#8230;<\/p>\n<p class=\"photographer\">Photo de: M-Sport<\/p>\n<p>L&#8217;embellie n&rsquo;a cependant pas dur\u00e9 pour le champion du monde 2019, qui a tout perdu dans la plus longue sp\u00e9ciale du jour, Amarante 2. Alors qu&rsquo;il \u00e9tait bien parti, il a perdu la direction assist\u00e9e et a laiss\u00e9 filer 45 secondes r\u00e9dhibitoires pour la victoire finale, le faisant m\u00eame chuter au troisi\u00e8me rang. Apr\u00e8s avoir \u00ab\u00a0attaqu\u00e9 comme un fou\u00a0\u00bb de son c\u00f4t\u00e9, S\u00e9bastien Ogier a donc h\u00e9rit\u00e9 de la t\u00eate du rallye devant <a href=\"https:\/\/fr.motorsport.com\/driver\/kalle-rovanpera\/444389\/\" target=\"_blank\" rel=\"noopener nofollow\">Kalle Rovanper\u00e4<\/a>.\u00a0<\/p>\n<p>Restait une super sp\u00e9ciale de 3,5 km \u00e0 boucler pour en terminer avec cette journ\u00e9e, sans r\u00e9elle possibilit\u00e9 de renverser la tendance. Et sans surprise, Ott T\u00e4nak n&rsquo;a pas pu r\u00e9soudre son probl\u00e8me de direction avant ce dernier acte, qu&rsquo;il a boucl\u00e9 tant bien que mal en perdant encore huit secondes sur un S\u00e9bastien Ogier qui a m\u00eame mis un point d&rsquo;honneur \u00e0 s&rsquo;adjuger le scratch.<\/p>\n<p>\u00ab\u00a0\u00c7a fait partie du jeu, j&rsquo;imagine&#8230;\u00a0\u00bb, a r\u00e9agi l&rsquo;Estonien. \u00ab\u00a0C&rsquo;est tr\u00e8s malchanceux, mais nous avons tout donn\u00e9 de notre c\u00f4t\u00e9. Que puis-je dire d&rsquo;autre ?\u00a0\u00bb<\/p>\n<p>Dimanche, six sp\u00e9ciales sont au programme pour achever ce Rallye du Portugal tr\u00e8s dense, avec la possibilit\u00e9 pour les battus d&rsquo;essayer de prendre les points du Super Sunday et de la Power Stage.<\/p>\n<tr>\n<strong>Scratchs du samedi apr\u00e8s-midi<\/strong><br \/>\n<\/tr>\n<tr>\n<td style=\"width: 5%;\"><strong>ES15<\/strong><\/td>\n<td style=\"width: 5%; text-align: center;\">17,69 km<\/td>\n<td style=\"width: 25%;\">Vieira do Minho 2<\/td>\n<td style=\"width: 10%; text-align: left;\"><img decoding=\"async\" class=\"ms-flag-img ms-flag-img_s0\" title=\"Estonia\" src=\"https:\/\/www.europesays.com\/fr\/wp-content\/uploads\/2025\/05\/ee-3.svg.svg+xml\" alt=\"Estonia\" width=\"20\" loading=\"lazy\"\/>\u00a0O. T\u00e4nak<\/td>\n<\/tr>\n<tr>\n<td style=\"width: 5%;\"><strong>ES16<\/strong><\/td>\n<td style=\"width: 5%; text-align: center;\">19,91 km<\/td>\n<td style=\"width: 25%;\">Cabeceiras de Basto 2<\/td>\n<td style=\"width: 10%; text-align: left;\"><img decoding=\"async\" class=\"ms-flag-img ms-flag-img_s0\" title=\"Estonia\" src=\"https:\/\/www.europesays.com\/fr\/wp-content\/uploads\/2025\/05\/ee-3.svg.svg+xml\" alt=\"Estonia\" width=\"20\" loading=\"lazy\"\/>\u00a0O. T\u00e4nak<\/td>\n<\/tr>\n<tr>\n<td style=\"width: 5%;\"><strong>ES17<\/strong><\/td>\n<td style=\"width: 5%; text-align: center;\">22,10 km<\/td>\n<td style=\"width: 25%;\">Amarante 2<\/td>\n<td style=\"width: 10%; text-align: left;\"><img decoding=\"async\" class=\"ms-flag-img ms-flag-img_s0\" title=\"Finland\" src=\"https:\/\/www.europesays.com\/fr\/wp-content\/uploads\/2025\/05\/fi-3.svg.svg+xml\" alt=\"Finland\" width=\"20\" loading=\"lazy\"\/>\u00a0K. Rovanper\u00e4<\/td>\n<\/tr>\n<tr>\n<td style=\"width: 5%;\"><strong>ES18<\/strong><\/td>\n<td style=\"width: 5%; text-align: center;\">3,52 km<\/td>\n<td style=\"width: 25%;\">SSS Lousada<\/td>\n<td style=\"width: 10%; text-align: left;\"><img decoding=\"async\" class=\"ms-flag-img ms-flag-img_s0\" title=\"France\" src=\"https:\/\/www.europesays.com\/fr\/wp-content\/uploads\/2025\/05\/fr-3.svg.svg+xml\" alt=\"France\" width=\"20\" loading=\"lazy\"\/>\u00a0S. Ogier<\/td>\n<\/tr>\n<p><img decoding=\"async\" class=\"ms-flag-img ms-flag-img_s0\" title=\"Portugal\" src=\"https:\/\/www.europesays.com\/fr\/wp-content\/uploads\/2025\/05\/pt-3.svg.svg+xml\" alt=\"Portugal\" width=\"25\" loading=\"lazy\"\/>\u00a0Rallye du Portugal &#8211; Classement apr\u00e8s l&rsquo;ES18<\/p>\n<p>Lire aussi :<\/p>\n<p>Dans cet article<\/p>\n<p>    Basile Davoine\n<\/p>\n<p>    WRC\n<\/p>\n<p>    Toyota Racing\n<\/p>\n<p>    M-Sport\n<\/p>\n<p>    Hyundai Motorsport\n<\/p>\n<p>Soyez le premier inform\u00e9 et souscrivez aux alertes mails pour recevoir les infos en temps r\u00e9el<\/p>\n<p>    S&rsquo;abonner aux alertes de news<\/p>\n","protected":false},"excerpt":{"rendered":"Menac\u00e9 par S\u00e9bastien Ogier en d\u00e9but de matin\u00e9e sur le Rallye du Portugal, Ott T\u00e4nak a r\u00e9pondu avec&hellip;\n","protected":false},"author":2,"featured_media":108150,"comment_status":"","ping_status":"","sticky":false,"template":"","format":"standard","meta":{"footnotes":""},"categories":[1412],"tags":[1451,1452,1453,1454,1455,1011,27,21881,21880,6996,21882,60,21879,16405],"class_list":{"0":"post-108149","1":"post","2":"type-post","3":"status-publish","4":"format-standard","5":"has-post-thumbnail","7":"category-f1","8":"tag-f1","9":"tag-formula-1","10":"tag-formula1","11":"tag-formule-1","12":"tag-formule1","13":"tag-fr","14":"tag-france","15":"tag-hyundai-motorsport","16":"tag-m-sport","17":"tag-portugal","18":"tag-rallye-du-portugal","19":"tag-sports","20":"tag-toyota-racing","21":"tag-wrc"},"share_on_mastodon":{"url":"https:\/\/pubeurope.com\/@fr\/114525980979897767","error":""},"_links":{"self":[{"href":"https:\/\/www.europesays.com\/fr\/wp-json\/wp\/v2\/posts\/108149","targetHints":{"allow":["GET"]}}],"collection":[{"href":"https:\/\/www.europesays.com\/fr\/wp-json\/wp\/v2\/posts"}],"about":[{"href":"https:\/\/www.europesays.com\/fr\/wp-json\/wp\/v2\/types\/post"}],"author":[{"embeddable":true,"href":"https:\/\/www.europesays.com\/fr\/wp-json\/wp\/v2\/users\/2"}],"replies":[{"embeddable":true,"href":"https:\/\/www.europesays.com\/fr\/wp-json\/wp\/v2\/comments?post=108149"}],"version-history":[{"count":0,"href":"https:\/\/www.europesays.com\/fr\/wp-json\/wp\/v2\/posts\/108149\/revisions"}],"wp:featuredmedia":[{"embeddable":true,"href":"https:\/\/www.europesays.com\/fr\/wp-json\/wp\/v2\/media\/108150"}],"wp:attachment":[{"href":"https:\/\/www.europesays.com\/fr\/wp-json\/wp\/v2\/media?parent=108149"}],"wp:term":[{"taxonomy":"category","embeddable":true,"href":"https:\/\/www.europesays.com\/fr\/wp-json\/wp\/v2\/categories?post=108149"},{"taxonomy":"post_tag","embeddable":true,"href":"https:\/\/www.europesays.com\/fr\/wp-json\/wp\/v2\/tags?post=108149"}],"curies":[{"name":"wp","href":"https:\/\/api.w.org\/{rel}","templated":true}]}}