{"id":108155,"date":"2025-05-18T00:26:13","date_gmt":"2025-05-18T00:26:13","guid":{"rendered":"https:\/\/www.europesays.com\/fr\/108155\/"},"modified":"2025-05-18T00:26:13","modified_gmt":"2025-05-18T00:26:13","slug":"didier-van-cauwelaert-goncourt-1994-invite-dhonneur-du-salon-du-livre","status":"publish","type":"post","link":"https:\/\/www.europesays.com\/fr\/108155\/","title":{"rendered":"Didier van Cauwelaert, Goncourt 1994, invit\u00e9 d&rsquo;honneur du Salon du livre"},"content":{"rendered":"<p><a href=\"https:\/\/www.laprovence.com\/article\/spectacles\/3501050\/didier-van-cauwelaert-expliquer-lincroyable.html\" target=\"_blank\" rel=\"nofollow noopener\">Didier van Cauwelaert<\/a> ne saura jamais s\u2019il a r\u00e9ellement failli renverser l\u2019aventuri\u00e8re Alexandra David-N\u00e9el alors qu\u2019il \u00e9tait enfant, \u00e0 <a href=\"https:\/\/www.laprovence.com\/alpes-de-haute-provence\/digne-les-bains-04070\" target=\"_blank\" rel=\"nofollow noopener\">Digne-les-Bains<\/a>. Il circulait alors \u00e0 v\u00e9lo quand leurs chemins se seraient crois\u00e9s, ainsi que le lui avait racont\u00e9 son p\u00e8re.<\/p>\n<p>Ce samedi 17 mai, invit\u00e9 d\u2019honneur du <a href=\"https:\/\/www.laprovence.com\/article\/culture-loisirs\/333427012679214\/entre-plumes-et-passions-digne-les-bains-s-apprete-a-celebrer-la-litterature-vivante-avec-le-salon-du-livre\" target=\"_blank\" rel=\"nofollow noopener\">Salon du livre<\/a> au pays d\u2019Alexandra David-N\u00e9el, l\u2019\u00e9crivain a visit\u00e9 Samten Dzong, la maison que celle qui fut la premi\u00e8re femme \u00e0 entrer \u00e0 Lhassa, au Tibet, a fait construire en pays dignois. Un lieu habit\u00e9 par l\u2019esprit de l\u2019\u00e9crivaine occidentaliste o\u00f9 Didier van Cauwelaert a r\u00e9pondu \u00e0 quelques questions.<\/p>\n<p><strong>Avez-vous visit\u00e9 beaucoup d\u2019autres maisons d\u2019\u00e9crivains\u00a0?<\/strong>&#13;\n<\/p>\n<p>J\u2019avais visit\u00e9 l\u2019appartement de Marcel Pagnol, \u00e0 Paris. Il y avait un grand bureau de travail\u2026 mais c\u2019\u00e9tait pour le d\u00e9corum. Il n\u2019\u00e9crivait pas l\u00e0. Mais c\u2019\u00e9tait \u00e0 la fois de la sinc\u00e9rit\u00e9 et de la protection. Dans votre lieu de travail, si vous imaginez le regard des autres, \u00e7a casse la bulle. J\u2019ai visit\u00e9 celles de Charles Dickens, Balzac, Renoir, Marcel Aym\u00e9\u2026 On sent bien ici l\u2019id\u00e9e de cocon, d\u2019immersion. Je travaille beaucoup dehors\u2026 les odeurs, les arbres\u2026<\/p>\n","protected":false},"excerpt":{"rendered":"Didier van Cauwelaert ne saura jamais s\u2019il a r\u00e9ellement failli renverser l\u2019aventuri\u00e8re Alexandra David-N\u00e9el alors qu\u2019il \u00e9tait enfant,&hellip;\n","protected":false},"author":2,"featured_media":108156,"comment_status":"","ping_status":"","sticky":false,"template":"","format":"standard","meta":{"footnotes":""},"categories":[1357],"tags":[17,1379,4917,58,59,1011,27,757,1380,17937,9199,16,5565,758,22596],"class_list":{"0":"post-108155","1":"post","2":"type-post","3":"status-publish","4":"format-standard","5":"has-post-thumbnail","7":"category-livres","8":"tag-17","9":"tag-books","10":"tag-didier","11":"tag-divertissement","12":"tag-entertainment","13":"tag-fr","14":"tag-france","15":"tag-je","16":"tag-livres","17":"tag-mes","18":"tag-produit","19":"tag-region","20":"tag-reves","21":"tag-suis","22":"tag-van"},"share_on_mastodon":{"url":"https:\/\/pubeurope.com\/@fr\/114526000501133409","error":""},"_links":{"self":[{"href":"https:\/\/www.europesays.com\/fr\/wp-json\/wp\/v2\/posts\/108155","targetHints":{"allow":["GET"]}}],"collection":[{"href":"https:\/\/www.europesays.com\/fr\/wp-json\/wp\/v2\/posts"}],"about":[{"href":"https:\/\/www.europesays.com\/fr\/wp-json\/wp\/v2\/types\/post"}],"author":[{"embeddable":true,"href":"https:\/\/www.europesays.com\/fr\/wp-json\/wp\/v2\/users\/2"}],"replies":[{"embeddable":true,"href":"https:\/\/www.europesays.com\/fr\/wp-json\/wp\/v2\/comments?post=108155"}],"version-history":[{"count":0,"href":"https:\/\/www.europesays.com\/fr\/wp-json\/wp\/v2\/posts\/108155\/revisions"}],"wp:featuredmedia":[{"embeddable":true,"href":"https:\/\/www.europesays.com\/fr\/wp-json\/wp\/v2\/media\/108156"}],"wp:attachment":[{"href":"https:\/\/www.europesays.com\/fr\/wp-json\/wp\/v2\/media?parent=108155"}],"wp:term":[{"taxonomy":"category","embeddable":true,"href":"https:\/\/www.europesays.com\/fr\/wp-json\/wp\/v2\/categories?post=108155"},{"taxonomy":"post_tag","embeddable":true,"href":"https:\/\/www.europesays.com\/fr\/wp-json\/wp\/v2\/tags?post=108155"}],"curies":[{"name":"wp","href":"https:\/\/api.w.org\/{rel}","templated":true}]}}