{"id":108157,"date":"2025-05-18T00:27:15","date_gmt":"2025-05-18T00:27:15","guid":{"rendered":"https:\/\/www.europesays.com\/fr\/108157\/"},"modified":"2025-05-18T00:27:15","modified_gmt":"2025-05-18T00:27:15","slug":"ca-a-ete-une-longue-histoire-damour-mais-cesar-domboy-fergus-fait-ses-adieux-a-la-serie","status":"publish","type":"post","link":"https:\/\/www.europesays.com\/fr\/108157\/","title":{"rendered":"\u00ab\u00a0\u00c7a a \u00e9t\u00e9 une longue histoire d&rsquo;amour mais\u2026\u00a0\u00bb C\u00e9sar Domboy (Fergus) fait ses adieux \u00e0 la s\u00e9rie"},"content":{"rendered":"<p>Si les fans d&rsquo;Outlander n&rsquo;ont pas encore fait leurs adieux \u00e0 la s\u00e9rie, la saison 8 n&rsquo;ayant pas encore \u00e9t\u00e9 diffus\u00e9e, les acteurs de la s\u00e9rie, eux, ont d\u00e9j\u00e0 fait leurs adieux \u00e0 leur personnage, \u00e0 la fin du tournage. C\u00e9sar Domboy, l&rsquo;interpr\u00e8te de Fergus, a confi\u00e9 \u00e0 T\u00e9l\u00e9-Loisirs ce qu&rsquo;il ressentait \u00e0 l&rsquo;id\u00e9e de voir la s\u00e9rie se terminer.<\/p>\n<p>Il n&rsquo;est jamais simple de faire ses adieux \u00e0 une s\u00e9rie que l&rsquo;on suit depuis des ann\u00e9es. Malheureusement, les fans d&rsquo;Outlander vont bien \u00eatre oblig\u00e9s d&rsquo;y passer car <a href=\"https:\/\/www.programme-tv.net\/news\/series-tv\/348817-outlander-saison-8-netflix-casting-intrigues-toutes-les-infos-sur-la-nouvelle-saison\/\" data-api-deeplink=\"teleloisirs:\/\/news\/348817\" target=\"_blank\" rel=\"noopener\">la prochaine saison 8 de la s\u00e9rie<\/a> sera bien <a href=\"https:\/\/www.programme-tv.net\/news\/series-tv\/318434-outlander-la-saison-8-sera-la-derniere-mais-une-bonne-nouvelle-attend-les-fans-de-jamie-sam-heughan\/\" data-api-deeplink=\"teleloisirs:\/\/news\/318434\" target=\"_blank\" rel=\"noopener\">la derni\u00e8re<\/a>. Mais pas de panique, l&rsquo;heure des \u00ab\u00a0aux-revoir\u00a0\u00bb n&rsquo;est pas encore fix\u00e9e car, avant sa diffusion sur Netflix, les fid\u00e8les t\u00e9l\u00e9spectateurs vont pouvoir d\u00e9couvrir <a href=\"https:\/\/www.programme-tv.net\/news\/series-tv\/307465-outlander-blood-of-my-blood-date-de-sortie-casting-intrigue-toutes-les-infos-sur-la-serie-a-venir\/\" data-api-deeplink=\"teleloisirs:\/\/news\/307465\" target=\"_blank\" rel=\"noopener\">le spin-off Blood of my Blood sur les parents de Claire et Jamie<\/a>. Nous vous avions d&rsquo;ailleurs d\u00e9voil\u00e9 en exclusivit\u00e9 <a href=\"https:\/\/www.programme-tv.net\/news\/series-tv\/377046-exclu-outlander-on-sait-ou-sera-diffuse-le-spin-off-blood-of-my-blood-en-france-et-vous-allez-etre-surpris\/\" data-api-deeplink=\"teleloisirs:\/\/news\/377046\" target=\"_blank\" rel=\"noopener\">sur quelle plateforme de streaming vous pourriez regarder cette nouveaut\u00e9<\/a> puisque ce ne sera pas sur Netflix. Si les fans ont encore le temps avant de faire leurs adieux, les acteurs, eux, les ont d\u00e9j\u00e0 faits car le tournage de la saison 8 d&rsquo;Outlander est bien termin\u00e9. Lors du festival Canneseries 2025, T\u00e9l\u00e9-Loisirs s&rsquo;est entretenu avec C\u00e9sar Domboy, l&rsquo;interpr\u00e8te de Fergus. Le com\u00e9dien nous a notamment confi\u00e9 ce qu&rsquo;il ressentait \u00e0 l&rsquo;id\u00e9e de faire ses adieux \u00e0 son personnage.<\/p>\n<p><b>\u00ab\u00a0<\/b><b>\u00c7a a \u00e9t\u00e9 une grande partie de ma vie<\/b><b>\u00a0\u00bb : C\u00e9sar Domboy fait ses adieux \u00e0 Fergus, son personnage dans <\/b><b>Outlander<\/b><\/p>\n<p>\u00ab\u00a0\u00c7a fait bizarre parce que c&rsquo;\u00e9tait une grande partie de ma vie. Fergus et Outlander, \u00e7a a \u00e9t\u00e9 une longue histoire d&rsquo;amour pour moi. Mais dans un sens, elle ne se finit pas car c&rsquo;est la suite logique des choses. Il fallait lui dire au-revoir. Cependant, ce n&rsquo;est pas grave car de toute fa\u00e7on, les personnages\u2026 eux, ils continuent \u00e0 vivre dans le c\u0153ur des fans d&rsquo;Outlander. Et il y en a beaucoup. Donc \u00e7a, c&rsquo;est chouette\u00a0\u00bb, nous a livr\u00e9 avec \u00e9motion C\u00e9sar Domboy. La saison 8 d&rsquo;Outlander marque \u00e9galement le retour de Fergus et Marsali (Lauren Lyle). En effet, la derni\u00e8re fois que l&rsquo;on a vu le couple dans la fiction, c&rsquo;\u00e9tait \u00e0 la fin de la saison 6. La petite famille quittait Fraser&rsquo;s Ridge pour ouvrir une imprimerie \u00e0 New Bern. Les deux personnages ne sont pas r\u00e9apparus dans la saison 7 et voici<a href=\"https:\/\/www.programme-tv.net\/news\/series-tv\/372883-exclu-outlander-saison-7-la-vraie-raison-de-labsence-de-fergus-cesar-domboy-et-marsali-lauren-lyle\/\" data-api-deeplink=\"teleloisirs:\/\/news\/372883\" target=\"_blank\" rel=\"noopener\"> la raison de leur absence<\/a>.<\/p>\n<p>                        <b>\u00ab\u00a0<\/b><b>La premi\u00e8re fois depuis trois saisons\u2026<\/b><b>\u00a0\u00bb : voici \u00e0 quoi il faut s&rsquo;attendre dans la saison 8 d&rsquo;<\/b><b>Outlander <\/b><b>selon C\u00e9sar Domboy<\/b><\/p>\n<p>\u00c9tant ainsi de retour dans l&rsquo;ultime saison d&rsquo;Outlander, C\u00e9sar Domboy nous a aussi confi\u00e9<a href=\"https:\/\/www.programme-tv.net\/news\/series-tv\/378447-outlander-saison-8-pour-la-premiere-fois-depuis-trois-saisons-cesar-domboy-fergus-nous-revele-a-quoi-il-faut-s-attendre-pour-l-ultime-salve-de-la-serie\/\" data-api-deeplink=\"teleloisirs:\/\/news\/378447\" target=\"_blank\" rel=\"noopener\"> \u00e0 quoi on pouvait s&rsquo;attendre avec ces prochains \u00e9pisodes<\/a>. \u00ab\u00a0Ce que je peux vous dire sur cette huiti\u00e8me salve, c&rsquo;est que \u00e7a va \u00eatre une saison all-star. Au-del\u00e0 du fait de me retrouver moi et Marsali, on retrouvera d&rsquo;autres personnages assez iconiques de la s\u00e9rie\u00a0\u00bb, nous a-t-il d\u00e9voil\u00e9. Un \u00e9v\u00e9nement car, comme l&rsquo;acteur a ajout\u00e9 : \u00ab\u00a0On a r\u00e9uni beaucoup de personnages pour la premi\u00e8re fois depuis peut-\u00eatre trois saisons\u00a0\u00bb. Quel personnage avez-vous ainsi h\u00e2te de retrouver dans cette ultime saison d&rsquo;Outlander ?<\/p>\n","protected":false},"excerpt":{"rendered":"Si les fans d&rsquo;Outlander n&rsquo;ont pas encore fait leurs adieux \u00e0 la s\u00e9rie, la saison 8 n&rsquo;ayant pas&hellip;\n","protected":false},"author":2,"featured_media":108158,"comment_status":"","ping_status":"","sticky":false,"template":"","format":"standard","meta":{"footnotes":""},"categories":[1356],"tags":[244,22597,58,59,15893,1011,27,127,1722,129,252,1364],"class_list":{"0":"post-108157","1":"post","2":"type-post","3":"status-publish","4":"format-standard","5":"has-post-thumbnail","7":"category-television","8":"tag-commentaire","9":"tag-cu00e9sar-domboy","10":"tag-divertissement","11":"tag-entertainment","12":"tag-festival-canneseries","13":"tag-fr","14":"tag-france","15":"tag-netflix","16":"tag-pub-streaming-netflix","17":"tag-svod","18":"tag-television","19":"tag-tv"},"share_on_mastodon":{"url":"https:\/\/pubeurope.com\/@fr\/114526004414676512","error":""},"_links":{"self":[{"href":"https:\/\/www.europesays.com\/fr\/wp-json\/wp\/v2\/posts\/108157","targetHints":{"allow":["GET"]}}],"collection":[{"href":"https:\/\/www.europesays.com\/fr\/wp-json\/wp\/v2\/posts"}],"about":[{"href":"https:\/\/www.europesays.com\/fr\/wp-json\/wp\/v2\/types\/post"}],"author":[{"embeddable":true,"href":"https:\/\/www.europesays.com\/fr\/wp-json\/wp\/v2\/users\/2"}],"replies":[{"embeddable":true,"href":"https:\/\/www.europesays.com\/fr\/wp-json\/wp\/v2\/comments?post=108157"}],"version-history":[{"count":0,"href":"https:\/\/www.europesays.com\/fr\/wp-json\/wp\/v2\/posts\/108157\/revisions"}],"wp:featuredmedia":[{"embeddable":true,"href":"https:\/\/www.europesays.com\/fr\/wp-json\/wp\/v2\/media\/108158"}],"wp:attachment":[{"href":"https:\/\/www.europesays.com\/fr\/wp-json\/wp\/v2\/media?parent=108157"}],"wp:term":[{"taxonomy":"category","embeddable":true,"href":"https:\/\/www.europesays.com\/fr\/wp-json\/wp\/v2\/categories?post=108157"},{"taxonomy":"post_tag","embeddable":true,"href":"https:\/\/www.europesays.com\/fr\/wp-json\/wp\/v2\/tags?post=108157"}],"curies":[{"name":"wp","href":"https:\/\/api.w.org\/{rel}","templated":true}]}}