{"id":108160,"date":"2025-05-18T00:29:21","date_gmt":"2025-05-18T00:29:21","guid":{"rendered":"https:\/\/www.europesays.com\/fr\/108160\/"},"modified":"2025-05-18T00:29:21","modified_gmt":"2025-05-18T00:29:21","slug":"je-pleure-tout-le-temps-au-cinema-cest-tres-embarrassant-liberation","status":"publish","type":"post","link":"https:\/\/www.europesays.com\/fr\/108160\/","title":{"rendered":"\u00abJe pleure tout le temps au cin\u00e9ma, c\u2019est tr\u00e8s embarrassant\u00bb \u2013 Lib\u00e9ration"},"content":{"rendered":"<p class=\"sc-ksZaOG ehjQrN text-element\">On est pas bien l\u00e0, sur la plage, \u00e0 \u00e9couter <a href=\"https:\/\/www.liberation.fr\/livres\/2017\/10\/05\/ishiguro-un-prix-nobel-bati-sur-les-vestiges_1601165\/\" target=\"_blank\" rel=\"noreferrer noopener\" title=\"https:\/\/www.liberation.fr\/livres\/2017\/10\/05\/ishiguro-un-prix-nobel-bati-sur-les-vestiges_1601165\/\">un prix Nobel de litt\u00e9rature<\/a> parler de monstres aquatiques \u00e0 sept t\u00eates avec un d\u00e9licieux accent british ? Ou est-ce une hallucination due \u00e0 la fatigue ? A Cannes pour l\u2019adaptation de son livre Lumi\u00e8re p\u00e2le sur les collines par Kei Ishikawa, pr\u00e9sent\u00e9 \u00e0 Un certain regard, Kazuo Ishiguro a r\u00e9pondu au questionnaire cin\u00e9phile de Lib\u00e9.<\/p>\n<p class=\"sc-ksZaOG ehjQrN text-element\">A Nagasaki, quand j\u2019\u00e9tais petit, vers 1958 ou 1959, je suis all\u00e9 voir trois fois le m\u00eame film. Je ne me souviens pas du titre, mais il y avait un monstre qui sortait de l\u2019eau, avec sept t\u00eates. A chaque fois que nous arrivions \u00e0 cette sc\u00e8ne, j\u2019\u00e9tais trop effray\u00e9 pour continuer. Puis le lendemain, j\u2019insistais pour aller le revoir. Trois fois. Je n\u2019ai jamais vu le reste du film, mais je m\u2019en souviens encore tr\u00e8s bien.<\/p>\n<p class=\"sc-ksZaOG ehjQrN text-element\"><b>Le chef-d\u2019\u0153uvre dont tout le monde vous parle et que vous n\u2019avez jamais vu ?<\/b><\/p>\n<p class=\"sc-ksZaOG ehjQrN text-element\">Je regarde environ huit films par semaine, donc il n\u2019en reste pas beaucoup\u2026 Mais je n\u2019ai jamais vu Forrest Gump. Il y a deux ans, j\u2019\u00e9tais \u00e0 un d\u00eener et j\u2019\u00e9tais assis \u00e0 c\u00f4t\u00e9 du sc\u00e9nariste [Eric Roth, ndlr]. J\u2019\u00e9tais tr\u00e8s g\u00ean\u00e9\u2026 Je ne pouvais pas lui dire.<\/p>\n<p class=\"sc-ksZaOG ehjQrN text-element\"><b>Un film qui en sait long sur vous ?<\/b><\/p>\n","protected":false},"excerpt":{"rendered":"On est pas bien l\u00e0, sur la plage, \u00e0 \u00e9couter un prix Nobel de litt\u00e9rature parler de monstres&hellip;\n","protected":false},"author":2,"featured_media":108161,"comment_status":"","ping_status":"","sticky":false,"template":"","format":"standard","meta":{"footnotes":""},"categories":[1354],"tags":[58,59,5634,1346,1011,27,1360],"class_list":{"0":"post-108160","1":"post","2":"type-post","3":"status-publish","4":"format-standard","5":"has-post-thumbnail","7":"category-films","8":"tag-divertissement","9":"tag-entertainment","10":"tag-festival-de-cannes","11":"tag-films","12":"tag-fr","13":"tag-france","14":"tag-movies"},"share_on_mastodon":{"url":"https:\/\/pubeurope.com\/@fr\/114526012594881497","error":""},"_links":{"self":[{"href":"https:\/\/www.europesays.com\/fr\/wp-json\/wp\/v2\/posts\/108160","targetHints":{"allow":["GET"]}}],"collection":[{"href":"https:\/\/www.europesays.com\/fr\/wp-json\/wp\/v2\/posts"}],"about":[{"href":"https:\/\/www.europesays.com\/fr\/wp-json\/wp\/v2\/types\/post"}],"author":[{"embeddable":true,"href":"https:\/\/www.europesays.com\/fr\/wp-json\/wp\/v2\/users\/2"}],"replies":[{"embeddable":true,"href":"https:\/\/www.europesays.com\/fr\/wp-json\/wp\/v2\/comments?post=108160"}],"version-history":[{"count":0,"href":"https:\/\/www.europesays.com\/fr\/wp-json\/wp\/v2\/posts\/108160\/revisions"}],"wp:featuredmedia":[{"embeddable":true,"href":"https:\/\/www.europesays.com\/fr\/wp-json\/wp\/v2\/media\/108161"}],"wp:attachment":[{"href":"https:\/\/www.europesays.com\/fr\/wp-json\/wp\/v2\/media?parent=108160"}],"wp:term":[{"taxonomy":"category","embeddable":true,"href":"https:\/\/www.europesays.com\/fr\/wp-json\/wp\/v2\/categories?post=108160"},{"taxonomy":"post_tag","embeddable":true,"href":"https:\/\/www.europesays.com\/fr\/wp-json\/wp\/v2\/tags?post=108160"}],"curies":[{"name":"wp","href":"https:\/\/api.w.org\/{rel}","templated":true}]}}