{"id":108178,"date":"2025-05-18T00:39:08","date_gmt":"2025-05-18T00:39:08","guid":{"rendered":"https:\/\/www.europesays.com\/fr\/108178\/"},"modified":"2025-05-18T00:39:08","modified_gmt":"2025-05-18T00:39:08","slug":"saint-etienne-here-we-go-again-ligue-1-j34-saint-etienne-toulouse-2-3","status":"publish","type":"post","link":"https:\/\/www.europesays.com\/fr\/108178\/","title":{"rendered":"Saint-\u00c9tienne : here we go again &#8211; Ligue 1 &#8211; J34 &#8211; Saint-\u00c9tienne-Toulouse (2-3)"},"content":{"rendered":"<p>Puisqu\u2019on ne s\u2019imaginait pas forc\u00e9ment que Le Havre irait chercher les trois points \u00e0 la Meinau au bout du suspense <a target=\"_blank\" href=\"https:\/\/www.sofoot.com\/articles\/ligue-1-nice-termine-quatrieme-le-havre-se-sauve-sur-le-gong-lyon-retrouvera-leurope\" rel=\"noopener nofollow\">et d\u2019une d\u00e9j\u00e0 l\u00e9gendaire panenka d\u2019Abdoulaye Tour\u00e9<\/a>, on se disait, avant cette 34e et derni\u00e8re journ\u00e9e de Ligue 1, qu\u2019il y avait peut-\u00eatre la place pour que Saint-\u00c9tienne obtienne un sursis en accrochant un barrage L1-L2. Pour cela, il fallait taper Toulouse et esp\u00e9rer un r\u00e9sultat favorable du c\u00f4t\u00e9 de Strasbourg ; il n\u2019y eut ni l\u2019un ni l\u2019autre, et Saint\u00e9 quitte le championnat sur une triste d\u00e9faite (2-3), la vingti\u00e8me de la saison, dans un Chaudron qui voulait pourtant encore y croire et frissonner, comme sur le tr\u00e8s beau but pour du beurre envoy\u00e9 par Florian Tardieu \u00e0 quelques minutes de la pause. C\u2019est simple : jamais l\u2019ASSE n\u2019a align\u00e9 deux succ\u00e8s de rang cette saison. Et comme les For\u00e9ziens s\u2019\u00e9taient d\u00e9j\u00e0 impos\u00e9s la semaine pass\u00e9e \u00e0 Reims (0-2)\u2026<\/p>\n<p>\u00ab\u00a0On n\u2019avait pas l\u2019\u00e9nergie qu\u2019il fallait aujourd\u2019hui. Il fallait se battre pour survivre, on voulait que le stade nous suive. Mais \u00e7a a \u00e9t\u00e9 une pauvre performance\u00a0\u00bb : arriv\u00e9 au Nouvel An quelques semaines apr\u00e8s le limogeage d\u2019Olivier Dall\u2019Oglio, le Norv\u00e9gien Eirik Horneland (50 ans, vainqueur de la Coupe nationale avec le SK Brann en 2023) n\u2019a pas pu redresser le club sur la deuxi\u00e8me partie de saison, et l\u2019avait mauvaise \u00e0 l\u2019issue de cette derni\u00e8re sortie. \u00ab\u202fDu plus profond de mon coeur, je suis d\u00e9sol\u00e9 pour cette issue. Je suis tr\u00e8s d\u00e9\u00e7u et au nom de tout le club, je tiens \u00e0 m\u2019excuser aupr\u00e8s des supporters qui ont encore \u00e9t\u00e9 fantastiques ce soir. Je prends l\u2019enti\u00e8re responsabilit\u00e9 de ce rendez-vous manqu\u00e9.\u202f\u00bb Hormis le changement de coach, l\u2019ASSE ne s\u2019\u00e9tait quasiment pas renforc\u00e9e durant le mois de janvier \u2013 autrefois ind\u00e9sirable, Irvin Cardona est revenu en pr\u00eat, et Maxime Bernauer, rempla\u00e7ant au Dinamo Zagreb et qui n\u2019avait jamais connu la L1, a lui aussi \u00e9t\u00e9 emprunt\u00e9 \u2013 et son effectif est apparu trop l\u00e9ger pour esp\u00e9rer perdurer \u00e0 ce niveau.<\/p>\n<p>Le projet Kilmer, p\u00e9tard mouill\u00e9<\/p>\n<p>Seizi\u00e8me lorsque Horneland a pos\u00e9 ses valises dans la cit\u00e9 mini\u00e8re, l\u2019\u00e9quipe du 42 n\u2019est jamais repass\u00e9e au-dessus de la quinzi\u00e8me place. Les romantiques retiendront <a target=\"_blank\" href=\"https:\/\/www.sofoot.com\/articles\/ligue-1-le-georgien-zuriko-davitachvili-sauveur-de-saint-etienne-avec-son-triple-contre-auxerre\" rel=\"noopener nofollow\">le tripl\u00e9 de Zuriko Davitashvili<\/a> (9 buts et 8 passes d\u00e9 au total cette saison) lors de la 3e journ\u00e9e contre Auxerre, la victoire dans le derby contre l\u2019OL lors de la 30e, ou plus globalement l\u2019\u00e9closion de Lucas Stassin et le retour au premier plan d\u2019une des meilleures ambiances de ce pays. Les autres verront malheureusement les 77 buts encaiss\u00e9s par le capitaine Gautier Larsonneur \u2013 qui n\u2019a pas manqu\u00e9 une seule minute en Ligue 1 \u2013, cette effrayante diff\u00e9rence de buts de -38 et ces huit petits succ\u00e8s \u2013 Reims et Nantes n\u2019ont pas fait mieux, cela dit. Heureusement pour Saint\u00e9 que l\u2019affreux MHSC \u00e9tait l\u00e0 pour faire office de b\u00eate de foire dans les bas-fonds du championnat. Tout cela ne fait pas les affaires de Kilmer Sports, qui devenait il y a pr\u00e8s d\u2019un an jour pour jour propri\u00e9taire \u2013 et unique actionnaire \u2013 du club pour tourner la page Romeyer-Ca\u00efazzo, alors que l\u2019\u00e9curie verte venait de valider son come back en L1 apr\u00e8s deux saisons de purgatoire.<\/p>\n<blockquote>\n<p>Nous croyons en Eirik Horneland.<\/p>\n<\/blockquote>\n<p>Le pr\u00e9sident Ivan Gazidis<\/p>\n<p>Pr\u00e9sent en tribune ce samedi, le pr\u00e9sident Ivan Gazidis, qui incarne ce nouveau projet, a d\u00fb garder la face : \u00ab\u202fAvant le match, j\u2019ai demand\u00e9 aux joueurs et aux supporters de continuer d\u2019y croire, explique le Sud-Africain. On veut que le club redevienne une fiert\u00e9 pour les supporters, mais \u00e7a prend du temps, c\u2019est un gros challenge. [\u2026] Quoi qu\u2019il arrive l\u2019ann\u00e9e prochaine, il faut que l\u2019on revienne en Ligue 1 et que l\u2019on soit comp\u00e9titifs. On veut proposer un football dont les supporters seront fiers. Nous croyons en Eirik Horneland. \u00c9videmment ce n\u2019est pas facile avec une demi-saison, il n\u2019avait pas forc\u00e9ment l\u2019\u00e9quipe qu\u2019il voulait, mais nous allons vraiment travailler pendant l\u2019\u00e9t\u00e9 et nous serons pr\u00eats.\u202f\u00bb Le doigt sur la bouche du buteur Dylan Batubinsika \u2013 comme pour d\u00e9clarer la guerre \u00e0 son propre public \u2013 et les larmes des enfants du club A\u00efmen Moueffek et Louis Mouton resteront les derni\u00e8res images de l\u2019AS Saint-\u00c9tienne en Ligue 1. En attendant la prochaine mont\u00e9e.<\/p>\n<blockquote class=\"twitter-tweet-lazy\">\n<p dir=\"ltr\" lang=\"fr\">\ud83c\udf99\ufe0fLouis Mouton, apr\u00e8s la rel\u00e9gation en Ligue 2 : \u00ab\u00a0Les larmes d\u2019aujourd\u2019hui, j\u2019aurais eu les m\u00eames \u00e0 leur place, en tribune.\u00a0\u00bb <a target=\"_blank\" href=\"https:\/\/t.co\/Qm9MRd57a4\" rel=\"nofollow\">pic.twitter.com\/Qm9MRd57a4<\/a><\/p>\n<p>\u2014 TL7 (@tl7loire) <a target=\"_blank\" href=\"https:\/\/twitter.com\/tl7loire\/status\/1923869703774130291?ref_src=twsrc%5Etfw\" rel=\"nofollow noopener\">May 17, 2025<\/a><\/p>\n<\/blockquote>\n<blockquote class=\"twitter-tweet-lazy\">\n<p dir=\"ltr\" lang=\"fr\">\ud83d\ude25 L\u2019image cruelle de Moueffek qui sort sur blessure pour Saint\u00e9, alors que son club est men\u00e9 2-0\u2026\ud83d\udc9a<a target=\"_blank\" href=\"https:\/\/twitter.com\/hashtag\/ASSETFC?src=hash&amp;ref_src=twsrc%5Etfw\" rel=\"nofollow noopener\">#ASSETFC<\/a> <a target=\"_blank\" href=\"https:\/\/twitter.com\/hashtag\/ASSE?src=hash&amp;ref_src=twsrc%5Etfw\" rel=\"nofollow noopener\">#ASSE<\/a> <a target=\"_blank\" href=\"https:\/\/t.co\/6QmfVvbyxt\" rel=\"nofollow\">pic.twitter.com\/6QmfVvbyxt<\/a><\/p>\n<p>\u2014 Free FOOT (@FreeFoot) <a target=\"_blank\" href=\"https:\/\/twitter.com\/FreeFoot\/status\/1923822095026253940?ref_src=twsrc%5Etfw\" rel=\"nofollow noopener\">May 17, 2025<\/a><\/p>\n<\/blockquote>\n<p>\t\t\t\t\t\t\t\t<script async src=\"https:\/\/platform.twitter.com\/widgets.js\" charset=\"utf-8\"><\/script><\/p>\n","protected":false},"excerpt":{"rendered":"Puisqu\u2019on ne s\u2019imaginait pas forc\u00e9ment que Le Havre irait chercher les trois points \u00e0 la Meinau au bout&hellip;\n","protected":false},"author":2,"featured_media":108179,"comment_status":"","ping_status":"","sticky":false,"template":"","format":"standard","meta":{"footnotes":""},"categories":[9653],"tags":[1111,47,11,61,2430,69,65,64,1777,674,63,1011,27,68,66,12,62,70,25,4001,67],"class_list":{"0":"post-108178","1":"post","2":"type-post","3":"status-publish","4":"format-standard","5":"has-post-thumbnail","7":"category-saint-etienne","8":"tag-actu","9":"tag-actualite","10":"tag-actualites","11":"tag-actus-football","12":"tag-auvergne-rhone-alpes","13":"tag-bundesliga","14":"tag-championnats-europeens","15":"tag-equipe-de-france","16":"tag-eu","17":"tag-europe","18":"tag-football","19":"tag-fr","20":"tag-france","21":"tag-ligua","22":"tag-ligue-1","23":"tag-news","24":"tag-news-foot","25":"tag-premier-league","26":"tag-republique-francaise","27":"tag-saint-etienne","28":"tag-serie-a"},"share_on_mastodon":{"url":"https:\/\/pubeurope.com\/@fr\/114526051559212465","error":""},"_links":{"self":[{"href":"https:\/\/www.europesays.com\/fr\/wp-json\/wp\/v2\/posts\/108178","targetHints":{"allow":["GET"]}}],"collection":[{"href":"https:\/\/www.europesays.com\/fr\/wp-json\/wp\/v2\/posts"}],"about":[{"href":"https:\/\/www.europesays.com\/fr\/wp-json\/wp\/v2\/types\/post"}],"author":[{"embeddable":true,"href":"https:\/\/www.europesays.com\/fr\/wp-json\/wp\/v2\/users\/2"}],"replies":[{"embeddable":true,"href":"https:\/\/www.europesays.com\/fr\/wp-json\/wp\/v2\/comments?post=108178"}],"version-history":[{"count":0,"href":"https:\/\/www.europesays.com\/fr\/wp-json\/wp\/v2\/posts\/108178\/revisions"}],"wp:featuredmedia":[{"embeddable":true,"href":"https:\/\/www.europesays.com\/fr\/wp-json\/wp\/v2\/media\/108179"}],"wp:attachment":[{"href":"https:\/\/www.europesays.com\/fr\/wp-json\/wp\/v2\/media?parent=108178"}],"wp:term":[{"taxonomy":"category","embeddable":true,"href":"https:\/\/www.europesays.com\/fr\/wp-json\/wp\/v2\/categories?post=108178"},{"taxonomy":"post_tag","embeddable":true,"href":"https:\/\/www.europesays.com\/fr\/wp-json\/wp\/v2\/tags?post=108178"}],"curies":[{"name":"wp","href":"https:\/\/api.w.org\/{rel}","templated":true}]}}