{"id":1081839,"date":"2026-07-22T21:47:14","date_gmt":"2026-07-22T21:47:14","guid":{"rendered":"https:\/\/www.europesays.com\/fr\/1081839\/"},"modified":"2026-07-22T21:47:14","modified_gmt":"2026-07-22T21:47:14","slug":"pour-avoir-une-place-en-bac-pro-commerce-il-faudrait-quelle-aille-a-fougeres-ou-saint-aubin-du-cormier","status":"publish","type":"post","link":"https:\/\/www.europesays.com\/fr\/1081839\/","title":{"rendered":"\u00ab\u00a0Pour avoir une place en Bac pro commerce, il faudrait qu\u2019elle aille \u00e0 Foug\u00e8res ou Saint-Aubin-du-Cormier\u00a0\u00bb"},"content":{"rendered":"<p>\n                Article premium,<br \/>\n                    R\u00e9serv\u00e9 aux\u00a0abonn\u00e9s\n            <\/p>\n<p class=\"su-standfirst chapeau\">L\u00e9ana Macquaire, \u00e9l\u00e8ve de 3e au coll\u00e8ge de Saint-Erblon souhaitait s\u2019orienter vers un Bac pro commerce dans l\u2019un des trois lyc\u00e9es rennais qui le proposent. Mais son inscription a \u00e9t\u00e9 refus\u00e9e, faute de places.<\/p>\n<p>                                        <img decoding=\"async\" class=\"su-media\" src=\"https:\/\/www.europesays.com\/fr\/wp-content\/uploads\/2026\/07\/MjAyNjA3YWM5MTQ2MjEzMTQ5NmJjNWRmMDQ5MTE2ZmQ2Y2ZmZTM.webp\" alt=\"L\u00e9ana Macquaire, \u00e9l\u00e8ve au coll\u00e8ge de Saint-Erblon a obtenu son brevet avec mention, mais elle n\u2019a pas obtenu de place en Bac pro \u00e0 Rennes comme une dizaine d\u2019\u00e9l\u00e8ves de son coll\u00e8ge.\"  \/><\/p>\n<p>                            L\u00e9ana Macquaire, \u00e9l\u00e8ve au coll\u00e8ge de Saint-Erblon a obtenu son brevet avec mention, mais elle n\u2019a pas obtenu de place en Bac pro \u00e0 Rennes comme une dizaine d\u2019\u00e9l\u00e8ves de son coll\u00e8ge. | ARCHIVES OUEST-FRANCE<\/p>\n<p>                            fermer<\/p>\n<ul class=\"su-row su-carrousel-container su-not-list\" data-suswipe=\"{\" rambo=\"\" .carrousel-nav-bas=\"\" .item=\"\">\n<li class=\"su-col-xs-6 su-col-md-24 carrousel-contenu su-carrousel-item\" data-ofvwidth=\"{\" mobileonly=\"\"><img decoding=\"async\" data-ofmaxheight=\"\" class=\"su-media lazyload\" alt=\"L\u00e9ana Macquaire, \u00e9l\u00e8ve au coll\u00e8ge de Saint-Erblon a obtenu son brevet avec mention, mais elle n\u2019a pas obtenu de place en Bac pro \u00e0 Rennes comme une dizaine d\u2019\u00e9l\u00e8ves de son coll\u00e8ge.\" src=\"data:image\/png;base64,iVBORw0KGgoAAAANSUhEUgAAABAAAAAJCAYAAAA7KqwyAAAAGXRFWHRTb2Z0d2FyZQBBZG9iZSBJbWFnZVJlYWR5ccllPAAAABhJREFUeNpi\/P\/\/PwMlgHHUgFEDgAAgwAD+lBrvy+NcxAAAAABJRU5ErkJggg==\" data-oflazyload=\"{&quot;srcset&quot;:&quot;https:\/\/media.ouest-france.fr\/v1\/pictures\/MjAyNjA3YWM5MTQ2MjEzMTQ5NmJjNWRmMDQ5MTE2ZmQ2Y2ZmZTM?width=320&amp;focuspoint=50%2C25&amp;cropresize=1&amp;client_id=bpeditorial&amp;sign=8dfb2eb7b80ca9bbf255d80463ec8112bcbef44df7d0dc3b55ce43c23651b385 320w,https:\/\/media.ouest-france.fr\/v1\/pictures\/MjAyNjA3YWM5MTQ2MjEzMTQ5NmJjNWRmMDQ5MTE2ZmQ2Y2ZmZTM?width=375&amp;focuspoint=50%2C25&amp;cropresize=1&amp;client_id=bpeditorial&amp;sign=1dd1b2fb9e0b457f54b92e99ba401dbb6589fdfbd6286925f763f45c1c6b6cb3 360w,https:\/\/media.ouest-france.fr\/v1\/pictures\/MjAyNjA3YWM5MTQ2MjEzMTQ5NmJjNWRmMDQ5MTE2ZmQ2Y2ZmZTM?width=480&amp;focuspoint=50%2C25&amp;cropresize=1&amp;client_id=bpeditorial&amp;sign=ab220f09688f8e9c1f4bd11affb010a4675db594cfb0e72a5695285d474d833a 480w,https:\/\/media.ouest-france.fr\/v1\/pictures\/MjAyNjA3YWM5MTQ2MjEzMTQ5NmJjNWRmMDQ5MTE2ZmQ2Y2ZmZTM?width=630&amp;focuspoint=50%2C25&amp;cropresize=1&amp;client_id=bpeditorial&amp;sign=ed9a32d18d367e448b6e3c59b4e44e40b669ba257b248ab8a11a4c154f7de1b3 630w,https:\/\/media.ouest-france.fr\/v1\/pictures\/MjAyNjA3YWM5MTQ2MjEzMTQ5NmJjNWRmMDQ5MTE2ZmQ2Y2ZmZTM?width=940&amp;focuspoint=50%2C25&amp;cropresize=1&amp;client_id=bpeditorial&amp;sign=b333020155fd4d65f1f764730fdc22b49fc55577bc5f672422e310fccff4c1b0 940w,https:\/\/media.ouest-france.fr\/v1\/pictures\/MjAyNjA3YWM5MTQ2MjEzMTQ5NmJjNWRmMDQ5MTE2ZmQ2Y2ZmZTM?width=1260&amp;focuspoint=50%2C25&amp;cropresize=1&amp;client_id=bpeditorial&amp;sign=f46eab22df1914a81c66b5f698857e80f8c5a1cbeca4e5d36f08715019939be2 1260w&quot;}\"\/>L\u00e9ana Macquaire, \u00e9l\u00e8ve au coll\u00e8ge de Saint-Erblon a obtenu son brevet avec mention, mais elle n\u2019a pas obtenu de place en Bac pro \u00e0 Rennes comme une dizaine d\u2019\u00e9l\u00e8ves de son coll\u00e8ge. | ARCHIVES OUEST-FRANCE<\/li>\n<\/ul>\n<p>Les parents de L\u00e9ana Macquaire sont d\u00e9pit\u00e9s. Leur fille, qui avait \u00e9mis trois choix pour son orientation au lyc\u00e9e, se retrouve sans solution. La jeune fille, \u00e9l\u00e8ve au coll\u00e8ge Saint-Paul de <a href=\"https:\/\/www.ouest-france.fr\/pays-de-la-loire\/saint-erblon-53390\/on-nous-dit-souvent-il-est-super-beau-votre-cimetiere-la-commune-de-saint-erblon-vue-par-son-maire-93727ce4-7b7a-11f1-a705-e1977a1c2ed8\" target=\"_self\" rel=\"nofollow noopener\">Saint-Erblon,<\/a> n\u2019a obtenu de place dans aucun des trois lyc\u00e9es professionnels rennais qui avaient sa pr\u00e9f\u00e9rence pour effectuer un Bac pro commerce\u00a0: les lyc\u00e9es Louis-Guilloux, Br\u00e9quigny et le lyc\u00e9e de La Salle. Le coll\u00e8ge, qui s\u2019occupe de transmettre les dossiers de demande aux lyc\u00e9es, nous a adress\u00e9 les r\u00e9ponses aux demandes de L\u00e9ana, explique son&#8230;<\/p>\n<p style=\"text-align: center; background-color: #dbbe4d; padding-top: 5px; padding-bottom: 5px; font-size: 14px;\"><strong>D\u00e9j\u00e0 abonn\u00e9 ? <\/strong><a data-trkartmonet=\"Identification\" data-trk-sipa=\"{\" blockcategory=\"\" paywall=\"\" href=\"http:\/\/www.ouest-france.fr\/login?redirect=https:\/\/www.ouest-france.fr\/bretagne\/rennes-35000\/pour-avoir-une-place-en-bac-pro-commerce-il-faudrait-quelle-aille-a-fougeres-ou-saint-aubin-du-cormier-39396a2e-7f9b-11f1-9d8e-98fb5a42b8f3\" rel=\"nofollow noopener\" title=\"Se connecter \u00e0 Ouest-France\" class=\"su-link-light\" target=\"_blank\">Connectez-vous<\/a><\/p>\n<p style=\"text-align: center; padding-top: 15px; padding-bottom: 8px; vertical-align: bottom;\">bloqu\u00e9<strong> Pour lire la suite, abonnez-vous<\/strong><\/p>\n<p style=\"text-align: center;\"><strong>1er mois \u00e0 1\u20ac<\/strong><\/p>\n<p style=\"text-align: center; margin-top: -5px;\">Annulable \u00e0 tout moment<\/p>\n<p style=\"text-align: center;\">\u00a0<\/p>\n<p style=\"text-align: center;\"><a data-ida=\"\" data-trkartmonet=\"Tunnel OF+\" data-trk-sipa=\"{&#010;\" blockcategory=\"\" paywall=\"\" :=\"\" m=\"\" of=\"\" class=\"su-button su-subscription\" data-trk-bloc=\"paywall\" href=\"https:\/\/abonnement.ouest-france.fr\/tunnel\/pack-essentiel-article\/122096117101?int_medium=lien&amp;int_campaign=PWFR0225-OF&amp;int_content=page-article-payant_boutonjaune-paywall&amp;marquesource=OF&amp;rt=https:\/\/www.ouest-france.fr\/bretagne\/rennes-35000\/pour-avoir-une-place-en-bac-pro-commerce-il-faudrait-quelle-aille-a-fougeres-ou-saint-aubin-du-cormier-39396a2e-7f9b-11f1-9d8e-98fb5a42b8f3\" rel=\"nofollow noopener\" target=\"_blank\"><strong>Je m&rsquo;abonne<\/strong><\/a><\/p>\n<p style=\"text-align: center; padding-top: 10px; padding-bottom: 10px;\"><img decoding=\"async\" src=\"https:\/\/media.ouest-france.fr\/v1\/fonts\/be7723fcee3f1866f1ce99184077fc6f-carte-bancaire.svg?height=36\" alt=\"CB\"\/>\u00a0\u00a0<img decoding=\"async\" src=\"https:\/\/media.ouest-france.fr\/v1\/fonts\/1819d54c599d8afa64539cfba4ac9dde-rib.svg?height=36\" alt=\"RIB\"\/>\u00a0\u00a0<img decoding=\"async\" src=\"https:\/\/media.ouest-france.fr\/v1\/fonts\/065fc80d7b6a03d14a834c224ce723e1-paypal.svg?height=36\" alt=\"PAYPAL\"\/><\/p>\n","protected":false},"excerpt":{"rendered":"Article premium, R\u00e9serv\u00e9 aux\u00a0abonn\u00e9s L\u00e9ana Macquaire, \u00e9l\u00e8ve de 3e au coll\u00e8ge de Saint-Erblon souhaitait s\u2019orienter vers un Bac&hellip;\n","protected":false},"author":2,"featured_media":1081840,"comment_status":"","ping_status":"","sticky":false,"template":"","format":"standard","meta":{"footnotes":"","_share_on_mastodon":"0"},"categories":[2821],"tags":[1111,11,829,85782,1057,9614,1777,674,1011,27,12,584,25,38436],"class_list":["post-1081839","post","type-post","status-publish","format-standard","has-post-thumbnail","category-rennes","tag-actu","tag-actualites","tag-bretagne","tag-ecole-college-lycee","tag-education","tag-enseignement","tag-eu","tag-europe","tag-fr","tag-france","tag-news","tag-rennes","tag-republique-francaise","tag-saint-erblon"],"share_on_mastodon":{"url":"https:\/\/pubeurope.com\/@fr\/116965831540298495","error":""},"_links":{"self":[{"href":"https:\/\/www.europesays.com\/fr\/wp-json\/wp\/v2\/posts\/1081839","targetHints":{"allow":["GET"]}}],"collection":[{"href":"https:\/\/www.europesays.com\/fr\/wp-json\/wp\/v2\/posts"}],"about":[{"href":"https:\/\/www.europesays.com\/fr\/wp-json\/wp\/v2\/types\/post"}],"author":[{"embeddable":true,"href":"https:\/\/www.europesays.com\/fr\/wp-json\/wp\/v2\/users\/2"}],"replies":[{"embeddable":true,"href":"https:\/\/www.europesays.com\/fr\/wp-json\/wp\/v2\/comments?post=1081839"}],"version-history":[{"count":0,"href":"https:\/\/www.europesays.com\/fr\/wp-json\/wp\/v2\/posts\/1081839\/revisions"}],"wp:featuredmedia":[{"embeddable":true,"href":"https:\/\/www.europesays.com\/fr\/wp-json\/wp\/v2\/media\/1081840"}],"wp:attachment":[{"href":"https:\/\/www.europesays.com\/fr\/wp-json\/wp\/v2\/media?parent=1081839"}],"wp:term":[{"taxonomy":"category","embeddable":true,"href":"https:\/\/www.europesays.com\/fr\/wp-json\/wp\/v2\/categories?post=1081839"},{"taxonomy":"post_tag","embeddable":true,"href":"https:\/\/www.europesays.com\/fr\/wp-json\/wp\/v2\/tags?post=1081839"}],"curies":[{"name":"wp","href":"https:\/\/api.w.org\/{rel}","templated":true}]}}