{"id":108193,"date":"2025-05-18T00:52:18","date_gmt":"2025-05-18T00:52:18","guid":{"rendered":"https:\/\/www.europesays.com\/fr\/108193\/"},"modified":"2025-05-18T00:52:18","modified_gmt":"2025-05-18T00:52:18","slug":"strasbourg-77-ans-apres-lexode-force-des-palestiniens-des-militants-denoncent-le-genocide-en-cours-2","status":"publish","type":"post","link":"https:\/\/www.europesays.com\/fr\/108193\/","title":{"rendered":"Strasbourg. 77 ans apr\u00e8s l\u2019exode forc\u00e9 des Palestiniens, des militants d\u00e9noncent le \u00ab\u00a0g\u00e9nocide en cours\u00a0\u00bb"},"content":{"rendered":"<p>\u00ab\u00a0Le 15\u00a0mai 1948, plus de 750\u00a0000 Palestiniens ont \u00e9t\u00e9 expuls\u00e9s de leurs terres, de leurs villages. Leurs maisons ont \u00e9t\u00e9 d\u00e9truites\u00a0\u00bb, rappelle Herv\u00e9, porte-parole du <a href=\"https:\/\/www.dna.fr\/societe\/2025\/03\/29\/le-collectif-palestine-67-renouvelle-son-soutien-permanent-au-peuple-palestinien\" target=\"_blank\" rel=\"nofollow noopener\">collectif Palestine 67<\/a>.<\/p>\n<p>Soixante-dix-sept ans apr\u00e8s la Nakba, les citoyens qui ont pris part \u00e0 la grande marche comm\u00e9morative craignent que l\u2019histoire se r\u00e9p\u00e8te. \u00ab\u00a0Les destructions intensives et syst\u00e9matiques men\u00e9es par le r\u00e9gime de <a href=\"https:\/\/www.dna.fr\/p\/benjamin-netanyahu\" target=\"_blank\" rel=\"nofollow noopener\">Benjamin Netanyahou<\/a> ont presque <a href=\"https:\/\/www.dna.fr\/defense-guerre-conflit\/2025\/05\/17\/l-armee-israelienne-annonce-avoir-lance-une-intensification-de-son-offensive-militaire-a-gaza\" target=\"_blank\" rel=\"nofollow noopener\">an\u00e9anti la bande de Gaza<\/a> et contraignent deux millions de Palestiniens \u00e0 un nouvel exode forc\u00e9\u00a0\u00bb, d\u00e9nonce l\u2019une des participantes.<\/p>\n<p>\u00ab\u00a0Le gouvernement de Netanyahou est en train de commettre un g\u00e9nocide, en bombardant les Palestiniens et en les faisant mourir de faim\u00a0\u00bb, s\u2019inqui\u00e8te Herv\u00e9. Tandis qu\u2019un autre membre du collectif observe\u00a0: \u00ab\u00a0Cela fait 19 mois que l\u2019arm\u00e9e isra\u00e9lienne pilonne quotidiennement les Palestiniens\u00a0\u00bb.<\/p>\n<p>  \u00ab\u00a0\u00c0 quand les sanctions contre le gouvernement de Netanyahou\u00a0?\u00a0\u00bb<\/p>\n<p>Entre col\u00e8re et \u00e9motion, les manifestants exigent des sanctions imm\u00e9diates contre l\u2019\u00c9tat h\u00e9breu. \u00ab\u00a0Que font les gouvernements europ\u00e9ens\u00a0? On sanctionne la Russie, mais on ne prend aucune mesure contre Isra\u00ebl\u00a0\u00bb, fustige Herv\u00e9.<\/p>\n<p>Tous d\u00e9noncent l\u2019inaction du gouvernement fran\u00e7ais et exhortent <a href=\"https:\/\/www.dna.fr\/p\/emmanuel-macron\" target=\"_blank\" rel=\"nofollow noopener\">Emmanuel Macron<\/a> \u00e0 \u00ab\u00a0arr\u00eater son blabla. Nous voulons des actions\u00a0\u00bb. Ils r\u00e9clament aussi de \u00ab\u00a0permettre l\u2019entr\u00e9e de l\u2019aide humanitaire \u00e0 Gaza en urgence\u00a0\u00bb, la \u00ab\u00a0fin de tout partenariat avec Isra\u00ebl\u00a0\u00bb au profit d\u2019engagements \u00ab\u00a0solidaires avec le peuple palestinien\u00a0\u00bb.<\/p>\n<p>Le cort\u00e8ge d\u2019une quarantaine de personnes a quitt\u00e9 le boulevard Jean-S\u00e9bastien-Bach vers 9\u00a0h\u00a045, direction la place du March\u00e9 \u00e0 Neudorf, le parc Schulmeister \u00e0 la Meinau, le parc du Heyritz, la gare et enfin la place de la Cath\u00e9drale en fin d\u2019apr\u00e8s-midi.<\/p>\n","protected":false},"excerpt":{"rendered":"\u00ab\u00a0Le 15\u00a0mai 1948, plus de 750\u00a0000 Palestiniens ont \u00e9t\u00e9 expuls\u00e9s de leurs terres, de leurs villages. Leurs maisons&hellip;\n","protected":false},"author":2,"featured_media":108194,"comment_status":"","ping_status":"","sticky":false,"template":"","format":"standard","meta":{"footnotes":""},"categories":[2820],"tags":[1111,11,3206,2880,1777,674,274,107,1011,27,775,12,25,640,2879],"class_list":{"0":"post-108193","1":"post","2":"type-post","3":"status-publish","4":"format-standard","5":"has-post-thumbnail","7":"category-strasbourg","8":"tag-actu","9":"tag-actualites","10":"tag-defense-guerre-conflit","11":"tag-edition-strasbourg","12":"tag-eu","13":"tag-europe","14":"tag-faits-divers-justice","15":"tag-fil-info","16":"tag-fr","17":"tag-france","18":"tag-grand-est","19":"tag-news","20":"tag-republique-francaise","21":"tag-strasbourg","22":"tag-strasbourg-ville"},"share_on_mastodon":{"url":"https:\/\/pubeurope.com\/@fr\/114526102710553166","error":""},"_links":{"self":[{"href":"https:\/\/www.europesays.com\/fr\/wp-json\/wp\/v2\/posts\/108193","targetHints":{"allow":["GET"]}}],"collection":[{"href":"https:\/\/www.europesays.com\/fr\/wp-json\/wp\/v2\/posts"}],"about":[{"href":"https:\/\/www.europesays.com\/fr\/wp-json\/wp\/v2\/types\/post"}],"author":[{"embeddable":true,"href":"https:\/\/www.europesays.com\/fr\/wp-json\/wp\/v2\/users\/2"}],"replies":[{"embeddable":true,"href":"https:\/\/www.europesays.com\/fr\/wp-json\/wp\/v2\/comments?post=108193"}],"version-history":[{"count":0,"href":"https:\/\/www.europesays.com\/fr\/wp-json\/wp\/v2\/posts\/108193\/revisions"}],"wp:featuredmedia":[{"embeddable":true,"href":"https:\/\/www.europesays.com\/fr\/wp-json\/wp\/v2\/media\/108194"}],"wp:attachment":[{"href":"https:\/\/www.europesays.com\/fr\/wp-json\/wp\/v2\/media?parent=108193"}],"wp:term":[{"taxonomy":"category","embeddable":true,"href":"https:\/\/www.europesays.com\/fr\/wp-json\/wp\/v2\/categories?post=108193"},{"taxonomy":"post_tag","embeddable":true,"href":"https:\/\/www.europesays.com\/fr\/wp-json\/wp\/v2\/tags?post=108193"}],"curies":[{"name":"wp","href":"https:\/\/api.w.org\/{rel}","templated":true}]}}