{"id":1081982,"date":"2026-07-22T23:29:23","date_gmt":"2026-07-22T23:29:23","guid":{"rendered":"https:\/\/www.europesays.com\/fr\/1081982\/"},"modified":"2026-07-22T23:29:23","modified_gmt":"2026-07-22T23:29:23","slug":"tesla-se-developpe-en-ile-de-france","status":"publish","type":"post","link":"https:\/\/www.europesays.com\/fr\/1081982\/","title":{"rendered":"Tesla se d\u00e9veloppe en \u00cele-de-France"},"content":{"rendered":"<p>Le constructeur am\u00e9ricain ouvre un magasin \u00e9ph\u00e9m\u00e8re dans le centre commercial de Paris-La D\u00e9fense, tandis qu&rsquo;il inaugure \u00e9galement un pop-up store estival au Touquet (62). Ce d\u00e9veloppement s&rsquo;accompagne de l&rsquo;implantation de nouvelles bornes de recharge pr\u00e8s de l&rsquo;a\u00e9roport de Roissy-CDG (95).<\/p>\n<p>Tesla poursuit son d\u00e9veloppement en \u00cele-de-France tout en installant de nouveaux points de recharge. \u00a9Tesla (photo d&rsquo;illustration)<\/p>\n<p>D\u00e9j\u00e0 pr\u00e9sent \u00e0 Paris, dans le quartier de la Madeleine, \u00e0 Saint-Ouen-sur-Seine (93), Chambourcy (78) et Bailly-Romainvilliers (77), <a href=\"https:\/\/journalauto.com\/tag\/tesla\/\" rel=\"nofollow noopener\" target=\"_blank\">Tesla<\/a> renforce sa pr\u00e9sence en r\u00e9gion parisienne avec l&rsquo;ouverture d&rsquo;un centre \u00e9ph\u00e9m\u00e8re dans le centre commercial de La D\u00e9fense, le plus grand centre d&rsquo;affaires d&rsquo;Europe.<\/p>\n<p>\u00a0<\/p>\n<p>En compl\u00e9ment de cette pr\u00e9sence parisienne, Tesla met \u00e0 disposition cinq sites d&rsquo;essais en libre-service. Ce concept, totalement in\u00e9dit en France, permet aux personnes int\u00e9ress\u00e9es de b\u00e9n\u00e9ficier d&rsquo;un essai gratuit de 45 minutes avec acc\u00e8s digital complet au v\u00e9hicule via l&rsquo;application Tesla, sans conseillers sur site, pour une exp\u00e9rience 100 % immersive. Ils sont situ\u00e9s \u00e0 Franconville (95), Le Chesnay (78), Ozoir-la-Ferri\u00e8re (77), Ury (77), pr\u00e8s de Melun, et au point de vente de Bailly-Romainvilliers.<\/p>\n<p>\u00a0<\/p>\n<p>Pr\u00e9sent au Touquet (62)<\/p>\n<p>\u00a0<\/p>\n<p>En parall\u00e8le du site de la D\u00e9fense, Tesla a ouvert \u00e9galement au Touquet-Paris-Plage (62) un pop up estival jusqu&rsquo;au 10 ao\u00fbt 2026. Y sont pr\u00e9sent\u00e9s quatre v\u00e9hicules dont le Model Y en version 7 places.<\/p>\n<p>\u00a0<\/p>\n<p>Enfin, afin d&rsquo;accompagner cette croissance, Tesla a r\u00e9cemment inaugur\u00e9 deux nouveaux sites \u00ab\u00a0Superchargeur\u00a0\u00bb visant \u00e0 augmenter la capacit\u00e9 de recharge disponible \u00e0 proximit\u00e9 de l&rsquo;a\u00e9roport Roissy Charles de Gaulle, en compl\u00e9ment du site d&rsquo;origine ouvert en octobre 2023 dans l&rsquo;enceinte du parking de l&rsquo;h\u00f4tel Hyatt Place qui accueille douze bornes.<\/p>\n<p>\u00a0<\/p>\n<p>\u00a0<\/p>\n<p>En parall\u00e8le, le site d&rsquo;Aulnay-sous-Bois (93), ouvert en mai 2026, inclut 16 bornes. Ces nouveaux \u00e9quipements viennent \u00e9toffer un r\u00e9seau francilien de 26 sites, comprenant 318 superchargeurs actuellement, dont 10 nouveaux sites ouverts en 2026.<\/p>\n<p>Vous devez activer le javacript et la gestion des cookies pour b\u00e9n\u00e9ficier de toutes les fonctionnalit\u00e9s.<\/p>\n","protected":false},"excerpt":{"rendered":"Le constructeur am\u00e9ricain ouvre un magasin \u00e9ph\u00e9m\u00e8re dans le centre commercial de Paris-La D\u00e9fense, tandis qu&rsquo;il inaugure \u00e9galement&hellip;\n","protected":false},"author":2,"featured_media":1081983,"comment_status":"","ping_status":"","sticky":false,"template":"","format":"standard","meta":{"footnotes":"","_share_on_mastodon":"0"},"categories":[1592],"tags":[1111,11,1777,674,1011,27,662,12,626,25,320],"class_list":["post-1081982","post","type-post","status-publish","format-standard","has-post-thumbnail","category-ile-de-france","tag-actu","tag-actualites","tag-eu","tag-europe","tag-fr","tag-france","tag-ile-de-france","tag-news","tag-paris","tag-republique-francaise","tag-tesla"],"share_on_mastodon":{"url":"https:\/\/pubeurope.com\/@fr\/116966232381498722","error":""},"_links":{"self":[{"href":"https:\/\/www.europesays.com\/fr\/wp-json\/wp\/v2\/posts\/1081982","targetHints":{"allow":["GET"]}}],"collection":[{"href":"https:\/\/www.europesays.com\/fr\/wp-json\/wp\/v2\/posts"}],"about":[{"href":"https:\/\/www.europesays.com\/fr\/wp-json\/wp\/v2\/types\/post"}],"author":[{"embeddable":true,"href":"https:\/\/www.europesays.com\/fr\/wp-json\/wp\/v2\/users\/2"}],"replies":[{"embeddable":true,"href":"https:\/\/www.europesays.com\/fr\/wp-json\/wp\/v2\/comments?post=1081982"}],"version-history":[{"count":0,"href":"https:\/\/www.europesays.com\/fr\/wp-json\/wp\/v2\/posts\/1081982\/revisions"}],"wp:featuredmedia":[{"embeddable":true,"href":"https:\/\/www.europesays.com\/fr\/wp-json\/wp\/v2\/media\/1081983"}],"wp:attachment":[{"href":"https:\/\/www.europesays.com\/fr\/wp-json\/wp\/v2\/media?parent=1081982"}],"wp:term":[{"taxonomy":"category","embeddable":true,"href":"https:\/\/www.europesays.com\/fr\/wp-json\/wp\/v2\/categories?post=1081982"},{"taxonomy":"post_tag","embeddable":true,"href":"https:\/\/www.europesays.com\/fr\/wp-json\/wp\/v2\/tags?post=1081982"}],"curies":[{"name":"wp","href":"https:\/\/api.w.org\/{rel}","templated":true}]}}